{"id":170187,"date":"2022-10-18T14:35:00","date_gmt":"2022-10-18T12:35:00","guid":{"rendered":"https:\/\/www.tucomarca.com\/wordpress\/segunda\/?p=170187"},"modified":"2022-10-18T19:34:36","modified_gmt":"2022-10-18T17:34:36","slug":"hector-illueca-presenta-a-ademus-el-registre-municipal-de-solars-i-edificis-a-rehabilitar-per-a-municipis-en-risc-de-despoblacio","status":"publish","type":"post","link":"https:\/\/tucomarca.whitekongsoftware.com\/ca\/hector-illueca-presenta-a-ademus-el-registre-municipal-de-solars-i-edificis-a-rehabilitar-per-a-municipis-en-risc-de-despoblacio\/","title":{"rendered":"H\u00e9ctor Illueca presenta a Adem\u00fas el Registre Municipal de Solars i Edificis a Rehabilitar per a municipis en risc de despoblaci\u00f3"},"content":{"rendered":"\n<h4 class=\"wp-block-heading\"><strong>El vicepresident segon i conseller d&#8217;Habitatge ha assenyalat la import\u00e0ncia del projecte pilot que es dur\u00e0 a terme a la comarca del Rac\u00f3 d&#8217;Adem\u00fas<\/strong><\/h4>\n\n\n\n<h4 class=\"wp-block-heading\"><strong>Tamb\u00e9 ha visitat a Castielfabib l&#8217;actuaci\u00f3 urbana d&#8217;adequaci\u00f3 integral de la Pla\u00e7a de la Vila i els carrers adjacents<\/strong><\/h4>\n\n\n\n<p class=\"wp-block-paragraph\">El vicepresident segon i conseller d&#8217;Habitatge i Arquitectura Bioclim\u00e0tica, H\u00e9ctor Illueca, ha presentat a Adem\u00fas el Registre Municipal de Solars i Edificis a Rehabilitar (RMSER) amb una guia espec\u00edfica per als municipis en risc de despoblaci\u00f3.<\/p>\n\n\n\n<p class=\"wp-block-paragraph\">All\u00ed, acompanyat per la secret\u00e0ria auton\u00f2mica d&#8217;Arquitectura Bioclim\u00e0tica i Sostenibilitat Energ\u00e8tica, Laura Soto, ha presentat a l&#8217;alcalde d&#8217;Adem\u00fas, \u00c1ngel Andr\u00e9s Gonz\u00e1lez i altres representants municipals del Rac\u00f3 d&#8217;Adem\u00fas aquesta guia. Es tracta d&#8217;un projecte pilot que es desenvolupar\u00e0 en coordinaci\u00f3 amb la xarxa d&#8217;oficines Xaloc per a l&#8217;activaci\u00f3 d&#8217;un registre mancomunal d&#8217;edificis a rehabilitar.<\/p>\n\n\n\n<p class=\"wp-block-paragraph\">El vicepresident segon ha destacat que \u201cel registre que presentem \u00e9s un instrument valu\u00f3s que, per la seua dificultat t\u00e8cnica i administrativa, no ha pogut desplegar-se convenientment encara en la Comunitat Valenciana. Ara, amb l&#8217;assist\u00e8ncia de les oficines Xaloc, proporcionarem mitjans materials, fins i tot per als municipis m\u00e9s xicotets, perqu\u00e8 aix\u00f2 siga una eina efectiva de revitalitzaci\u00f3 dels centres hist\u00f2rics\u201d.<\/p>\n\n\n\n<p class=\"wp-block-paragraph\">Aquest registre p\u00fablic est\u00e0 constitu\u00eft per tots aquells immobles, tant solars com edificis, que hagen sigut pr\u00e8viament inclosos en ell per resoluci\u00f3 administrativa dictada per l&#8217;\u00f2rgan municipal competent. En ell s&#8217;inclouen els immobles en r\u00e8gim d&#8217;edificaci\u00f3 o rehabilitaci\u00f3 for\u00e7osa i aquells sobre els quals existisca ordre d&#8217;edificaci\u00f3 o rehabilitaci\u00f3 for\u00e7osa en vigor.<\/p>\n\n\n\n<p class=\"wp-block-paragraph\">En aqueix sentit, el RMSER es converteix en una eina molt \u00fatil per a poder accedir als programes i ajudes disponibles en la Generalitat que estan directament relacionats amb les subvencions a les quals es poden accedir per a poder adequar els edificis i cases.<\/p>\n\n\n\n<p class=\"wp-block-paragraph\">La inclusi\u00f3 en el registre s&#8217;ha d&#8217;efectuar expressant la causa que determina el problema i la descripci\u00f3 de l&#8217;immoble afectat. Al seu torn, el llibre que cont\u00e9 la relaci\u00f3 dels immobles (RMSER) est\u00e0 vinculat amb el formulari de valoraci\u00f3 d&#8217;idone\u00eftat de l&#8217;actuaci\u00f3. Es tracta d&#8217;un impr\u00e9s que serveix per a determinar el nivell de prioritat de les actuacions. De manera que justifica l&#8217;inter\u00e9s general de l&#8217;ajuntament en el moment que es tramita el procediment d&#8217;una execuci\u00f3 for\u00e7osa.<\/p>\n\n\n\n<p class=\"wp-block-paragraph\">Posteriorment, una vegada fet el registre de l&#8217;edifici, habitatge o solar en el *RMSER, haur\u00e0 de notificar-se al registre de la propietat i quedar\u00e0 inscrit, pr\u00e8via presentaci\u00f3 d&#8217;una certificaci\u00f3 administrativa.<\/p>\n\n\n\n<p class=\"wp-block-paragraph\"><strong>Millora integral a Castielfabib<\/strong><\/p>\n\n\n\n<p class=\"wp-block-paragraph\">Pr\u00e8viament, H\u00e9ctor Illueca s&#8217;ha traslladat a un altre dels municipis del Rac\u00f3 d&#8217;Adem\u00fas, Castielfabib, on la Conselleria d&#8217;Habitatge i Arquitectura Bioclim\u00e0tica ha invertit 510.000 euros en l&#8217;actuaci\u00f3 urbana d&#8217;adequaci\u00f3 integral de la Pla\u00e7a de la Vila i carrers adjacents. All\u00ed ha estat acompanyat per l&#8217;alcalde de la localitat, Eduardo Aguilar.<\/p>\n\n\n\n<p class=\"wp-block-paragraph\">Els treballs consisteixen en la renovaci\u00f3 completa de les infraestructures urbanes i la seua urbanitzaci\u00f3, aix\u00ed com la millora de l&#8217;efici\u00e8ncia energ\u00e8tica mitjan\u00e7ant la substituci\u00f3 d&#8217;il\u00b7luminaci\u00f3 LED.<\/p>\n\n\n\n<p class=\"wp-block-paragraph\">L&#8217;\u00e0mbit d&#8217;actuaci\u00f3 de la intervenci\u00f3 \u00e9s la Pla\u00e7a de la Vila i els carrers Del Calicio, Enrique Forn\u00e1s, De la Reixa, Calvari i altres punts (Torrej\u00f3n, Torre Campanario i Torreta).<\/p>\n\n\n\n<p class=\"wp-block-paragraph\">L&#8217;objectiu \u00e9s solucionar els problemes detectats i recuperar l&#8217;espai urb\u00e0 amb una proposta coherent de millora de l&#8217;accessibilitat, amb un disseny integrador i una humanitzaci\u00f3 de l&#8217;espai, fomentant llocs en els quals la igualtat, inclusi\u00f3 i perspectiva de g\u00e8nere tinguen un paper fonamental.<\/p>\n","protected":false},"excerpt":{"rendered":"<div class=\"mh-excerpt\">El vicepresident segon i conseller d&#8217;Habitatge ha assenyalat la import\u00e0ncia del projecte pilot que es dur\u00e0 a terme a la comarca del Rac\u00f3 d&#8217;Adem\u00fas Tamb\u00e9 ha visitat a Castielfabib l&#8217;actuaci\u00f3 urbana d&#8217;adequaci\u00f3 integral de la <a class=\"mh-excerpt-more\" href=\"https:\/\/tucomarca.whitekongsoftware.com\/ca\/hector-illueca-presenta-a-ademus-el-registre-municipal-de-solars-i-edificis-a-rehabilitar-per-a-municipis-en-risc-de-despoblacio\/\" title=\"H\u00e9ctor Illueca presenta a Adem\u00fas el Registre Municipal de Solars i Edificis a Rehabilitar per a municipis en risc de despoblaci\u00f3\">[+] <\/a><\/div>\n","protected":false},"author":1,"featured_media":170185,"comment_status":"open","ping_status":"open","sticky":false,"template":"","format":"standard","meta":{"footnotes":""},"categories":[10890,10926,10925,10898,10948,10894,10904,10947,10896],"tags":[11097,17521,12683],"class_list":["post-170187","post","type-post","status-publish","format-standard","has-post-thumbnail","category-ademus","category-ademus-ca","category-castielfabib-ca","category-ventana-ca","category-infraestructuras-ca","category-la-comarca-ca","category-sin-categorizar-ca","category-politica","category-seccion-ca","tag-ademuz-ca","tag-castielfabib-ca","tag-consell-ca"],"_links":{"self":[{"href":"https:\/\/tucomarca.whitekongsoftware.com\/ca\/wp-json\/wp\/v2\/posts\/170187","targetHints":{"allow":["GET"]}}],"collection":[{"href":"https:\/\/tucomarca.whitekongsoftware.com\/ca\/wp-json\/wp\/v2\/posts"}],"about":[{"href":"https:\/\/tucomarca.whitekongsoftware.com\/ca\/wp-json\/wp\/v2\/types\/post"}],"author":[{"embeddable":true,"href":"https:\/\/tucomarca.whitekongsoftware.com\/ca\/wp-json\/wp\/v2\/users\/1"}],"replies":[{"embeddable":true,"href":"https:\/\/tucomarca.whitekongsoftware.com\/ca\/wp-json\/wp\/v2\/comments?post=170187"}],"version-history":[{"count":0,"href":"https:\/\/tucomarca.whitekongsoftware.com\/ca\/wp-json\/wp\/v2\/posts\/170187\/revisions"}],"wp:featuredmedia":[{"embeddable":true,"href":"https:\/\/tucomarca.whitekongsoftware.com\/ca\/wp-json\/wp\/v2\/media\/170185"}],"wp:attachment":[{"href":"https:\/\/tucomarca.whitekongsoftware.com\/ca\/wp-json\/wp\/v2\/media?parent=170187"}],"wp:term":[{"taxonomy":"category","embeddable":true,"href":"https:\/\/tucomarca.whitekongsoftware.com\/ca\/wp-json\/wp\/v2\/categories?post=170187"},{"taxonomy":"post_tag","embeddable":true,"href":"https:\/\/tucomarca.whitekongsoftware.com\/ca\/wp-json\/wp\/v2\/tags?post=170187"}],"curies":[{"name":"wp","href":"https:\/\/api.w.org\/{rel}","templated":true}]}}