{"id":170176,"date":"2022-10-18T14:30:00","date_gmt":"2022-10-18T12:30:00","guid":{"rendered":"https:\/\/www.tucomarca.com\/wordpress\/segunda\/?p=170176"},"modified":"2022-10-18T15:21:35","modified_gmt":"2022-10-18T13:21:35","slug":"turisme-comunitat-valenciana-destina-60-000-euros-per-a-la-promocio-turistica-de-bunyol","status":"publish","type":"post","link":"https:\/\/tucomarca.whitekongsoftware.com\/ca\/turisme-comunitat-valenciana-destina-60-000-euros-per-a-la-promocio-turistica-de-bunyol\/","title":{"rendered":"Turisme Comunitat Valenciana destina 60.000 euros per a la promoci\u00f3 tur\u00edstica de Bunyol"},"content":{"rendered":"\n<h4 class=\"wp-block-heading\">El secretari auton\u00f2mic de Turisme ha signat aquest dimarts amb l&#8217;alcaldessa de la localitat, Juncal Carrascosa, l&#8217;acord de col\u00b7laboraci\u00f3<\/h4>\n\n\n\n<figure class=\"wp-block-gallery has-nested-images columns-default is-cropped wp-block-gallery-1 is-layout-flex wp-block-gallery-is-layout-flex\">\n<figure class=\"wp-block-image size-full\"><img loading=\"lazy\" decoding=\"async\" width=\"886\" height=\"665\" data-id=\"170167\" src=\"http:\/\/www.tucomarca.com\/wordpress\/segunda\/wp-content\/uploads\/2022\/10\/BunolColomerFirma.jpg\" alt=\"\" class=\"wp-image-170167\" srcset=\"https:\/\/tucomarca.whitekongsoftware.com\/wp-content\/uploads\/2022\/10\/BunolColomerFirma.jpg 886w, https:\/\/tucomarca.whitekongsoftware.com\/wp-content\/uploads\/2022\/10\/BunolColomerFirma-300x225.jpg 300w, https:\/\/tucomarca.whitekongsoftware.com\/wp-content\/uploads\/2022\/10\/BunolColomerFirma-768x576.jpg 768w, https:\/\/tucomarca.whitekongsoftware.com\/wp-content\/uploads\/2022\/10\/BunolColomerFirma-678x509.jpg 678w, https:\/\/tucomarca.whitekongsoftware.com\/wp-content\/uploads\/2022\/10\/BunolColomerFirma-326x245.jpg 326w, https:\/\/tucomarca.whitekongsoftware.com\/wp-content\/uploads\/2022\/10\/BunolColomerFirma-80x60.jpg 80w\" sizes=\"auto, (max-width: 886px) 100vw, 886px\" \/><\/figure>\n\n\n\n<figure class=\"wp-block-image size-full\"><img loading=\"lazy\" decoding=\"async\" width=\"886\" height=\"665\" data-id=\"170173\" src=\"http:\/\/www.tucomarca.com\/wordpress\/segunda\/wp-content\/uploads\/2022\/10\/colomerFirma4.jpg\" alt=\"\" class=\"wp-image-170173\" srcset=\"https:\/\/tucomarca.whitekongsoftware.com\/wp-content\/uploads\/2022\/10\/colomerFirma4.jpg 886w, https:\/\/tucomarca.whitekongsoftware.com\/wp-content\/uploads\/2022\/10\/colomerFirma4-300x225.jpg 300w, https:\/\/tucomarca.whitekongsoftware.com\/wp-content\/uploads\/2022\/10\/colomerFirma4-768x576.jpg 768w, https:\/\/tucomarca.whitekongsoftware.com\/wp-content\/uploads\/2022\/10\/colomerFirma4-678x509.jpg 678w, https:\/\/tucomarca.whitekongsoftware.com\/wp-content\/uploads\/2022\/10\/colomerFirma4-326x245.jpg 326w, https:\/\/tucomarca.whitekongsoftware.com\/wp-content\/uploads\/2022\/10\/colomerFirma4-80x60.jpg 80w\" sizes=\"auto, (max-width: 886px) 100vw, 886px\" \/><\/figure>\n<\/figure>\n\n\n\n<p class=\"wp-block-paragraph\">L&#8217;objectiu \u00e9s refor\u00e7ar la promoci\u00f3 de la seua principal festa, la Tomatina, aix\u00ed com millorar el seu posicionament com a destinaci\u00f3 tur\u00edstica musical<br>Turisme Comunitat Valenciana destina 60.000 euros a l&#8217;Ajuntament de Bunyol a trav\u00e9s d&#8217;un conveni de col\u00b7laboraci\u00f3, per a refor\u00e7ar les accions de promoci\u00f3 del producte tur\u00edstic del dest\u00ed.<\/p>\n\n\n\n<p class=\"wp-block-paragraph\">L&#8217;acord ha sigut signat aquest dimarts en el propi municipi, pel secretari auton\u00f2mic de Turisme, Francesc Colomer i l&#8217;alcaldessa de la localitat, Juncal Carrascosa.<\/p>\n\n\n\n<p class=\"wp-block-paragraph\">Per al titular de Turisme, \u201c\u00e9s un honor reeditar aquesta alian\u00e7a amb Bunyol\u201d, un dest\u00ed que al seu judici \u201cest\u00e0 carregat d&#8217;idees, de projectes i de capacitat de convocat\u00f2ria d&#8217;esdeveniments, com la Tomatina i els esdeveniments musicals, que s&#8217;expressen d&#8217;una manera \u00fanica i singular en aquest dest\u00ed\u201d.<\/p>\n\n\n\n<p class=\"wp-block-paragraph\">En aquest sentit, Colomer ha destacat l&#8217;\u00e8xit de la passada edici\u00f3 de la Tomatina, declarada Festa d&#8217;Inter\u00e9s Tur\u00edstic Internacional, que \u201csempre ha captat l&#8217;atenci\u00f3 de mercats llunyans per la seua capacitat de fascinar, i que l&#8217;agost passat es va celebrar amb un nivell de dignitat sorprenent\u201d.<\/p>\n\n\n\n<p class=\"wp-block-paragraph\">El secretari auton\u00f2mic ha ressaltat la coincid\u00e8ncia en el relat tur\u00edstic de tots dos organismes, al mateix temps que ha agra\u00eft a la corporaci\u00f3 municipal el seu treball per impulsar la promoci\u00f3 i el desenvolupament tur\u00edstic de Bunyol, \u201csom ac\u00ed per a sumar i per a servir a aquesta ciutat\u201d, ha afegit.<\/p>\n\n\n\n<p class=\"wp-block-paragraph\">Cal assenyalar que aquest conveni t\u00e9 entre els seus objectius la desestacionalitzaci\u00f3 a trav\u00e9s del desenvolupament de nous productes tur\u00edstics, complementaris i compatibles amb el producte tur\u00edstic actual, i que s&#8217;orienten a la captaci\u00f3 de nous segments de demanda.<\/p>\n\n\n\n<p class=\"wp-block-paragraph\">En concret, a trav\u00e9s d&#8217;aquest acord, Turisme Comunitat Valenciana i l&#8217;Ajuntament de Bunyol estableixen actuacions dirigides a promocionar les seues festes, com la Tomatina, aix\u00ed com esdeveniments i esdeveniments gratu\u00efts amb la m\u00fasica com a eix principal, com ara la Biennal de M\u00fasica i el concert M\u00e0 a m\u00e0, que situen a Bunyol com a destinaci\u00f3 tur\u00edstica musical.<\/p>\n\n\n\n<p class=\"wp-block-paragraph\"><strong>M\u00e9s de 261.000 euros en els \u00faltims dos anys<\/strong><\/p>\n\n\n\n<p class=\"wp-block-paragraph\">Finalment destacar que Turisme Comunitat Valenciana ha destinat a Bunyol m\u00e9s de 155.000 euros durant aquest any 2022, aix\u00ed als 60.000 euros del citat conveni se sumen prop de 64.000 euros en forma d&#8217;ajudes que Turisme ha injectat a les empreses tur\u00edstiques locals; a m\u00e9s de 22.000 euros dirigits al programa Bono Viaje per a estades a Bunyol i altres m\u00e9s de 9.400 euros del Fons de Cooperaci\u00f3 de Municipi Tur\u00edstic.<\/p>\n\n\n\n<p class=\"wp-block-paragraph\">En 2021, la inversi\u00f3 de Turisme Comunitat Valenciana al dest\u00ed de Bunyol va ascendir a 106.047 euros. En el conjunt dels dos \u00faltims anys, la quantitat total destinada al municipi s&#8217;eleva a m\u00e9s de 261.000 euros.<\/p>\n","protected":false},"excerpt":{"rendered":"<div class=\"mh-excerpt\">El secretari auton\u00f2mic de Turisme ha signat aquest dimarts amb l&#8217;alcaldessa de la localitat, Juncal Carrascosa, l&#8217;acord de col\u00b7laboraci\u00f3 L&#8217;objectiu \u00e9s refor\u00e7ar la promoci\u00f3 de la seua principal festa, la Tomatina, aix\u00ed com millorar el <a class=\"mh-excerpt-more\" href=\"https:\/\/tucomarca.whitekongsoftware.com\/ca\/turisme-comunitat-valenciana-destina-60-000-euros-per-a-la-promocio-turistica-de-bunyol\/\" title=\"Turisme Comunitat Valenciana destina 60.000 euros per a la promoci\u00f3 tur\u00edstica de Bunyol\">[+] <\/a><\/div>\n","protected":false},"author":12,"featured_media":170170,"comment_status":"open","ping_status":"open","sticky":false,"template":"","format":"gallery","meta":{"footnotes":""},"categories":[10911,11005,10898,10948,10894,10912,11007,10947,10896],"tags":[10913,10914,13032,12384],"class_list":["post-170176","post","type-post","status-publish","format-gallery","has-post-thumbnail","category-bunol-ca","category-canal-musica","category-ventana-ca","category-infraestructuras-ca","category-la-comarca-ca","category-la-hoya-ca","category-ocio-y-cultura-ca","category-politica","category-seccion-ca","tag-bunol-ca","tag-la-hoya-de-bunol-chiva-ca","tag-promocion-turistica-ca","tag-turisme-comunitat-valenciana-ca","post_format-post-format-gallery"],"_links":{"self":[{"href":"https:\/\/tucomarca.whitekongsoftware.com\/ca\/wp-json\/wp\/v2\/posts\/170176","targetHints":{"allow":["GET"]}}],"collection":[{"href":"https:\/\/tucomarca.whitekongsoftware.com\/ca\/wp-json\/wp\/v2\/posts"}],"about":[{"href":"https:\/\/tucomarca.whitekongsoftware.com\/ca\/wp-json\/wp\/v2\/types\/post"}],"author":[{"embeddable":true,"href":"https:\/\/tucomarca.whitekongsoftware.com\/ca\/wp-json\/wp\/v2\/users\/12"}],"replies":[{"embeddable":true,"href":"https:\/\/tucomarca.whitekongsoftware.com\/ca\/wp-json\/wp\/v2\/comments?post=170176"}],"version-history":[{"count":0,"href":"https:\/\/tucomarca.whitekongsoftware.com\/ca\/wp-json\/wp\/v2\/posts\/170176\/revisions"}],"wp:featuredmedia":[{"embeddable":true,"href":"https:\/\/tucomarca.whitekongsoftware.com\/ca\/wp-json\/wp\/v2\/media\/170170"}],"wp:attachment":[{"href":"https:\/\/tucomarca.whitekongsoftware.com\/ca\/wp-json\/wp\/v2\/media?parent=170176"}],"wp:term":[{"taxonomy":"category","embeddable":true,"href":"https:\/\/tucomarca.whitekongsoftware.com\/ca\/wp-json\/wp\/v2\/categories?post=170176"},{"taxonomy":"post_tag","embeddable":true,"href":"https:\/\/tucomarca.whitekongsoftware.com\/ca\/wp-json\/wp\/v2\/tags?post=170176"}],"curies":[{"name":"wp","href":"https:\/\/api.w.org\/{rel}","templated":true}]}}