{"id":170039,"date":"2022-10-17T14:00:00","date_gmt":"2022-10-17T12:00:00","guid":{"rendered":"https:\/\/www.tucomarca.com\/wordpress\/segunda\/?p=170039"},"modified":"2022-10-17T21:43:11","modified_gmt":"2022-10-17T19:43:11","slug":"el-dia-de-la-flor-de-la-verema-2022-comenca-amb-un-homenatge-a-genoves-i-conclou-amb-la-tradicional-entra-de-bous-i-cavalls","status":"publish","type":"post","link":"https:\/\/tucomarca.whitekongsoftware.com\/ca\/el-dia-de-la-flor-de-la-verema-2022-comenca-amb-un-homenatge-a-genoves-i-conclou-amb-la-tradicional-entra-de-bous-i-cavalls\/","title":{"rendered":"El dia de la Flor de la Verema 2022 comen\u00e7a amb un homenatge a Genov\u00e9s i conclou amb la tradicional entr\u00e1 de bous i cavalls"},"content":{"rendered":"\n<p class=\"wp-block-paragraph\">Ahir, diumenge 16 d&#8217;octubre, va tindre lloc la celebraci\u00f3 del Dia de la Flor, que va omplir de clavells, mantons i ombrel\u00b7les el carrer Xiva. Pr\u00e8viament, el front\u00f3 Bar\u00f3 de Xest va acollir la ja tradicional partida de pilota valenciana que es realitza coincidint amb les festes de la Verema.<br>Partida de pilota i homenatge a Genov\u00e9s<br>La partida de pilota va enfrontar a Pere Roc II i Alexandre de Paterna contra De la Vega i Adri\u00e1n II i va comen\u00e7ar amb un acte d&#8217;homenatge a Adri\u00e1n Genov\u00e9s, al qual el regidor d&#8217;Esports, Francisco Llorens, va dedicar unes paraules. \u201cTots els anys que has estat venint a representar a l&#8217;Ajuntament de Xest ha sigut un orgull. Evidentment aquest \u00e9s un homenatge molt merescut perqu\u00e8 any rere any has estat amb nosaltres donant el millor de tu\u201d, declarava el regidor, arrancant l&#8217;aplaudiment del p\u00fablic. \u201cEl segon agra\u00efment de hui \u00e9s per a \u00c1ngel Tar\u00edn, \u201cel Rus\u201d, sense l&#8217;ajuda del qual no hagueren tirat avant els esdeveniments de pilota que s&#8217;han anat realitzant\u201d.<br>Jos\u00e9 Mar\u00eda Le\u00f3n, Home Bo de la partida, va ser l&#8217;encarregat de donar-li una placa a l&#8217;homenatjat Genov\u00e9s; mentre que el regidor li va fer lliurament d&#8217;un obsequi en reconeixement de la seua labor i carrera. La trobada, que va abarrotar la graderia del Front\u00f3 Bar\u00f3 de Xest, amb prop de cent espectadors, va concloure amb la vict\u00f2ria dels jugadors amb samarreta roja, Pere Roc II i Alexandre de Paterna, amb un tanteig de 41 a 40, despr\u00e9s d&#8217;un joc marcat per l&#8217;emoci\u00f3 fins al punt decisiu.<br>Dia de la Flor<br>Despr\u00e9s de la partida de pilota donava principi l&#8217;habitual cercavila del Dia de la Flor. La Reina de la Verema, Marta Ruiz Mart\u00ednez, i la seua Cort d&#8217;Honor van desfilar pel carrer Xiva fins a arribar a la porta lateral de l&#8217;ajuntament, on van omplir les seues cistelles de clavells per a repartir-los entre els ve\u00efns del poble.<br>A l&#8217;acte es van sumar representants de la corporaci\u00f3 municipal i la Banda la Lira, que va acompanyar als xics i xiques de la Verema durant tota la cercavila. Una vegada finalitzat el repartiment de flors, els i les joves de la Verema, acompanyats aquesta vegada pels cavalls que m\u00e9s tard protagonitzarien la entr\u00e1, van rec\u00f3rrer per \u00faltima vegada el carrer Xiva abans de deixar passe a la entr\u00e1. A la vesprada van continuar els actes taurins, amb bous i vaquillas en la pla\u00e7a i l&#8217;eixida de bous pel carrer Xiva.<\/p>\n\n\n\n<figure class=\"wp-block-gallery has-nested-images columns-default is-cropped wp-block-gallery-1 is-layout-flex wp-block-gallery-is-layout-flex\">\n<figure class=\"wp-block-image size-large\"><img loading=\"lazy\" decoding=\"async\" width=\"886\" height=\"591\" data-id=\"170009\" src=\"http:\/\/www.tucomarca.com\/wordpress\/segunda\/wp-content\/uploads\/2022\/10\/Cheste2022_PartidaPelotaFiestas_2.jpg\" alt=\"\" class=\"wp-image-170009\" srcset=\"https:\/\/tucomarca.whitekongsoftware.com\/wp-content\/uploads\/2022\/10\/Cheste2022_PartidaPelotaFiestas_2.jpg 886w, https:\/\/tucomarca.whitekongsoftware.com\/wp-content\/uploads\/2022\/10\/Cheste2022_PartidaPelotaFiestas_2-300x200.jpg 300w, https:\/\/tucomarca.whitekongsoftware.com\/wp-content\/uploads\/2022\/10\/Cheste2022_PartidaPelotaFiestas_2-768x512.jpg 768w\" sizes=\"auto, (max-width: 886px) 100vw, 886px\" \/><\/figure>\n\n\n\n<figure class=\"wp-block-image size-large\"><img loading=\"lazy\" decoding=\"async\" width=\"886\" height=\"591\" data-id=\"170023\" src=\"http:\/\/www.tucomarca.com\/wordpress\/segunda\/wp-content\/uploads\/2022\/10\/Cheste2022_PartidaPelotaFiestas_4.jpg\" alt=\"\" class=\"wp-image-170023\" srcset=\"https:\/\/tucomarca.whitekongsoftware.com\/wp-content\/uploads\/2022\/10\/Cheste2022_PartidaPelotaFiestas_4.jpg 886w, https:\/\/tucomarca.whitekongsoftware.com\/wp-content\/uploads\/2022\/10\/Cheste2022_PartidaPelotaFiestas_4-300x200.jpg 300w, https:\/\/tucomarca.whitekongsoftware.com\/wp-content\/uploads\/2022\/10\/Cheste2022_PartidaPelotaFiestas_4-768x512.jpg 768w\" sizes=\"auto, (max-width: 886px) 100vw, 886px\" \/><\/figure>\n\n\n\n<figure class=\"wp-block-image size-large\"><img loading=\"lazy\" decoding=\"async\" width=\"886\" height=\"591\" data-id=\"170011\" src=\"http:\/\/www.tucomarca.com\/wordpress\/segunda\/wp-content\/uploads\/2022\/10\/Cheste2022_PartidaPelotaFiestas_3.jpg\" alt=\"\" class=\"wp-image-170011\" srcset=\"https:\/\/tucomarca.whitekongsoftware.com\/wp-content\/uploads\/2022\/10\/Cheste2022_PartidaPelotaFiestas_3.jpg 886w, https:\/\/tucomarca.whitekongsoftware.com\/wp-content\/uploads\/2022\/10\/Cheste2022_PartidaPelotaFiestas_3-300x200.jpg 300w, https:\/\/tucomarca.whitekongsoftware.com\/wp-content\/uploads\/2022\/10\/Cheste2022_PartidaPelotaFiestas_3-768x512.jpg 768w\" sizes=\"auto, (max-width: 886px) 100vw, 886px\" \/><\/figure>\n\n\n\n<figure class=\"wp-block-image size-large\"><img loading=\"lazy\" decoding=\"async\" width=\"886\" height=\"591\" data-id=\"170003\" src=\"http:\/\/www.tucomarca.com\/wordpress\/segunda\/wp-content\/uploads\/2022\/10\/Cheste2022_DiadelaFlor_1.jpg\" alt=\"\" class=\"wp-image-170003\" srcset=\"https:\/\/tucomarca.whitekongsoftware.com\/wp-content\/uploads\/2022\/10\/Cheste2022_DiadelaFlor_1.jpg 886w, https:\/\/tucomarca.whitekongsoftware.com\/wp-content\/uploads\/2022\/10\/Cheste2022_DiadelaFlor_1-300x200.jpg 300w, https:\/\/tucomarca.whitekongsoftware.com\/wp-content\/uploads\/2022\/10\/Cheste2022_DiadelaFlor_1-768x512.jpg 768w\" sizes=\"auto, (max-width: 886px) 100vw, 886px\" \/><\/figure>\n\n\n\n<figure class=\"wp-block-image size-large\"><img loading=\"lazy\" decoding=\"async\" width=\"886\" height=\"591\" data-id=\"170015\" src=\"http:\/\/www.tucomarca.com\/wordpress\/segunda\/wp-content\/uploads\/2022\/10\/Cheste2022_DiadelaFlor_4.jpg\" alt=\"\" class=\"wp-image-170015\" srcset=\"https:\/\/tucomarca.whitekongsoftware.com\/wp-content\/uploads\/2022\/10\/Cheste2022_DiadelaFlor_4.jpg 886w, https:\/\/tucomarca.whitekongsoftware.com\/wp-content\/uploads\/2022\/10\/Cheste2022_DiadelaFlor_4-300x200.jpg 300w, https:\/\/tucomarca.whitekongsoftware.com\/wp-content\/uploads\/2022\/10\/Cheste2022_DiadelaFlor_4-768x512.jpg 768w\" sizes=\"auto, (max-width: 886px) 100vw, 886px\" \/><\/figure>\n\n\n\n<figure class=\"wp-block-image size-large\"><img loading=\"lazy\" decoding=\"async\" width=\"886\" height=\"591\" data-id=\"170013\" src=\"http:\/\/www.tucomarca.com\/wordpress\/segunda\/wp-content\/uploads\/2022\/10\/Cheste2022_DiadelaFlor_3.jpg\" alt=\"\" class=\"wp-image-170013\" srcset=\"https:\/\/tucomarca.whitekongsoftware.com\/wp-content\/uploads\/2022\/10\/Cheste2022_DiadelaFlor_3.jpg 886w, https:\/\/tucomarca.whitekongsoftware.com\/wp-content\/uploads\/2022\/10\/Cheste2022_DiadelaFlor_3-300x200.jpg 300w, https:\/\/tucomarca.whitekongsoftware.com\/wp-content\/uploads\/2022\/10\/Cheste2022_DiadelaFlor_3-768x512.jpg 768w\" sizes=\"auto, (max-width: 886px) 100vw, 886px\" \/><\/figure>\n\n\n\n<figure class=\"wp-block-image size-large\"><img loading=\"lazy\" decoding=\"async\" width=\"886\" height=\"591\" data-id=\"170025\" src=\"http:\/\/www.tucomarca.com\/wordpress\/segunda\/wp-content\/uploads\/2022\/10\/Cheste2022_DiadelaFlor_2.jpg\" alt=\"\" class=\"wp-image-170025\" srcset=\"https:\/\/tucomarca.whitekongsoftware.com\/wp-content\/uploads\/2022\/10\/Cheste2022_DiadelaFlor_2.jpg 886w, https:\/\/tucomarca.whitekongsoftware.com\/wp-content\/uploads\/2022\/10\/Cheste2022_DiadelaFlor_2-300x200.jpg 300w, https:\/\/tucomarca.whitekongsoftware.com\/wp-content\/uploads\/2022\/10\/Cheste2022_DiadelaFlor_2-768x512.jpg 768w\" sizes=\"auto, (max-width: 886px) 100vw, 886px\" \/><\/figure>\n\n\n\n<figure class=\"wp-block-image size-large\"><img loading=\"lazy\" decoding=\"async\" width=\"886\" height=\"591\" data-id=\"170005\" src=\"http:\/\/www.tucomarca.com\/wordpress\/segunda\/wp-content\/uploads\/2022\/10\/Cheste2022_DiadelaFlor_8.jpg\" alt=\"\" class=\"wp-image-170005\" srcset=\"https:\/\/tucomarca.whitekongsoftware.com\/wp-content\/uploads\/2022\/10\/Cheste2022_DiadelaFlor_8.jpg 886w, https:\/\/tucomarca.whitekongsoftware.com\/wp-content\/uploads\/2022\/10\/Cheste2022_DiadelaFlor_8-300x200.jpg 300w, https:\/\/tucomarca.whitekongsoftware.com\/wp-content\/uploads\/2022\/10\/Cheste2022_DiadelaFlor_8-768x512.jpg 768w\" sizes=\"auto, (max-width: 886px) 100vw, 886px\" \/><\/figure>\n\n\n\n<figure class=\"wp-block-image size-large\"><img loading=\"lazy\" decoding=\"async\" width=\"886\" height=\"591\" data-id=\"170017\" src=\"http:\/\/www.tucomarca.com\/wordpress\/segunda\/wp-content\/uploads\/2022\/10\/Cheste2022_DiadelaFlor_5.jpg\" alt=\"\" class=\"wp-image-170017\" srcset=\"https:\/\/tucomarca.whitekongsoftware.com\/wp-content\/uploads\/2022\/10\/Cheste2022_DiadelaFlor_5.jpg 886w, https:\/\/tucomarca.whitekongsoftware.com\/wp-content\/uploads\/2022\/10\/Cheste2022_DiadelaFlor_5-300x200.jpg 300w, https:\/\/tucomarca.whitekongsoftware.com\/wp-content\/uploads\/2022\/10\/Cheste2022_DiadelaFlor_5-768x512.jpg 768w\" sizes=\"auto, (max-width: 886px) 100vw, 886px\" \/><\/figure>\n\n\n\n<figure class=\"wp-block-image size-large\"><img loading=\"lazy\" decoding=\"async\" width=\"886\" height=\"591\" data-id=\"170019\" src=\"http:\/\/www.tucomarca.com\/wordpress\/segunda\/wp-content\/uploads\/2022\/10\/Cheste2022_DiadelaFlor_6.jpg\" alt=\"\" class=\"wp-image-170019\" srcset=\"https:\/\/tucomarca.whitekongsoftware.com\/wp-content\/uploads\/2022\/10\/Cheste2022_DiadelaFlor_6.jpg 886w, https:\/\/tucomarca.whitekongsoftware.com\/wp-content\/uploads\/2022\/10\/Cheste2022_DiadelaFlor_6-300x200.jpg 300w, https:\/\/tucomarca.whitekongsoftware.com\/wp-content\/uploads\/2022\/10\/Cheste2022_DiadelaFlor_6-768x512.jpg 768w\" sizes=\"auto, (max-width: 886px) 100vw, 886px\" \/><\/figure>\n\n\n\n<figure class=\"wp-block-image size-large\"><img loading=\"lazy\" decoding=\"async\" width=\"886\" height=\"591\" data-id=\"170021\" src=\"http:\/\/www.tucomarca.com\/wordpress\/segunda\/wp-content\/uploads\/2022\/10\/Cheste2022_DiadelaFlor_7.jpg\" alt=\"\" class=\"wp-image-170021\" srcset=\"https:\/\/tucomarca.whitekongsoftware.com\/wp-content\/uploads\/2022\/10\/Cheste2022_DiadelaFlor_7.jpg 886w, https:\/\/tucomarca.whitekongsoftware.com\/wp-content\/uploads\/2022\/10\/Cheste2022_DiadelaFlor_7-300x200.jpg 300w, https:\/\/tucomarca.whitekongsoftware.com\/wp-content\/uploads\/2022\/10\/Cheste2022_DiadelaFlor_7-768x512.jpg 768w\" sizes=\"auto, (max-width: 886px) 100vw, 886px\" \/><\/figure>\n<\/figure>\n","protected":false},"excerpt":{"rendered":"<div class=\"mh-excerpt\">Ahir, diumenge 16 d&#8217;octubre, va tindre lloc la celebraci\u00f3 del Dia de la Flor, que va omplir de clavells, mantons i ombrel\u00b7les el carrer Xiva. Pr\u00e8viament, el front\u00f3 Bar\u00f3 de Xest va acollir la ja <a class=\"mh-excerpt-more\" href=\"https:\/\/tucomarca.whitekongsoftware.com\/ca\/el-dia-de-la-flor-de-la-verema-2022-comenca-amb-un-homenatge-a-genoves-i-conclou-amb-la-tradicional-entra-de-bous-i-cavalls\/\" title=\"El dia de la Flor de la Verema 2022 comen\u00e7a amb un homenatge a Genov\u00e9s i conclou amb la tradicional entr\u00e1 de bous i cavalls\">[+] <\/a><\/div>\n","protected":false},"author":12,"featured_media":170008,"comment_status":"open","ping_status":"open","sticky":false,"template":"","format":"gallery","meta":{"footnotes":""},"categories":[11003,10898,10894,10912,11004,11007,11008,11009,10896,10974],"tags":[11071,18056,17642,10914],"class_list":["post-170039","post","type-post","status-publish","format-gallery","has-post-thumbnail","category-sports","category-ventana-ca","category-la-comarca-ca","category-la-hoya-ca","category-la-semana-en-imagenes-ca","category-ocio-y-cultura-ca","category-pueblos-en-fiestas-ca","category-polideportivo-ca","category-seccion-ca","category-cheste-ca","tag-cheste","tag-dia-de-la-flor-ca","tag-fiestas-de-la-vendimia-2022-ca","tag-la-hoya-de-bunol-chiva-ca","post_format-post-format-gallery"],"_links":{"self":[{"href":"https:\/\/tucomarca.whitekongsoftware.com\/ca\/wp-json\/wp\/v2\/posts\/170039","targetHints":{"allow":["GET"]}}],"collection":[{"href":"https:\/\/tucomarca.whitekongsoftware.com\/ca\/wp-json\/wp\/v2\/posts"}],"about":[{"href":"https:\/\/tucomarca.whitekongsoftware.com\/ca\/wp-json\/wp\/v2\/types\/post"}],"author":[{"embeddable":true,"href":"https:\/\/tucomarca.whitekongsoftware.com\/ca\/wp-json\/wp\/v2\/users\/12"}],"replies":[{"embeddable":true,"href":"https:\/\/tucomarca.whitekongsoftware.com\/ca\/wp-json\/wp\/v2\/comments?post=170039"}],"version-history":[{"count":0,"href":"https:\/\/tucomarca.whitekongsoftware.com\/ca\/wp-json\/wp\/v2\/posts\/170039\/revisions"}],"wp:featuredmedia":[{"embeddable":true,"href":"https:\/\/tucomarca.whitekongsoftware.com\/ca\/wp-json\/wp\/v2\/media\/170008"}],"wp:attachment":[{"href":"https:\/\/tucomarca.whitekongsoftware.com\/ca\/wp-json\/wp\/v2\/media?parent=170039"}],"wp:term":[{"taxonomy":"category","embeddable":true,"href":"https:\/\/tucomarca.whitekongsoftware.com\/ca\/wp-json\/wp\/v2\/categories?post=170039"},{"taxonomy":"post_tag","embeddable":true,"href":"https:\/\/tucomarca.whitekongsoftware.com\/ca\/wp-json\/wp\/v2\/tags?post=170039"}],"curies":[{"name":"wp","href":"https:\/\/api.w.org\/{rel}","templated":true}]}}