{"id":170034,"date":"2022-10-17T08:00:00","date_gmt":"2022-10-17T06:00:00","guid":{"rendered":"https:\/\/www.tucomarca.com\/wordpress\/segunda\/?p=170034"},"modified":"2022-10-17T22:17:44","modified_gmt":"2022-10-17T20:17:44","slug":"lentusiasta-de-benifairo-de-la-valldigna-y-la-unio-musical-algimia-ganadoras-del-45o-certamen-de-bandas-de-la-diputacio","status":"publish","type":"post","link":"https:\/\/tucomarca.whitekongsoftware.com\/ca\/lentusiasta-de-benifairo-de-la-valldigna-y-la-unio-musical-algimia-ganadoras-del-45o-certamen-de-bandas-de-la-diputacio\/","title":{"rendered":"L\u2019Entusiasta de Benifair\u00f3 de la Valldigna i La Uni\u00f3 Musical Alg\u00edmia guanyadores del 45\u00e9 Certamen de Bandes de la Diputaci\u00f3"},"content":{"rendered":"\n<h3 class=\"wp-block-heading\">L\u2019Entusista de Benifair\u00f3 de la Valldigna, en secci\u00f3 Segona, i la Uni\u00f3 Musical Alg\u00edmia en secci\u00f3 Tercera han sigut les guanyadores de la 45a edici\u00f3 del Certamen de Bandes de la Diputaci\u00f3 de Val\u00e8ncia. El diputat de Bandes de M\u00fasica, Jordi Mayor, ha destacat el nivell de les agrupacions participants en el lliurament de premis.<\/h3>\n\n\n\n<p class=\"wp-block-paragraph\">El teatre de la Uni\u00f3 Musical de Ll\u00edria ha acollit este dissabte el certamen provincial, que ha comptat amb la participaci\u00f3 de sis societats musicals i un jurat internacional que contribu\u00efx a obtindre una major promoci\u00f3 del fenomen band\u00edstic valenci\u00e0.<\/p>\n\n\n\n<p class=\"wp-block-paragraph\">Al costat de L\u2019Entusista de Benifair\u00f3 de la Valldigna (90,08 punts), han competit en secci\u00f3 Segona la societat musical \u2018Uni\u00f3n de Pescadores\u2019 de Val\u00e8ncia i \u2018La Familiar\u2019 de Benissan\u00f3, amb un m\u00e0xim de 70 m\u00fasics i pe\u00e7a obligada de Rafael Talens. En el cas de L\u2019Entusiasta, que tamb\u00e9 ha obtingut esment d&#8217;honor, la pe\u00e7a de lliure elecci\u00f3 ha sigut \u2018The Rise of the Phoenix\u2019, de Teodoro Aparicio. La Familiar de Benissan\u00f3 ha sumat 75,42 punts i ha collit un primer premi compartit, mentre que en tercer lloc ha quedat la Uni\u00f3n de Pescadores de Val\u00e8ncia.<\/p>\n\n\n\n<p class=\"wp-block-paragraph\">L&#8217;elecci\u00f3 de les obres, en general, reflectix l&#8217;aposta de la Delegaci\u00f3 de Bandes de M\u00fasica de la Diputaci\u00f3, organitzadora del certamen, pels drets d&#8217;edici\u00f3 i composici\u00f3 o l&#8217;enc\u00e0rrec fins i tot de noves peces amb l&#8217;objectiu de cuidar i difondre el repertori compositiu valenci\u00e0.<\/p>\n\n\n\n<p class=\"wp-block-paragraph\" id=\"i4t-id-6\"><strong>Secci\u00f3 Tercera<\/strong><\/p>\n\n\n\n<p class=\"wp-block-paragraph\">En el cas de la secci\u00f3 Tercera, la gran triomfadora ha sigut la Uni\u00f3 Musical Alg\u00edmia, que ha compartit escenari amb les societats musicals Santa Cecilia del Grao i l&#8217;Art\u00edstic Musical Carr\u00f2s, amb un m\u00e0xim de 50 components cada banda. \u2018El Globo de Mil\u00e1\u2019, d&#8217;Hugo Chinesta, ha sigut la pe\u00e7a obligada per a les tres agrupacions concursants; una partitura de nova creaci\u00f3.<\/p>\n\n\n\n<p class=\"wp-block-paragraph\">Encara que la banda d&#8217;Alg\u00edmia d&#8217;Alfara, que ha interpretat \u2018\u00c8xodo\u2019 de Salvador Rojo com a pe\u00e7a lliure, ha sigut la que m\u00e9s puntuaci\u00f3 ha rebut per part del jurat (86,25), el nivell ha sigut molt alt en esta secci\u00f3 Tercera, on s&#8217;han registrat tres primers premis i esments d&#8217;honor tant per a la Uni\u00f3 Musical Alg\u00edmia com per a Santa Cecilia del Grao (79,33 punts).<\/p>\n\n\n\n<p class=\"wp-block-paragraph\">En paraules del diputat de Bandes de M\u00fasica, Jordi Mayor, \u201cla descentralitzaci\u00f3 del festival de bandes i la seua celebraci\u00f3 a Ll\u00edria \u00e9s una de les grans novetats del certamen d&#8217;enguany, que continua contribuint a la vertebraci\u00f3 sociocultural del nostre territori, per\u00f2 en esta ocasi\u00f3 eixint de la ciutat de Val\u00e8ncia i despla\u00e7ant-se fins a un dels bressols de la m\u00fasica de banda\u201d.<\/p>\n\n\n\n<p class=\"wp-block-paragraph\">El responsable provincial ha destacat igualment l&#8217;impuls de la dotaci\u00f3 econ\u00f2mica en la present edici\u00f3, amb l&#8217;increment en els premis, i novetats organitzatives tendents a modernitzar el certamen d&#8217;acord amb altres competicions nacionals i internacionals. El sistema de puntuaci\u00f3 s&#8217;ha basat en una desena de criteris valorats per un jurat presidit pel compositor Marco P\u00fctz, amb la participaci\u00f3 dels directors d&#8217;orquestra Tobias Haussig i Eva Mar\u00eda Folch.<\/p>\n\n\n\n<figure class=\"wp-block-image size-large\"><img loading=\"lazy\" decoding=\"async\" width=\"1024\" height=\"683\" src=\"http:\/\/www.tucomarca.com\/wordpress\/segunda\/wp-content\/uploads\/2022\/10\/DipuEntusiasta02-1024x683.jpeg\" alt=\"\" class=\"wp-image-170029\" srcset=\"https:\/\/tucomarca.whitekongsoftware.com\/wp-content\/uploads\/2022\/10\/DipuEntusiasta02-1024x683.jpeg 1024w, https:\/\/tucomarca.whitekongsoftware.com\/wp-content\/uploads\/2022\/10\/DipuEntusiasta02-300x200.jpeg 300w, https:\/\/tucomarca.whitekongsoftware.com\/wp-content\/uploads\/2022\/10\/DipuEntusiasta02-768x512.jpeg 768w, https:\/\/tucomarca.whitekongsoftware.com\/wp-content\/uploads\/2022\/10\/DipuEntusiasta02-1536x1024.jpeg 1536w, https:\/\/tucomarca.whitekongsoftware.com\/wp-content\/uploads\/2022\/10\/DipuEntusiasta02.jpeg 1599w\" sizes=\"auto, (max-width: 1024px) 100vw, 1024px\" \/><figcaption>L&#8217;Entusiasta de Benifair\u00f3 de la Valldigna, ganadora de la secci\u00f3n Segunda.<\/figcaption><\/figure>\n\n\n\n<figure class=\"wp-block-image size-large\"><img loading=\"lazy\" decoding=\"async\" width=\"1024\" height=\"683\" src=\"http:\/\/www.tucomarca.com\/wordpress\/segunda\/wp-content\/uploads\/2022\/10\/DipuAlgimia-1024x683.jpeg\" alt=\"\" class=\"wp-image-170031\" srcset=\"https:\/\/tucomarca.whitekongsoftware.com\/wp-content\/uploads\/2022\/10\/DipuAlgimia-1024x683.jpeg 1024w, https:\/\/tucomarca.whitekongsoftware.com\/wp-content\/uploads\/2022\/10\/DipuAlgimia-300x200.jpeg 300w, https:\/\/tucomarca.whitekongsoftware.com\/wp-content\/uploads\/2022\/10\/DipuAlgimia-768x512.jpeg 768w, https:\/\/tucomarca.whitekongsoftware.com\/wp-content\/uploads\/2022\/10\/DipuAlgimia-1536x1024.jpeg 1536w, https:\/\/tucomarca.whitekongsoftware.com\/wp-content\/uploads\/2022\/10\/DipuAlgimia.jpeg 1599w\" sizes=\"auto, (max-width: 1024px) 100vw, 1024px\" \/><figcaption>La Uni\u00f3 Musical Alg\u00edmia, ganadora en secci\u00f3n Tercera.<\/figcaption><\/figure>\n","protected":false},"excerpt":{"rendered":"<div class=\"mh-excerpt\">L\u2019Entusista de Benifair\u00f3 de la Valldigna, en secci\u00f3 Segona, i la Uni\u00f3 Musical Alg\u00edmia en secci\u00f3 Tercera han sigut les guanyadores de la 45a edici\u00f3 del Certamen de Bandes de la Diputaci\u00f3 de Val\u00e8ncia. El <a class=\"mh-excerpt-more\" href=\"https:\/\/tucomarca.whitekongsoftware.com\/ca\/lentusiasta-de-benifairo-de-la-valldigna-y-la-unio-musical-algimia-ganadoras-del-45o-certamen-de-bandas-de-la-diputacio\/\" title=\"L\u2019Entusiasta de Benifair\u00f3 de la Valldigna i La Uni\u00f3 Musical Alg\u00edmia guanyadores del 45\u00e9 Certamen de Bandes de la Diputaci\u00f3\">[+] <\/a><\/div>\n","protected":false},"author":1,"featured_media":170028,"comment_status":"open","ping_status":"open","sticky":false,"template":"","format":"standard","meta":{"footnotes":""},"categories":[10892,11005,10898,10894,10928,11007,10896],"tags":[10899,11246,11070],"class_list":["post-170034","post","type-post","status-publish","format-standard","has-post-thumbnail","category-camp-de-turia-ca","category-canal-musica","category-ventana-ca","category-la-comarca-ca","category-lliria-ca","category-ocio-y-cultura-ca","category-seccion-ca","tag-camp-de-turia-ca","tag-diputacio-de-valencia-ca","tag-lliria-ca"],"_links":{"self":[{"href":"https:\/\/tucomarca.whitekongsoftware.com\/ca\/wp-json\/wp\/v2\/posts\/170034","targetHints":{"allow":["GET"]}}],"collection":[{"href":"https:\/\/tucomarca.whitekongsoftware.com\/ca\/wp-json\/wp\/v2\/posts"}],"about":[{"href":"https:\/\/tucomarca.whitekongsoftware.com\/ca\/wp-json\/wp\/v2\/types\/post"}],"author":[{"embeddable":true,"href":"https:\/\/tucomarca.whitekongsoftware.com\/ca\/wp-json\/wp\/v2\/users\/1"}],"replies":[{"embeddable":true,"href":"https:\/\/tucomarca.whitekongsoftware.com\/ca\/wp-json\/wp\/v2\/comments?post=170034"}],"version-history":[{"count":0,"href":"https:\/\/tucomarca.whitekongsoftware.com\/ca\/wp-json\/wp\/v2\/posts\/170034\/revisions"}],"wp:featuredmedia":[{"embeddable":true,"href":"https:\/\/tucomarca.whitekongsoftware.com\/ca\/wp-json\/wp\/v2\/media\/170028"}],"wp:attachment":[{"href":"https:\/\/tucomarca.whitekongsoftware.com\/ca\/wp-json\/wp\/v2\/media?parent=170034"}],"wp:term":[{"taxonomy":"category","embeddable":true,"href":"https:\/\/tucomarca.whitekongsoftware.com\/ca\/wp-json\/wp\/v2\/categories?post=170034"},{"taxonomy":"post_tag","embeddable":true,"href":"https:\/\/tucomarca.whitekongsoftware.com\/ca\/wp-json\/wp\/v2\/tags?post=170034"}],"curies":[{"name":"wp","href":"https:\/\/api.w.org\/{rel}","templated":true}]}}