{"id":169759,"date":"2022-10-13T15:00:00","date_gmt":"2022-10-13T13:00:00","guid":{"rendered":"https:\/\/www.tucomarca.com\/wordpress\/segunda\/?p=169759"},"modified":"2022-10-13T20:13:49","modified_gmt":"2022-10-13T18:13:49","slug":"la-regidoria-de-turisme-repartira-gots-reutilitzables-durant-la-celebracio-de-la-festa-de-les-paelles-de-xest","status":"publish","type":"post","link":"https:\/\/tucomarca.whitekongsoftware.com\/ca\/la-regidoria-de-turisme-repartira-gots-reutilitzables-durant-la-celebracio-de-la-festa-de-les-paelles-de-xest\/","title":{"rendered":"La regidoria de Turisme repartir\u00e0 gots reutilitzables durant la celebraci\u00f3 de la Festa de les Paelles de Xest&nbsp;"},"content":{"rendered":"\n<h4 class=\"wp-block-heading\">Aquesta acci\u00f3 s&#8217;emmarca en una campanya per a fomentar l&#8217;\u00fas de pl\u00e0stic reutilitzava en lloc del de nom\u00e9s un \u00fas i complir aix\u00ed amb els objectius de l&#8217;Agenda 2030<\/h4>\n\n\n\n<p class=\"wp-block-paragraph\">La regidoria de Turisme de l&#8217;Ajuntament de Xest ha posat en marxa una campanya per a fomentar l&#8217;\u00fas de pl\u00e0stic reutilitzable, que s&#8217;implementar\u00e0 coincidint amb la celebraci\u00f3 de la XLIX Festa de la Verema. L&#8217;Ajuntament, a m\u00e9s, apel\u00b7la al civisme i al respecte per part de tota la poblaci\u00f3 durant la celebraci\u00f3 d&#8217;aquestes festes d&#8217;octubre.<\/p>\n\n\n\n<p class=\"wp-block-paragraph\">Tal com s&#8217;ha informat la regidora de Turisme, Brenda Jim\u00e9nez, l&#8217;objectiu d&#8217;aquesta campanya \u00e9s sensibilitzar i animar a la poblaci\u00f3 a utilitzar gots reutilitzables per a fer de Xest un municipi m\u00e9s sostenible, seguint els objectius de l&#8217;Agenda 2030. &#8220;Aquesta \u00e9s una de les diferents accions que l&#8217;Ajuntament ha posat en funcionament durant aquesta legislatura per a millorar la sostenibilitat del municipi, amb l&#8217;objectiu de crear entorns m\u00e9s verds i nets\u201d, explica Jim\u00e9nez. \u201cAmb el repartiment dels gots reutilitzables esperem que es redu\u00efsca de manera dr\u00e0stica l&#8217;\u00fas del pl\u00e0stic d&#8217;un sol \u00fas i d&#8217;un sol \u00fas que sol acabar als carrers de la localitat\u201d.<\/p>\n\n\n\n<p class=\"wp-block-paragraph\">Per part seua, l&#8217;alcalde, Jos\u00e9 Morell, ha destacat que des de l&#8217;Ajuntament \u201cs&#8217;est\u00e0 treballant per un municipi m\u00e9s verd i sostenible que comportar\u00e0, en el futur, un Xest m\u00e9s saludable per als ve\u00efns i ve\u00efnes\u201d.<\/p>\n\n\n\n<p class=\"wp-block-paragraph\"><\/p>\n","protected":false},"excerpt":{"rendered":"<div class=\"mh-excerpt\">Aquesta acci\u00f3 s&#8217;emmarca en una campanya per a fomentar l&#8217;\u00fas de pl\u00e0stic reutilitzava en lloc del de nom\u00e9s un \u00fas i complir aix\u00ed amb els objectius de l&#8217;Agenda 2030 La regidoria de Turisme de l&#8217;Ajuntament <a class=\"mh-excerpt-more\" href=\"https:\/\/tucomarca.whitekongsoftware.com\/ca\/la-regidoria-de-turisme-repartira-gots-reutilitzables-durant-la-celebracio-de-la-festa-de-les-paelles-de-xest\/\" title=\"La regidoria de Turisme repartir\u00e0 gots reutilitzables durant la celebraci\u00f3 de la Festa de les Paelles de Xest&nbsp;\">[+] <\/a><\/div>\n","protected":false},"author":12,"featured_media":169758,"comment_status":"open","ping_status":"open","sticky":false,"template":"","format":"standard","meta":{"footnotes":""},"categories":[10948,10894,10912,10903,10947,10896,10974],"tags":[11071,10914,18019],"class_list":["post-169759","post","type-post","status-publish","format-standard","has-post-thumbnail","category-infraestructuras-ca","category-la-comarca-ca","category-la-hoya-ca","category-medio-ambiente-la-comarca-ca","category-politica","category-seccion-ca","category-cheste-ca","tag-cheste","tag-la-hoya-de-bunol-chiva-ca","tag-vasos-reutilizables-ca"],"_links":{"self":[{"href":"https:\/\/tucomarca.whitekongsoftware.com\/ca\/wp-json\/wp\/v2\/posts\/169759","targetHints":{"allow":["GET"]}}],"collection":[{"href":"https:\/\/tucomarca.whitekongsoftware.com\/ca\/wp-json\/wp\/v2\/posts"}],"about":[{"href":"https:\/\/tucomarca.whitekongsoftware.com\/ca\/wp-json\/wp\/v2\/types\/post"}],"author":[{"embeddable":true,"href":"https:\/\/tucomarca.whitekongsoftware.com\/ca\/wp-json\/wp\/v2\/users\/12"}],"replies":[{"embeddable":true,"href":"https:\/\/tucomarca.whitekongsoftware.com\/ca\/wp-json\/wp\/v2\/comments?post=169759"}],"version-history":[{"count":0,"href":"https:\/\/tucomarca.whitekongsoftware.com\/ca\/wp-json\/wp\/v2\/posts\/169759\/revisions"}],"wp:featuredmedia":[{"embeddable":true,"href":"https:\/\/tucomarca.whitekongsoftware.com\/ca\/wp-json\/wp\/v2\/media\/169758"}],"wp:attachment":[{"href":"https:\/\/tucomarca.whitekongsoftware.com\/ca\/wp-json\/wp\/v2\/media?parent=169759"}],"wp:term":[{"taxonomy":"category","embeddable":true,"href":"https:\/\/tucomarca.whitekongsoftware.com\/ca\/wp-json\/wp\/v2\/categories?post=169759"},{"taxonomy":"post_tag","embeddable":true,"href":"https:\/\/tucomarca.whitekongsoftware.com\/ca\/wp-json\/wp\/v2\/tags?post=169759"}],"curies":[{"name":"wp","href":"https:\/\/api.w.org\/{rel}","templated":true}]}}