{"id":169742,"date":"2022-10-13T13:00:00","date_gmt":"2022-10-13T11:00:00","guid":{"rendered":"https:\/\/www.tucomarca.com\/wordpress\/segunda\/?p=169742"},"modified":"2022-10-13T15:04:53","modified_gmt":"2022-10-13T13:04:53","slug":"els-carrers-de-xest-somplin-de-mantons-i-ombrelles-coincidint-amb-la-celebracio-del-12-doctubre","status":"publish","type":"post","link":"https:\/\/tucomarca.whitekongsoftware.com\/ca\/els-carrers-de-xest-somplin-de-mantons-i-ombrelles-coincidint-amb-la-celebracio-del-12-doctubre\/","title":{"rendered":"Els carrers de Xest s&#8217;omplin de mantons i ombrel\u00b7les coincidint amb la celebraci\u00f3 del 12 d&#8217;octubre"},"content":{"rendered":"\n<p class=\"wp-block-paragraph\">Ahir es va celebrar el Dia de la Hispanitat i el Dia del Mant\u00f3 a Xest, festivitat habitual en el programa de les Festes de la Verema. La Reina de les festes, Marta Ruiz Mart\u00ednez, i la seua Cort d&#8217;Honor, van rec\u00f3rrer els carrers de Xest, amb la m\u00fasica de la Banda La Lira i en companyia de les autoritats locals i de representants del Cos de Gu\u00e0rdia Civil, que celebra la seua patrona el dia 12 d&#8217;octubre.&nbsp;<br>L&#8217;acte va comen\u00e7ar amb el recorregut per part de la Comitiva local des de casa de la Reina de la Verema fins a l&#8217;Esgl\u00e9sia Sant Lluc Evangelista, per a celebrar la tradicional missa del 12 d&#8217;octubre. Despr\u00e9s, la cercavila va continuar fins a la caserna de la Gu\u00e0rdia Civil, on es va oferir una \u00e0gape per a totes les persones participants.&nbsp;<br>Despr\u00e9s del breu descans, els festers i festeres, amb els seus mantons i ombrel\u00b7les, van continuar la cercavila fins al carrer Xiva, on s&#8217;estava duent a terme l&#8217;acapte per a la investigaci\u00f3 del c\u00e0ncer a trav\u00e9s de beques pro-doctorals, a c\u00e0rrec de la Junta Local de l&#8217;Associaci\u00f3 Espanyola Contra el C\u00e0ncer (AECC) de Xest. \u201cA m\u00e9s del concert de Nadal, la venda de loteria i altres activitats, en les festes sempre realitzem aquest acapte perqu\u00e8 la gent del poble puga col\u00b7laborar. A m\u00e9s, enguany, Trini Pres\u00f3 ha realitzat ventalls totalment artesanals i ens els ha regalats perqu\u00e8 els embenem en els dies com hui\u201d, comentava Ana Bonilla, presidenta de la Junta Local de la AECC de Xest. \u201cM&#8217;agradaria posar l&#8217;accent que que no \u00e9s necessari ser soci o s\u00f2cia de la AECC per a acudir a aquesta associaci\u00f3 a demanar ajuda del tipus que siga\u201d.&nbsp;<br>Els xics i xiques de la Verema van col\u00b7laborar amb l&#8217;associaci\u00f3 recaptant diners per a la investigaci\u00f3 de la malaltia fins que va arribar el moment de buidar el carrer perqu\u00e8 es realitzara la primera Entr\u00e1 de bous de la XLIX Festa de la Verema.&nbsp;<br>Els actes taurins continuaran aquesta setmana, que conclour\u00e0 amb la celebraci\u00f3 de la Festa de Les Paelles i del Dia de la Flor.<\/p>\n\n\n\n<figure class=\"wp-block-gallery has-nested-images columns-2 is-cropped wp-block-gallery-1 is-layout-flex wp-block-gallery-is-layout-flex\">\n<figure class=\"wp-block-image size-large\"><img loading=\"lazy\" decoding=\"async\" width=\"886\" height=\"591\" data-id=\"169717\" src=\"http:\/\/www.tucomarca.com\/wordpress\/segunda\/wp-content\/uploads\/2022\/10\/CHESTE_Manton01.jpg\" alt=\"\" class=\"wp-image-169717\" srcset=\"https:\/\/tucomarca.whitekongsoftware.com\/wp-content\/uploads\/2022\/10\/CHESTE_Manton01.jpg 886w, https:\/\/tucomarca.whitekongsoftware.com\/wp-content\/uploads\/2022\/10\/CHESTE_Manton01-300x200.jpg 300w, https:\/\/tucomarca.whitekongsoftware.com\/wp-content\/uploads\/2022\/10\/CHESTE_Manton01-768x512.jpg 768w\" sizes=\"auto, (max-width: 886px) 100vw, 886px\" \/><\/figure>\n\n\n\n<figure class=\"wp-block-image size-large\"><img loading=\"lazy\" decoding=\"async\" width=\"886\" height=\"591\" data-id=\"169719\" src=\"http:\/\/www.tucomarca.com\/wordpress\/segunda\/wp-content\/uploads\/2022\/10\/CHESTE_Manton02.jpg\" alt=\"\" class=\"wp-image-169719\" srcset=\"https:\/\/tucomarca.whitekongsoftware.com\/wp-content\/uploads\/2022\/10\/CHESTE_Manton02.jpg 886w, https:\/\/tucomarca.whitekongsoftware.com\/wp-content\/uploads\/2022\/10\/CHESTE_Manton02-300x200.jpg 300w, https:\/\/tucomarca.whitekongsoftware.com\/wp-content\/uploads\/2022\/10\/CHESTE_Manton02-768x512.jpg 768w\" sizes=\"auto, (max-width: 886px) 100vw, 886px\" \/><\/figure>\n\n\n\n<figure class=\"wp-block-image size-large\"><img loading=\"lazy\" decoding=\"async\" width=\"886\" height=\"591\" data-id=\"169721\" src=\"http:\/\/www.tucomarca.com\/wordpress\/segunda\/wp-content\/uploads\/2022\/10\/CHESTE_Manton03.jpg\" alt=\"\" class=\"wp-image-169721\" srcset=\"https:\/\/tucomarca.whitekongsoftware.com\/wp-content\/uploads\/2022\/10\/CHESTE_Manton03.jpg 886w, https:\/\/tucomarca.whitekongsoftware.com\/wp-content\/uploads\/2022\/10\/CHESTE_Manton03-300x200.jpg 300w, https:\/\/tucomarca.whitekongsoftware.com\/wp-content\/uploads\/2022\/10\/CHESTE_Manton03-768x512.jpg 768w\" sizes=\"auto, (max-width: 886px) 100vw, 886px\" \/><\/figure>\n\n\n\n<figure class=\"wp-block-image size-large\"><img loading=\"lazy\" decoding=\"async\" width=\"886\" height=\"591\" data-id=\"169723\" src=\"http:\/\/www.tucomarca.com\/wordpress\/segunda\/wp-content\/uploads\/2022\/10\/CHESTE_Manton04.jpg\" alt=\"\" class=\"wp-image-169723\" srcset=\"https:\/\/tucomarca.whitekongsoftware.com\/wp-content\/uploads\/2022\/10\/CHESTE_Manton04.jpg 886w, https:\/\/tucomarca.whitekongsoftware.com\/wp-content\/uploads\/2022\/10\/CHESTE_Manton04-300x200.jpg 300w, https:\/\/tucomarca.whitekongsoftware.com\/wp-content\/uploads\/2022\/10\/CHESTE_Manton04-768x512.jpg 768w\" sizes=\"auto, (max-width: 886px) 100vw, 886px\" \/><\/figure>\n\n\n\n<figure class=\"wp-block-image size-large\"><img loading=\"lazy\" decoding=\"async\" width=\"886\" height=\"591\" data-id=\"169725\" src=\"http:\/\/www.tucomarca.com\/wordpress\/segunda\/wp-content\/uploads\/2022\/10\/CHESTE_Manton05.jpg\" alt=\"\" class=\"wp-image-169725\" srcset=\"https:\/\/tucomarca.whitekongsoftware.com\/wp-content\/uploads\/2022\/10\/CHESTE_Manton05.jpg 886w, https:\/\/tucomarca.whitekongsoftware.com\/wp-content\/uploads\/2022\/10\/CHESTE_Manton05-300x200.jpg 300w, https:\/\/tucomarca.whitekongsoftware.com\/wp-content\/uploads\/2022\/10\/CHESTE_Manton05-768x512.jpg 768w\" sizes=\"auto, (max-width: 886px) 100vw, 886px\" \/><\/figure>\n\n\n\n<figure class=\"wp-block-image size-large\"><img loading=\"lazy\" decoding=\"async\" width=\"886\" height=\"591\" data-id=\"169727\" src=\"http:\/\/www.tucomarca.com\/wordpress\/segunda\/wp-content\/uploads\/2022\/10\/CHESTE_Manton06.jpg\" alt=\"\" class=\"wp-image-169727\" srcset=\"https:\/\/tucomarca.whitekongsoftware.com\/wp-content\/uploads\/2022\/10\/CHESTE_Manton06.jpg 886w, https:\/\/tucomarca.whitekongsoftware.com\/wp-content\/uploads\/2022\/10\/CHESTE_Manton06-300x200.jpg 300w, https:\/\/tucomarca.whitekongsoftware.com\/wp-content\/uploads\/2022\/10\/CHESTE_Manton06-768x512.jpg 768w\" sizes=\"auto, (max-width: 886px) 100vw, 886px\" \/><\/figure>\n\n\n\n<figure class=\"wp-block-image size-large\"><img loading=\"lazy\" decoding=\"async\" width=\"886\" height=\"591\" data-id=\"169729\" src=\"http:\/\/www.tucomarca.com\/wordpress\/segunda\/wp-content\/uploads\/2022\/10\/CHESTE_Manton07.jpg\" alt=\"\" class=\"wp-image-169729\" srcset=\"https:\/\/tucomarca.whitekongsoftware.com\/wp-content\/uploads\/2022\/10\/CHESTE_Manton07.jpg 886w, https:\/\/tucomarca.whitekongsoftware.com\/wp-content\/uploads\/2022\/10\/CHESTE_Manton07-300x200.jpg 300w, https:\/\/tucomarca.whitekongsoftware.com\/wp-content\/uploads\/2022\/10\/CHESTE_Manton07-768x512.jpg 768w\" sizes=\"auto, (max-width: 886px) 100vw, 886px\" \/><\/figure>\n\n\n\n<figure class=\"wp-block-image size-large\"><img loading=\"lazy\" decoding=\"async\" width=\"886\" height=\"591\" data-id=\"169731\" src=\"http:\/\/www.tucomarca.com\/wordpress\/segunda\/wp-content\/uploads\/2022\/10\/CHESTE_Manton08.jpg\" alt=\"\" class=\"wp-image-169731\" srcset=\"https:\/\/tucomarca.whitekongsoftware.com\/wp-content\/uploads\/2022\/10\/CHESTE_Manton08.jpg 886w, https:\/\/tucomarca.whitekongsoftware.com\/wp-content\/uploads\/2022\/10\/CHESTE_Manton08-300x200.jpg 300w, https:\/\/tucomarca.whitekongsoftware.com\/wp-content\/uploads\/2022\/10\/CHESTE_Manton08-768x512.jpg 768w\" sizes=\"auto, (max-width: 886px) 100vw, 886px\" \/><\/figure>\n\n\n\n<figure class=\"wp-block-image size-large\"><img loading=\"lazy\" decoding=\"async\" width=\"886\" height=\"591\" data-id=\"169733\" src=\"http:\/\/www.tucomarca.com\/wordpress\/segunda\/wp-content\/uploads\/2022\/10\/CHESTE_Manton09.jpg\" alt=\"\" class=\"wp-image-169733\" srcset=\"https:\/\/tucomarca.whitekongsoftware.com\/wp-content\/uploads\/2022\/10\/CHESTE_Manton09.jpg 886w, https:\/\/tucomarca.whitekongsoftware.com\/wp-content\/uploads\/2022\/10\/CHESTE_Manton09-300x200.jpg 300w, https:\/\/tucomarca.whitekongsoftware.com\/wp-content\/uploads\/2022\/10\/CHESTE_Manton09-768x512.jpg 768w\" sizes=\"auto, (max-width: 886px) 100vw, 886px\" \/><\/figure>\n\n\n\n<figure class=\"wp-block-image size-large\"><img loading=\"lazy\" decoding=\"async\" width=\"886\" height=\"591\" data-id=\"169735\" src=\"http:\/\/www.tucomarca.com\/wordpress\/segunda\/wp-content\/uploads\/2022\/10\/CHESTE_Manton10.jpg\" alt=\"\" class=\"wp-image-169735\" srcset=\"https:\/\/tucomarca.whitekongsoftware.com\/wp-content\/uploads\/2022\/10\/CHESTE_Manton10.jpg 886w, https:\/\/tucomarca.whitekongsoftware.com\/wp-content\/uploads\/2022\/10\/CHESTE_Manton10-300x200.jpg 300w, https:\/\/tucomarca.whitekongsoftware.com\/wp-content\/uploads\/2022\/10\/CHESTE_Manton10-768x512.jpg 768w\" sizes=\"auto, (max-width: 886px) 100vw, 886px\" \/><\/figure>\n\n\n\n<figure class=\"wp-block-image size-large\"><img loading=\"lazy\" decoding=\"async\" width=\"886\" height=\"591\" data-id=\"169737\" src=\"http:\/\/www.tucomarca.com\/wordpress\/segunda\/wp-content\/uploads\/2022\/10\/CHESTE_Manton11.jpg\" alt=\"\" class=\"wp-image-169737\" srcset=\"https:\/\/tucomarca.whitekongsoftware.com\/wp-content\/uploads\/2022\/10\/CHESTE_Manton11.jpg 886w, https:\/\/tucomarca.whitekongsoftware.com\/wp-content\/uploads\/2022\/10\/CHESTE_Manton11-300x200.jpg 300w, https:\/\/tucomarca.whitekongsoftware.com\/wp-content\/uploads\/2022\/10\/CHESTE_Manton11-768x512.jpg 768w\" sizes=\"auto, (max-width: 886px) 100vw, 886px\" \/><\/figure>\n\n\n\n<figure class=\"wp-block-image size-large\"><img loading=\"lazy\" decoding=\"async\" width=\"886\" height=\"591\" data-id=\"169739\" src=\"http:\/\/www.tucomarca.com\/wordpress\/segunda\/wp-content\/uploads\/2022\/10\/CHESTE_Manton12.jpg\" alt=\"\" class=\"wp-image-169739\" srcset=\"https:\/\/tucomarca.whitekongsoftware.com\/wp-content\/uploads\/2022\/10\/CHESTE_Manton12.jpg 886w, https:\/\/tucomarca.whitekongsoftware.com\/wp-content\/uploads\/2022\/10\/CHESTE_Manton12-300x200.jpg 300w, https:\/\/tucomarca.whitekongsoftware.com\/wp-content\/uploads\/2022\/10\/CHESTE_Manton12-768x512.jpg 768w\" sizes=\"auto, (max-width: 886px) 100vw, 886px\" \/><\/figure>\n<\/figure>\n","protected":false},"excerpt":{"rendered":"<div class=\"mh-excerpt\">Ahir es va celebrar el Dia de la Hispanitat i el Dia del Mant\u00f3 a Xest, festivitat habitual en el programa de les Festes de la Verema. La Reina de les festes, Marta Ruiz Mart\u00ednez, <a class=\"mh-excerpt-more\" href=\"https:\/\/tucomarca.whitekongsoftware.com\/ca\/els-carrers-de-xest-somplin-de-mantons-i-ombrelles-coincidint-amb-la-celebracio-del-12-doctubre\/\" title=\"Els carrers de Xest s&#8217;omplin de mantons i ombrel\u00b7les coincidint amb la celebraci\u00f3 del 12 d&#8217;octubre\">[+] <\/a><\/div>\n","protected":false},"author":12,"featured_media":169736,"comment_status":"open","ping_status":"open","sticky":false,"template":"","format":"gallery","meta":{"footnotes":""},"categories":[10894,10912,11004,11007,11008,10896,10974],"tags":[18017,11071,11789,10914],"class_list":["post-169742","post","type-post","status-publish","format-gallery","has-post-thumbnail","category-la-comarca-ca","category-la-hoya-ca","category-la-semana-en-imagenes-ca","category-ocio-y-cultura-ca","category-pueblos-en-fiestas-ca","category-seccion-ca","category-cheste-ca","tag-12-de-octubre-ca","tag-cheste","tag-fiestas-de-la-vendimia-de-cheste-ca","tag-la-hoya-de-bunol-chiva-ca","post_format-post-format-gallery"],"_links":{"self":[{"href":"https:\/\/tucomarca.whitekongsoftware.com\/ca\/wp-json\/wp\/v2\/posts\/169742","targetHints":{"allow":["GET"]}}],"collection":[{"href":"https:\/\/tucomarca.whitekongsoftware.com\/ca\/wp-json\/wp\/v2\/posts"}],"about":[{"href":"https:\/\/tucomarca.whitekongsoftware.com\/ca\/wp-json\/wp\/v2\/types\/post"}],"author":[{"embeddable":true,"href":"https:\/\/tucomarca.whitekongsoftware.com\/ca\/wp-json\/wp\/v2\/users\/12"}],"replies":[{"embeddable":true,"href":"https:\/\/tucomarca.whitekongsoftware.com\/ca\/wp-json\/wp\/v2\/comments?post=169742"}],"version-history":[{"count":0,"href":"https:\/\/tucomarca.whitekongsoftware.com\/ca\/wp-json\/wp\/v2\/posts\/169742\/revisions"}],"wp:featuredmedia":[{"embeddable":true,"href":"https:\/\/tucomarca.whitekongsoftware.com\/ca\/wp-json\/wp\/v2\/media\/169736"}],"wp:attachment":[{"href":"https:\/\/tucomarca.whitekongsoftware.com\/ca\/wp-json\/wp\/v2\/media?parent=169742"}],"wp:term":[{"taxonomy":"category","embeddable":true,"href":"https:\/\/tucomarca.whitekongsoftware.com\/ca\/wp-json\/wp\/v2\/categories?post=169742"},{"taxonomy":"post_tag","embeddable":true,"href":"https:\/\/tucomarca.whitekongsoftware.com\/ca\/wp-json\/wp\/v2\/tags?post=169742"}],"curies":[{"name":"wp","href":"https:\/\/api.w.org\/{rel}","templated":true}]}}