{"id":169641,"date":"2022-10-11T10:55:00","date_gmt":"2022-10-11T08:55:00","guid":{"rendered":"https:\/\/www.tucomarca.com\/wordpress\/segunda\/?p=169641"},"modified":"2022-10-11T21:35:05","modified_gmt":"2022-10-11T19:35:05","slug":"el-consorci-valencia-interior-contribueix-a-la-recuperacio-dacer-lleuger-i-alumini-en-els-contenidors-grocs","status":"publish","type":"post","link":"https:\/\/tucomarca.whitekongsoftware.com\/ca\/el-consorci-valencia-interior-contribueix-a-la-recuperacio-dacer-lleuger-i-alumini-en-els-contenidors-grocs\/","title":{"rendered":"El Consorci Val\u00e8ncia Interior contribueix a la recuperaci\u00f3 d&#8217;acer lleuger i alumini en els contenidors grocs"},"content":{"rendered":"\n<p class=\"wp-block-paragraph\"><strong>El president de l&#8217;ens, Robert Raga ha assistit a la presentaci\u00f3 de resultats de la campanya \u201cSi \u00e9s lluent va al grog\u201d que ha possibilitat recuperar 85.680 quilos d&#8217;alumini i 173.850 quilos d&#8217;acer lleuger en els contenidors grocs<\/strong><\/p>\n\n\n\n<p class=\"wp-block-paragraph\">El president del Consorci Val\u00e8ncia Interior, Robert Raga, ha assistit aquest mat\u00ed a la presentaci\u00f3 del Llibre Verd elaborat per la Coalici\u00f3 pel reciclatge de l&#8217;Alumini i Acer Lleuger (COAALI), amb la col\u00b7laboraci\u00f3 de la Generalitat Valenciana i l&#8217;Ajuntament de Val\u00e8ncia, que t\u00e9 com a objectiu el reciclatge d&#8217;alumini i acer lleuger en els contenidors grocs. D&#8217;aquesta manera, s&#8217;evita el seu dep\u00f2sit en abocador i s&#8217;augmenta la seua reciclabilitat.<br>La campanya Si \u00e9s lluent va al grog es va iniciar com a prova pilot a la ciutat de Val\u00e8ncia i es va ampliar a 55 municipis de la m\u00e0 del Consorci Val\u00e8ncia Interior com un repte per al foment de l&#8217;economia circular on els residus es converteixen en recursos. \u201cTreballar sobre el cicle complet de l&#8217;obtenci\u00f3 de mat\u00e8ries primeres, producci\u00f3, consum i reciclatge \u00e9s clau per al desenvolupament de ciutats intel\u00b7ligents i sostenibles, d&#8217;aqu\u00ed ve que s&#8217;haja implantat aquesta campanya ambiental en quasi la totalitat dels municipis consorciats\u201d&nbsp;assenyala Raga, qui destaca que l&#8217;objectiu era disminuir les tones de residus que s&#8217;emporten a abocador en l&#8217;\u00e0rea de gesti\u00f3 V3, amb la finalitat d&#8217;avan\u00e7ar en els objectius marcats per la Uni\u00f3 Europea.<br>\u201cHem entrat de ple en aquesta campanya d&#8217;educaci\u00f3 ambiental, informant els ve\u00efns i ve\u00efnes amb l&#8217;objectiu de donar una segona vida als materials d&#8217;aqueixos residus que s\u00f3n 100% i infinitament reciclables i que, per tant, \u00e9s un material que reflecteix perfectament els principis i valors de l&#8217;economia circular\u201d, afirma el president del CVI, qui afig que la gesti\u00f3 dels residus juga un paper fonamental perqu\u00e8 els municipis troben aqueixa sostenibilitat tan buscada en la societat.<br>La consellera d&#8217;Agricultura, Desenvolupament Rural, Emerg\u00e8ncia Clim\u00e0tica i Transici\u00f3 Ecol\u00f2gica, Mireia Moll\u00e0, i el director general de Nespresso a Espanya i portaveu de la Coalici\u00f3 pel reciclatge de l&#8217;Alumini i Acer Lleuger (COAALI), Vincent Termote, han agra\u00eft la labor del Consorci Val\u00e8ncia Interior en la implantaci\u00f3 d&#8217;aquesta campanya. A m\u00e9s, han destacat la import\u00e0ncia de la col\u00b7laboraci\u00f3 p\u00fablic privada i la seua escala al conjunt de tota la Comunitat Valenciana i de la resta d&#8217;Espanya per a poder recuperar acer i alumini i donar-los una segona vida.<\/p>\n","protected":false},"excerpt":{"rendered":"<div class=\"mh-excerpt\">El president de l&#8217;ens, Robert Raga ha assistit a la presentaci\u00f3 de resultats de la campanya \u201cSi \u00e9s lluent va al grog\u201d que ha possibilitat recuperar 85.680 quilos d&#8217;alumini i 173.850 quilos d&#8217;acer lleuger en <a class=\"mh-excerpt-more\" href=\"https:\/\/tucomarca.whitekongsoftware.com\/ca\/el-consorci-valencia-interior-contribueix-a-la-recuperacio-dacer-lleuger-i-alumini-en-els-contenidors-grocs\/\" title=\"El Consorci Val\u00e8ncia Interior contribueix a la recuperaci\u00f3 d&#8217;acer lleuger i alumini en els contenidors grocs\">[+] <\/a><\/div>\n","protected":false},"author":1,"featured_media":169639,"comment_status":"open","ping_status":"open","sticky":false,"template":"","format":"standard","meta":{"footnotes":""},"categories":[10951,10892,11046,10898,10948,10894,10912,10928,10903,10909,10896],"tags":[10899,10914,11080,10910],"class_list":["post-169641","post","type-post","status-publish","format-standard","has-post-thumbnail","category-ayora-cofrentes-ca","category-camp-de-turia-ca","category-los-serranos-ca","category-ventana-ca","category-infraestructuras-ca","category-la-comarca-ca","category-la-hoya-ca","category-lliria-ca","category-medio-ambiente-la-comarca-ca","category-requena-utiel-ca","category-seccion-ca","tag-camp-de-turia-ca","tag-la-hoya-de-bunol-chiva-ca","tag-los-serranos-ca","tag-requena-utiel-ca"],"_links":{"self":[{"href":"https:\/\/tucomarca.whitekongsoftware.com\/ca\/wp-json\/wp\/v2\/posts\/169641","targetHints":{"allow":["GET"]}}],"collection":[{"href":"https:\/\/tucomarca.whitekongsoftware.com\/ca\/wp-json\/wp\/v2\/posts"}],"about":[{"href":"https:\/\/tucomarca.whitekongsoftware.com\/ca\/wp-json\/wp\/v2\/types\/post"}],"author":[{"embeddable":true,"href":"https:\/\/tucomarca.whitekongsoftware.com\/ca\/wp-json\/wp\/v2\/users\/1"}],"replies":[{"embeddable":true,"href":"https:\/\/tucomarca.whitekongsoftware.com\/ca\/wp-json\/wp\/v2\/comments?post=169641"}],"version-history":[{"count":0,"href":"https:\/\/tucomarca.whitekongsoftware.com\/ca\/wp-json\/wp\/v2\/posts\/169641\/revisions"}],"wp:featuredmedia":[{"embeddable":true,"href":"https:\/\/tucomarca.whitekongsoftware.com\/ca\/wp-json\/wp\/v2\/media\/169639"}],"wp:attachment":[{"href":"https:\/\/tucomarca.whitekongsoftware.com\/ca\/wp-json\/wp\/v2\/media?parent=169641"}],"wp:term":[{"taxonomy":"category","embeddable":true,"href":"https:\/\/tucomarca.whitekongsoftware.com\/ca\/wp-json\/wp\/v2\/categories?post=169641"},{"taxonomy":"post_tag","embeddable":true,"href":"https:\/\/tucomarca.whitekongsoftware.com\/ca\/wp-json\/wp\/v2\/tags?post=169641"}],"curies":[{"name":"wp","href":"https:\/\/api.w.org\/{rel}","templated":true}]}}