{"id":169598,"date":"2022-10-11T10:30:00","date_gmt":"2022-10-11T08:30:00","guid":{"rendered":"https:\/\/www.tucomarca.com\/wordpress\/segunda\/?p=169598"},"modified":"2022-10-11T21:17:10","modified_gmt":"2022-10-11T19:17:10","slug":"godelleta-projectara-aquest-divendres-un-documental-sobre-la-riua-de-1957-coincidint-amb-el-seu-65-aniversari","status":"publish","type":"post","link":"https:\/\/tucomarca.whitekongsoftware.com\/ca\/godelleta-projectara-aquest-divendres-un-documental-sobre-la-riua-de-1957-coincidint-amb-el-seu-65-aniversari\/","title":{"rendered":"Godelleta projectar\u00e0 aquest divendres un documental sobre &#8220;La Riu\u00e0&#8221; de 1957 coincidint amb el seu 65 aniversari"},"content":{"rendered":"\n<p class=\"wp-block-paragraph\">Aquest divendres, 14 d&#8217;octubre, es compleixen 65 anys de la riuada que va negar i va canviar Val\u00e8ncia per sempre en 1957.<\/p>\n\n\n\n<p class=\"wp-block-paragraph\">Per a recordar aquest aniversari de &#8216;La Riu\u00e0\u2019, a Godelleta es projectar\u00e0 aquest divendres a les 19,00 h. a la Biblioteca P\u00fablica Municipal un documental sobre aquest fet tan tr\u00e0gic, com a hist\u00f2ric per a valencians i valencians.<\/p>\n\n\n\n<p class=\"wp-block-paragraph\">Hi ha moltes riuades documentades a la ciutat de Val\u00e8ncia, per\u00f2 a causa de la magnitud, les perdudes materials i humanes, l&#8217;abast de la not\u00edcia i sobretot el canvi que va suposar per a la ciutat amb el denominat &#8216;Pla Sud&#8217;, aquesta va ser la Riuada en maj\u00fascules.<\/p>\n\n\n\n<p class=\"wp-block-paragraph\"><\/p>\n","protected":false},"excerpt":{"rendered":"<div class=\"mh-excerpt\">Aquest divendres, 14 d&#8217;octubre, es compleixen 65 anys de la riuada que va negar i va canviar Val\u00e8ncia per sempre en 1957. Per a recordar aquest aniversari de &#8216;La Riu\u00e0\u2019, a Godelleta es projectar\u00e0 aquest <a class=\"mh-excerpt-more\" href=\"https:\/\/tucomarca.whitekongsoftware.com\/ca\/godelleta-projectara-aquest-divendres-un-documental-sobre-la-riua-de-1957-coincidint-amb-el-seu-65-aniversari\/\" title=\"Godelleta projectar\u00e0 aquest divendres un documental sobre &#8220;La Riu\u00e0&#8221; de 1957 coincidint amb el seu 65 aniversari\">[+] <\/a><\/div>\n","protected":false},"author":12,"featured_media":169597,"comment_status":"open","ping_status":"open","sticky":false,"template":"","format":"standard","meta":{"footnotes":""},"categories":[11019,10977,10894,10912,11007,10896],"tags":[18002,11087,10914,18003,18004],"class_list":["post-169598","post","type-post","status-publish","format-standard","has-post-thumbnail","category-agenda-ca","category-godelleta-ca","category-la-comarca-ca","category-la-hoya-ca","category-ocio-y-cultura-ca","category-seccion-ca","tag-documental-ca","tag-godelleta-ca","tag-la-hoya-de-bunol-chiva-ca","tag-la-riada-de-1957-ca","tag-la-riua-ca"],"_links":{"self":[{"href":"https:\/\/tucomarca.whitekongsoftware.com\/ca\/wp-json\/wp\/v2\/posts\/169598","targetHints":{"allow":["GET"]}}],"collection":[{"href":"https:\/\/tucomarca.whitekongsoftware.com\/ca\/wp-json\/wp\/v2\/posts"}],"about":[{"href":"https:\/\/tucomarca.whitekongsoftware.com\/ca\/wp-json\/wp\/v2\/types\/post"}],"author":[{"embeddable":true,"href":"https:\/\/tucomarca.whitekongsoftware.com\/ca\/wp-json\/wp\/v2\/users\/12"}],"replies":[{"embeddable":true,"href":"https:\/\/tucomarca.whitekongsoftware.com\/ca\/wp-json\/wp\/v2\/comments?post=169598"}],"version-history":[{"count":0,"href":"https:\/\/tucomarca.whitekongsoftware.com\/ca\/wp-json\/wp\/v2\/posts\/169598\/revisions"}],"wp:featuredmedia":[{"embeddable":true,"href":"https:\/\/tucomarca.whitekongsoftware.com\/ca\/wp-json\/wp\/v2\/media\/169597"}],"wp:attachment":[{"href":"https:\/\/tucomarca.whitekongsoftware.com\/ca\/wp-json\/wp\/v2\/media?parent=169598"}],"wp:term":[{"taxonomy":"category","embeddable":true,"href":"https:\/\/tucomarca.whitekongsoftware.com\/ca\/wp-json\/wp\/v2\/categories?post=169598"},{"taxonomy":"post_tag","embeddable":true,"href":"https:\/\/tucomarca.whitekongsoftware.com\/ca\/wp-json\/wp\/v2\/tags?post=169598"}],"curies":[{"name":"wp","href":"https:\/\/api.w.org\/{rel}","templated":true}]}}