{"id":169491,"date":"2022-10-10T09:00:00","date_gmt":"2022-10-10T07:00:00","guid":{"rendered":"https:\/\/www.tucomarca.com\/wordpress\/segunda\/?p=169491"},"modified":"2022-10-10T13:33:06","modified_gmt":"2022-10-10T11:33:06","slug":"el-partit-popular-de-requena-denuncia-que-lajuntament-de-la-poblacio-haja-activat-de-manera-unilateral-el-contracte-de-la-fonda-del-vi","status":"publish","type":"post","link":"https:\/\/tucomarca.whitekongsoftware.com\/ca\/el-partit-popular-de-requena-denuncia-que-lajuntament-de-la-poblacio-haja-activat-de-manera-unilateral-el-contracte-de-la-fonda-del-vi\/","title":{"rendered":"El Partit Popular de Requena denuncia que &#8220;l&#8217;ajuntament de la poblaci\u00f3 haja activat de manera unilateral el contracte de la Fonda del Vi&#8221;"},"content":{"rendered":"\n<p class=\"wp-block-paragraph\"><strong>L&#8217;establiment ha tingut dos anys d&#8217;inactivitat per l&#8217;ensulsiada del fals sostre<\/strong><\/p>\n\n\n\n<p class=\"wp-block-paragraph\">El contracte d&#8217;arrendament de la Fonda del Vi &#8220;s&#8217;ha activat per part de l&#8217;Ajuntament sense que l&#8217;empresa tinga ni les claus de l&#8217;immoble. Aix\u00f2 s\u00ed, exigeix el pagament del lloguer. On s&#8217;ha vist que un propietari exigisca el pagament del lloguer sense entregar les claus ni el local a l&#8217;arrendatari? &#8221; afirmen els populars de Requena.<br>&#8220;L&#8217;empresa que gestionava el negoci en el moment en qu\u00e8 es va esfondrar el fals sostre de l&#8217;immoble no ha deixat de pagar en aquests dos anys ni aigua, ni llum, ni segur, malgrat no poder desenvolupar la seua activitat all\u00ed. Malgrat haver-li-ho comunicat, la resposta ha sigut la negativa&#8221; expliquen les fonts.<br>El Partit Popular de Requena denuncia que &#8220;el govern municipal de Mario S\u00e1nchez haja activat de manera unilateral el contracte de la Fonda del Vi i sense observar la formalitat legal vigent. Aquest contracte l&#8217;han posat en marxa des de l&#8217;ajuntament amb data 6 d&#8217;octubre, sense comptar amb l&#8217;empresa que fins al moment de l&#8217;ensulsiada gestionava el negoci, amb l&#8217;\u00fanic inter\u00e9s de recaptar&#8221; . &#8220;I aix\u00f2 -afigen- sense que, hui dia, l&#8217;empresa tinga les claus, ni tampoc se li ha donat marge per a condicionar el local per a la seua nova posada en funcionament despr\u00e9s de quasi de 2 anys d&#8217;estar tancat. No en va, l&#8217;Ajuntament va licitar les obres de reparaci\u00f3 1 any despr\u00e9s del tancament&#8221;.&nbsp;<br>Des del Partit Popular de Requena lamenten &#8220;la falta d&#8217;empatia del govern del nostre ajuntament amb les persones que gestionen l&#8217;empresa que regenta la Fonda del Vi, i m\u00e9s per les condicions actuals de l&#8217;economia i despr\u00e9s de quasi 2 anys de tancament per l&#8217;\u00fanica i exclusiva responsabilitat d&#8217;aquest ajuntament&#8221;. I demanen que, &#8220;com m\u00e9s prompte millor, es reunisca amb l&#8217;empresa adjudicat\u00e0ria per a deixar clares les condicions en les quals es va a aperturar de nou, ajudant, com menys, a la reobertura d&#8217;aquest local despr\u00e9s de quasi 2 anys del seu tancament per responsabilitat d&#8217;aquest Ajuntament&#8221;.&nbsp;<br>&#8220;L&#8217;allargament del termini de concessi\u00f3 o la reducci\u00f3 de renda, serien mesurades, com menys raonables i justes, per la p\u00e8rdua patida per l&#8217;adjudicat\u00e0ria&#8221; en opini\u00f3 del Partit Popular.<br>&#8220;L&#8217;ajuntament ha de deixar clar a l&#8217;empresa que porta la Fonda tant les obres que s&#8217;han pogut realitzar en l&#8217;edifici com les que no, aix\u00ed com veure de quina manera es podran compensar els anys en qu\u00e8 malgrat tindre el contracte en vigor, no han pogut fer \u00fas d&#8217;aquest, amb les seues conseq\u00fcents despeses&#8221; conclouen els populars. Informa, <strong>Luis Ib\u00e1\u00f1ez<\/strong>.<\/p>\n","protected":false},"excerpt":{"rendered":"<div class=\"mh-excerpt\">L&#8217;establiment ha tingut dos anys d&#8217;inactivitat per l&#8217;ensulsiada del fals sostre El contracte d&#8217;arrendament de la Fonda del Vi &#8220;s&#8217;ha activat per part de l&#8217;Ajuntament sense que l&#8217;empresa tinga ni les claus de l&#8217;immoble. Aix\u00f2 <a class=\"mh-excerpt-more\" href=\"https:\/\/tucomarca.whitekongsoftware.com\/ca\/el-partit-popular-de-requena-denuncia-que-lajuntament-de-la-poblacio-haja-activat-de-manera-unilateral-el-contracte-de-la-fonda-del-vi\/\" title=\"El Partit Popular de Requena denuncia que &#8220;l&#8217;ajuntament de la poblaci\u00f3 haja activat de manera unilateral el contracte de la Fonda del Vi&#8221;\">[+] <\/a><\/div>\n","protected":false},"author":1,"featured_media":169489,"comment_status":"open","ping_status":"open","sticky":false,"template":"","format":"standard","meta":{"footnotes":""},"categories":[10948,10894,10947,10908,10909,10896],"tags":[11978,11344,11099,10910],"class_list":["post-169491","post","type-post","status-publish","format-standard","has-post-thumbnail","category-infraestructuras-ca","category-la-comarca-ca","category-politica","category-requena-ca","category-requena-utiel-ca","category-seccion-ca","tag-partido-popular-ca","tag-pp-ca","tag-requena-ca","tag-requena-utiel-ca"],"_links":{"self":[{"href":"https:\/\/tucomarca.whitekongsoftware.com\/ca\/wp-json\/wp\/v2\/posts\/169491","targetHints":{"allow":["GET"]}}],"collection":[{"href":"https:\/\/tucomarca.whitekongsoftware.com\/ca\/wp-json\/wp\/v2\/posts"}],"about":[{"href":"https:\/\/tucomarca.whitekongsoftware.com\/ca\/wp-json\/wp\/v2\/types\/post"}],"author":[{"embeddable":true,"href":"https:\/\/tucomarca.whitekongsoftware.com\/ca\/wp-json\/wp\/v2\/users\/1"}],"replies":[{"embeddable":true,"href":"https:\/\/tucomarca.whitekongsoftware.com\/ca\/wp-json\/wp\/v2\/comments?post=169491"}],"version-history":[{"count":0,"href":"https:\/\/tucomarca.whitekongsoftware.com\/ca\/wp-json\/wp\/v2\/posts\/169491\/revisions"}],"wp:featuredmedia":[{"embeddable":true,"href":"https:\/\/tucomarca.whitekongsoftware.com\/ca\/wp-json\/wp\/v2\/media\/169489"}],"wp:attachment":[{"href":"https:\/\/tucomarca.whitekongsoftware.com\/ca\/wp-json\/wp\/v2\/media?parent=169491"}],"wp:term":[{"taxonomy":"category","embeddable":true,"href":"https:\/\/tucomarca.whitekongsoftware.com\/ca\/wp-json\/wp\/v2\/categories?post=169491"},{"taxonomy":"post_tag","embeddable":true,"href":"https:\/\/tucomarca.whitekongsoftware.com\/ca\/wp-json\/wp\/v2\/tags?post=169491"}],"curies":[{"name":"wp","href":"https:\/\/api.w.org\/{rel}","templated":true}]}}