{"id":169412,"date":"2022-10-06T16:00:00","date_gmt":"2022-10-06T14:00:00","guid":{"rendered":"https:\/\/www.tucomarca.com\/wordpress\/segunda\/?p=169412"},"modified":"2022-10-06T17:48:33","modified_gmt":"2022-10-06T15:48:33","slug":"el-parc-del-plantio-acollira-la-fira-godelleta-es-moscatell-del-21-al-23-doctubre","status":"publish","type":"post","link":"https:\/\/tucomarca.whitekongsoftware.com\/ca\/el-parc-del-plantio-acollira-la-fira-godelleta-es-moscatell-del-21-al-23-doctubre\/","title":{"rendered":"El Parc del Plant\u00edo acollir\u00e0 la fira &#8220;Godelleta \u00e9s Moscatell&#8221; del 21 al 23 d&#8217;octubre"},"content":{"rendered":"\n<p class=\"wp-block-paragraph\">Arriba una nova Edici\u00f3 de la Fira del Moscatell a Godelleta. Del 21 al 23 d&#8217;octubre es podr\u00e0 gaudir al Parc del Plant\u00edo, enfront del celler de la localitat, d&#8217;una gran varietat de casetes amb productes selectes gastron\u00f2mics, el protagonista dels quals ser\u00e0 el moscatell com a gran tresor d&#8217;aquest municipi, a aquest esdeveniment est\u00e0 prevista l&#8217;assist\u00e8ncia de diversos Cellers de la DO Val\u00e8ncia.<\/p>\n\n\n\n<p class=\"wp-block-paragraph\">&#8220;Aquesta fira pret\u00e9n institucionalitzar-se cada any en l&#8217;\u00faltim cap de setmana de setembre coincidint amb la collita del ra\u00efm, encara que enguany per dates no ha pogut ser&#8221;, segons ha explicat l&#8217;alcalde de Godelleta, Rafael Fora.<\/p>\n\n\n\n<p class=\"wp-block-paragraph\">&#8220;Els assistents podran adquirir un bo de cinc degustacions, i una consumici\u00f3 de verm\u00fa gratu\u00efta, per un import de set euros amb el qual es podran gaudir del consum de productes d&#8217;aquesta fira&#8221;, ha afegit Rafa Fora.<\/p>\n\n\n\n<figure class=\"wp-block-image size-full\"><img loading=\"lazy\" decoding=\"async\" width=\"1024\" height=\"602\" src=\"http:\/\/www.tucomarca.com\/wordpress\/segunda\/wp-content\/uploads\/2022\/10\/GodelletaFeriaMoscatel1.jpg\" alt=\"\" class=\"wp-image-169406\" srcset=\"https:\/\/tucomarca.whitekongsoftware.com\/wp-content\/uploads\/2022\/10\/GodelletaFeriaMoscatel1.jpg 1024w, https:\/\/tucomarca.whitekongsoftware.com\/wp-content\/uploads\/2022\/10\/GodelletaFeriaMoscatel1-300x176.jpg 300w, https:\/\/tucomarca.whitekongsoftware.com\/wp-content\/uploads\/2022\/10\/GodelletaFeriaMoscatel1-768x452.jpg 768w\" sizes=\"auto, (max-width: 1024px) 100vw, 1024px\" \/><\/figure>\n","protected":false},"excerpt":{"rendered":"<div class=\"mh-excerpt\">Arriba una nova Edici\u00f3 de la Fira del Moscatell a Godelleta. Del 21 al 23 d&#8217;octubre es podr\u00e0 gaudir al Parc del Plant\u00edo, enfront del celler de la localitat, d&#8217;una gran varietat de casetes amb <a class=\"mh-excerpt-more\" href=\"https:\/\/tucomarca.whitekongsoftware.com\/ca\/el-parc-del-plantio-acollira-la-fira-godelleta-es-moscatell-del-21-al-23-doctubre\/\" title=\"El Parc del Plant\u00edo acollir\u00e0 la fira &#8220;Godelleta \u00e9s Moscatell&#8221; del 21 al 23 d&#8217;octubre\">[+] <\/a><\/div>\n","protected":false},"author":12,"featured_media":169409,"comment_status":"open","ping_status":"open","sticky":false,"template":"","format":"standard","meta":{"footnotes":""},"categories":[11019,11006,10977,10894,10912,11007,10896],"tags":[11087,10914,17986,17497],"class_list":["post-169412","post","type-post","status-publish","format-standard","has-post-thumbnail","category-agenda-ca","category-canal-vinos","category-godelleta-ca","category-la-comarca-ca","category-la-hoya-ca","category-ocio-y-cultura-ca","category-seccion-ca","tag-godelleta-ca","tag-la-hoya-de-bunol-chiva-ca","tag-mistela-ca","tag-moscatel-ca"],"_links":{"self":[{"href":"https:\/\/tucomarca.whitekongsoftware.com\/ca\/wp-json\/wp\/v2\/posts\/169412","targetHints":{"allow":["GET"]}}],"collection":[{"href":"https:\/\/tucomarca.whitekongsoftware.com\/ca\/wp-json\/wp\/v2\/posts"}],"about":[{"href":"https:\/\/tucomarca.whitekongsoftware.com\/ca\/wp-json\/wp\/v2\/types\/post"}],"author":[{"embeddable":true,"href":"https:\/\/tucomarca.whitekongsoftware.com\/ca\/wp-json\/wp\/v2\/users\/12"}],"replies":[{"embeddable":true,"href":"https:\/\/tucomarca.whitekongsoftware.com\/ca\/wp-json\/wp\/v2\/comments?post=169412"}],"version-history":[{"count":0,"href":"https:\/\/tucomarca.whitekongsoftware.com\/ca\/wp-json\/wp\/v2\/posts\/169412\/revisions"}],"wp:featuredmedia":[{"embeddable":true,"href":"https:\/\/tucomarca.whitekongsoftware.com\/ca\/wp-json\/wp\/v2\/media\/169409"}],"wp:attachment":[{"href":"https:\/\/tucomarca.whitekongsoftware.com\/ca\/wp-json\/wp\/v2\/media?parent=169412"}],"wp:term":[{"taxonomy":"category","embeddable":true,"href":"https:\/\/tucomarca.whitekongsoftware.com\/ca\/wp-json\/wp\/v2\/categories?post=169412"},{"taxonomy":"post_tag","embeddable":true,"href":"https:\/\/tucomarca.whitekongsoftware.com\/ca\/wp-json\/wp\/v2\/tags?post=169412"}],"curies":[{"name":"wp","href":"https:\/\/api.w.org\/{rel}","templated":true}]}}