{"id":169379,"date":"2022-10-06T10:00:00","date_gmt":"2022-10-06T08:00:00","guid":{"rendered":"https:\/\/www.tucomarca.com\/wordpress\/segunda\/?p=169379"},"modified":"2022-10-06T14:45:50","modified_gmt":"2022-10-06T12:45:50","slug":"el-pp-de-requena-lamenta-que-el-govern-municipal-porte-7-anys-sense-consensuar-amb-els-veins-i-empreses-de-la-vila-les-mesures-de-transit","status":"publish","type":"post","link":"https:\/\/tucomarca.whitekongsoftware.com\/ca\/el-pp-de-requena-lamenta-que-el-govern-municipal-porte-7-anys-sense-consensuar-amb-els-veins-i-empreses-de-la-vila-les-mesures-de-transit\/","title":{"rendered":"El PP de Requena lamenta que el govern municipal &#8220;porte 7 anys sense consensuar amb els ve\u00efns i empreses de la Vila les mesures de tr\u00e0nsit&#8221;"},"content":{"rendered":"\n<p class=\"wp-block-paragraph\">El Partit Popular de Requena lamenta &#8220;que el alcade de la poblaci\u00f3, Mario S\u00e1nchez i el seu equip de govern, seguisca sense reunir-se ni amb ve\u00efns ni amb empresaris del barri hist\u00f2ric de La Vila per a consensuar les solucions de tr\u00e0nsit rodat que han d&#8217;escometre&#8221;. <\/p>\n\n\n\n<p class=\"wp-block-paragraph\">&#8220;Aquest govern -afigen- diu que compleix, per\u00f2 no trobem en quin, per\u00f2 els problemes de circulaci\u00f3 pels carrers de la Vila no cessen i en les quasi dues legislatures reconeixen no haver-se reunit amb els principals afectats que s\u00f3n els residents all\u00ed, b\u00e9 siga perqu\u00e8 visquen o perqu\u00e8 tinguen un negoci&#8221;. La col\u00b7locaci\u00f3 de cambres, igual que moltes altres coses que s&#8217;estan veient \u00faltimament, &#8220;s\u00f3n m\u00e9s per a aparentar que s&#8217;ha fet alguna cosa en aquests anys de govern, que una soluci\u00f3 real&#8221; diuen les fonts.\u00a0<br><br>&#8220;Els ve\u00efns i empresaris de la Vila, aix\u00ed com els turistes que ens visiten necessiten veure ja un centre hist\u00f2ric en el qual es prenguen solucions a la mobilitat. Requena est\u00e0 cansada de governs que publiciten molt per\u00f2 fan poc. S&#8217;han de prendre solucions, i per a aix\u00f2 l&#8217;imprescindible \u00e9s comptar amb l&#8217;opini\u00f3 de les persones a les quals m\u00e9s puguen afectar aqueixes mesures&#8221;, conclouen des de la formaci\u00f3 pol\u00edtica. Informa, <strong>Luis Ib\u00e1\u00f1ez.<\/strong><\/p>\n","protected":false},"excerpt":{"rendered":"<div class=\"mh-excerpt\">El Partit Popular de Requena lamenta &#8220;que el alcade de la poblaci\u00f3, Mario S\u00e1nchez i el seu equip de govern, seguisca sense reunir-se ni amb ve\u00efns ni amb empresaris del barri hist\u00f2ric de La Vila <a class=\"mh-excerpt-more\" href=\"https:\/\/tucomarca.whitekongsoftware.com\/ca\/el-pp-de-requena-lamenta-que-el-govern-municipal-porte-7-anys-sense-consensuar-amb-els-veins-i-empreses-de-la-vila-les-mesures-de-transit\/\" title=\"El PP de Requena lamenta que el govern municipal &#8220;porte 7 anys sense consensuar amb els ve\u00efns i empreses de la Vila les mesures de tr\u00e0nsit&#8221;\">[+] <\/a><\/div>\n","protected":false},"author":12,"featured_media":169377,"comment_status":"open","ping_status":"open","sticky":false,"template":"","format":"standard","meta":{"footnotes":""},"categories":[10948,10894,10947,10908,10909,10896],"tags":[16592,10910],"class_list":["post-169379","post","type-post","status-publish","format-standard","has-post-thumbnail","category-infraestructuras-ca","category-la-comarca-ca","category-politica","category-requena-ca","category-requena-utiel-ca","category-seccion-ca","tag-pp-requena-ca","tag-requena-utiel-ca"],"_links":{"self":[{"href":"https:\/\/tucomarca.whitekongsoftware.com\/ca\/wp-json\/wp\/v2\/posts\/169379","targetHints":{"allow":["GET"]}}],"collection":[{"href":"https:\/\/tucomarca.whitekongsoftware.com\/ca\/wp-json\/wp\/v2\/posts"}],"about":[{"href":"https:\/\/tucomarca.whitekongsoftware.com\/ca\/wp-json\/wp\/v2\/types\/post"}],"author":[{"embeddable":true,"href":"https:\/\/tucomarca.whitekongsoftware.com\/ca\/wp-json\/wp\/v2\/users\/12"}],"replies":[{"embeddable":true,"href":"https:\/\/tucomarca.whitekongsoftware.com\/ca\/wp-json\/wp\/v2\/comments?post=169379"}],"version-history":[{"count":0,"href":"https:\/\/tucomarca.whitekongsoftware.com\/ca\/wp-json\/wp\/v2\/posts\/169379\/revisions"}],"wp:featuredmedia":[{"embeddable":true,"href":"https:\/\/tucomarca.whitekongsoftware.com\/ca\/wp-json\/wp\/v2\/media\/169377"}],"wp:attachment":[{"href":"https:\/\/tucomarca.whitekongsoftware.com\/ca\/wp-json\/wp\/v2\/media?parent=169379"}],"wp:term":[{"taxonomy":"category","embeddable":true,"href":"https:\/\/tucomarca.whitekongsoftware.com\/ca\/wp-json\/wp\/v2\/categories?post=169379"},{"taxonomy":"post_tag","embeddable":true,"href":"https:\/\/tucomarca.whitekongsoftware.com\/ca\/wp-json\/wp\/v2\/tags?post=169379"}],"curies":[{"name":"wp","href":"https:\/\/api.w.org\/{rel}","templated":true}]}}