{"id":169322,"date":"2022-10-05T15:00:00","date_gmt":"2022-10-05T13:00:00","guid":{"rendered":"https:\/\/www.tucomarca.com\/wordpress\/segunda\/?p=169322"},"modified":"2022-10-05T22:00:22","modified_gmt":"2022-10-05T20:00:22","slug":"el-psoe-de-la-pobla-de-vallbona-elegeix-a-noemi-morales-candidata-a-lalcaldia-per-a-les-eleccions-de-maig-de-2023-amb-laval-del-80-dels-militants","status":"publish","type":"post","link":"https:\/\/tucomarca.whitekongsoftware.com\/ca\/el-psoe-de-la-pobla-de-vallbona-elegeix-a-noemi-morales-candidata-a-lalcaldia-per-a-les-eleccions-de-maig-de-2023-amb-laval-del-80-dels-militants\/","title":{"rendered":"El PSOE de la Pobla de Vallbona elegeix a Noem\u00ed Morales candidata a l&#8217;alcaldia per a les eleccions de maig de 2023 amb l&#8217;aval del 80% dels militants&nbsp;"},"content":{"rendered":"\n<p class=\"wp-block-paragraph\"><strong>Morals ocupa, actualment, la Secretaria provincial de Protecci\u00f3 de la Inf\u00e0ncia i l&#8217;Adolesc\u00e8ncia en l&#8217;executiva del PSPV\u00a0<\/strong><\/p>\n\n\n\n<p class=\"wp-block-paragraph\">El PSPV-PSOE de la Pobla de Vallbona ha elegit a Noem\u00ed Morales com a candidata a l&#8217;alcaldia de la localitat en les eleccions municipals del pr\u00f2xim mes de maig de 2023. Morales ha rebut el 80% dels avals dels militants de l&#8217;agrupaci\u00f3 socialista en el proc\u00e9s de prim\u00e0ries que es va desenvolupar per a l&#8217;elecci\u00f3 del cap de cartell electoral.&nbsp;<\/p>\n\n\n\n<p class=\"wp-block-paragraph\">Morals ocupa, actualment, la sotssecretaria general de pol\u00edtica municipal i comunicaci\u00f3 en el PSPV de la Pobla de Vallbona i, a m\u00e9s, la Secretaria de Protecci\u00f3 de la Inf\u00e0ncia i Adolesc\u00e8ncia en l&#8217;executiva provincial del PSPV. La Comissi\u00f3 Nacional d&#8217;\u00c8tica del PSPV va nomenar a Noem\u00ed Morales com a candidata provisional el passat 27 de setembre i, a continuaci\u00f3, el dia 30 la va nomenar amb car\u00e0cter definitiu.&nbsp;<\/p>\n\n\n\n<p class=\"wp-block-paragraph\">El proc\u00e9s de prim\u00e0ries es va iniciar a mitjan setembre amb la presentaci\u00f3 de les candidatures per a les pr\u00f2ximes eleccions municipals i al qual nom\u00e9s es va presentar la candidatura de Noem\u00ed Morales. La candidata electa va rebre el suport del 80% dels militants de l&#8217;agrupaci\u00f3 socialista en el per\u00edode de recollida i lliurament dels avals i, finalment, va ser proclamada com a candidata als pr\u00f2xims comicis locals.&nbsp;<\/p>\n\n\n\n<p class=\"wp-block-paragraph\">Noem\u00ed Morales \u00e9s llicenciada en psicologia per la Universitat Aut\u00f2noma de Bellaterra, ha treballat en el sector p\u00fablic i en el privat i ha estat lligada des de sempre a moviments i col\u00b7lectius socials que persegueixen la consecuci\u00f3 dels drets i les llibertats i, ara, ha fet el pas al m\u00f3n de la pol\u00edtica per a intentar aconseguir, entre altres objectius propis de les pol\u00edtiques socialistes, aquells que reivindiquen aquests col\u00b7lectius.&nbsp;<\/p>\n\n\n\n<p class=\"wp-block-paragraph\">Morales ha destacat \u201cl&#8217;enorme il\u00b7lusi\u00f3 i la responsabilitat que suposa encap\u00e7alar la llista electoral dels socialistes de la Pobla de Vallbona per a potenciar les pol\u00edtiques basades en la just\u00edcia social, la redistribuci\u00f3 de la riquesa i a garantir els drets i les llibertats b\u00e0siques de les persones; l&#8217;acc\u00e9s a l&#8217;habitatge, la protecci\u00f3 social i la igualtat d&#8217;oportunitats han de ser sempre principis irrenunciables dels socialistes en la gesti\u00f3 dels recursos p\u00fablics\u201d.&nbsp;<\/p>\n\n\n\n<p class=\"wp-block-paragraph\">En aquest sentit, la candidata socialista a l&#8217;Ajuntament de la Pobla de Vallbona ha afegit que el PSPV \u201cser\u00e0 clau per a la formaci\u00f3 d&#8217;un govern progressista en el municipi despr\u00e9s dels pr\u00f2xims comicis electorals i, per aix\u00f2, presentarem un programa electoral ambici\u00f3s i adaptat als reptes socials i ambientals que demanda l&#8217;opini\u00f3 p\u00fablica actualment\u201d.<\/p>\n\n\n\n<h4 class=\"wp-block-heading\">Moral\u00f3n p\u00fablica actualmente\u201d.&nbsp;<\/h4>\n","protected":false},"excerpt":{"rendered":"<div class=\"mh-excerpt\">Morals ocupa, actualment, la Secretaria provincial de Protecci\u00f3 de la Inf\u00e0ncia i l&#8217;Adolesc\u00e8ncia en l&#8217;executiva del PSPV\u00a0 El PSPV-PSOE de la Pobla de Vallbona ha elegit a Noem\u00ed Morales com a candidata a l&#8217;alcaldia de <a class=\"mh-excerpt-more\" href=\"https:\/\/tucomarca.whitekongsoftware.com\/ca\/el-psoe-de-la-pobla-de-vallbona-elegeix-a-noemi-morales-candidata-a-lalcaldia-per-a-les-eleccions-de-maig-de-2023-amb-laval-del-80-dels-militants\/\" title=\"El PSOE de la Pobla de Vallbona elegeix a Noem\u00ed Morales candidata a l&#8217;alcaldia per a les eleccions de maig de 2023 amb l&#8217;aval del 80% dels militants&nbsp;\">[+] <\/a><\/div>\n","protected":false},"author":12,"featured_media":169320,"comment_status":"open","ping_status":"open","sticky":false,"template":"","format":"standard","meta":{"footnotes":""},"categories":[10892,10894,10915,10947,10896],"tags":[10899,10916,11319],"class_list":["post-169322","post","type-post","status-publish","format-standard","has-post-thumbnail","category-camp-de-turia-ca","category-la-comarca-ca","category-la-pobla-ca","category-politica","category-seccion-ca","tag-camp-de-turia-ca","tag-la-pobla-de-vallbona-ca","tag-pspv-psoe-ca"],"_links":{"self":[{"href":"https:\/\/tucomarca.whitekongsoftware.com\/ca\/wp-json\/wp\/v2\/posts\/169322","targetHints":{"allow":["GET"]}}],"collection":[{"href":"https:\/\/tucomarca.whitekongsoftware.com\/ca\/wp-json\/wp\/v2\/posts"}],"about":[{"href":"https:\/\/tucomarca.whitekongsoftware.com\/ca\/wp-json\/wp\/v2\/types\/post"}],"author":[{"embeddable":true,"href":"https:\/\/tucomarca.whitekongsoftware.com\/ca\/wp-json\/wp\/v2\/users\/12"}],"replies":[{"embeddable":true,"href":"https:\/\/tucomarca.whitekongsoftware.com\/ca\/wp-json\/wp\/v2\/comments?post=169322"}],"version-history":[{"count":0,"href":"https:\/\/tucomarca.whitekongsoftware.com\/ca\/wp-json\/wp\/v2\/posts\/169322\/revisions"}],"wp:featuredmedia":[{"embeddable":true,"href":"https:\/\/tucomarca.whitekongsoftware.com\/ca\/wp-json\/wp\/v2\/media\/169320"}],"wp:attachment":[{"href":"https:\/\/tucomarca.whitekongsoftware.com\/ca\/wp-json\/wp\/v2\/media?parent=169322"}],"wp:term":[{"taxonomy":"category","embeddable":true,"href":"https:\/\/tucomarca.whitekongsoftware.com\/ca\/wp-json\/wp\/v2\/categories?post=169322"},{"taxonomy":"post_tag","embeddable":true,"href":"https:\/\/tucomarca.whitekongsoftware.com\/ca\/wp-json\/wp\/v2\/tags?post=169322"}],"curies":[{"name":"wp","href":"https:\/\/api.w.org\/{rel}","templated":true}]}}