{"id":169290,"date":"2022-10-05T15:05:00","date_gmt":"2022-10-05T13:05:00","guid":{"rendered":"https:\/\/www.tucomarca.com\/wordpress\/segunda\/?p=169290"},"modified":"2022-10-05T22:03:40","modified_gmt":"2022-10-05T20:03:40","slug":"sanitat-comenca-a-administrar-a-130-000-persones-que-treballen-en-centres-sanitaris-la-segona-dosi-de-record-de-la-vacuna-contra-la-covid-19","status":"publish","type":"post","link":"https:\/\/tucomarca.whitekongsoftware.com\/ca\/sanitat-comenca-a-administrar-a-130-000-persones-que-treballen-en-centres-sanitaris-la-segona-dosi-de-record-de-la-vacuna-contra-la-covid-19\/","title":{"rendered":"Sanitat comen\u00e7a a administrar a 130.000 persones que treballen en centres sanitaris la segona dosi de record de la vacuna contra la COVID-19"},"content":{"rendered":"\n<h4 class=\"wp-block-heading\">El personal que treballa en Sanitat, p\u00fablica i privada, es vacunar\u00e0 principalment en el seu lloc de treball i en els serveis de prevenci\u00f3<\/h4>\n\n\n\n<h4 class=\"wp-block-heading\">Un total de 17.618 valencians han rebut la vacuna bivalent en la primera setmana d&#8217;implementaci\u00f3 de les recomanacions de vacunaci\u00f3 per a la tardor<\/h4>\n\n\n\n<h4 class=\"wp-block-heading\">A partir del dilluns 17 d&#8217;octubre es vacunar\u00e0 tamb\u00e9 els qui tenen condicions de salut d&#8217;alt risc i la poblaci\u00f3 de 80 anys<strong> i m\u00e9s<\/strong><\/h4>\n\n\n\n<p class=\"wp-block-paragraph\">La Conselleria de Sanitat Universal i Salut P\u00fablica comen\u00e7a aquest dimecres a administrar la segona dosi de record de la vacuna contra el coronavirus al personal de centres, serveis i establiments sanitaris, tant d&#8217;Atenci\u00f3 Prim\u00e0ria com hospital\u00e0ria, p\u00fablica i privada, aix\u00ed com les persones que treballen en els serveis d&#8217;emerg\u00e8ncies sanit\u00e0ries i estan en contacte amb pacients. En total, s\u00f3n 130.000 persones.<\/p>\n\n\n\n<p class=\"wp-block-paragraph\">\u201cLa vacunaci\u00f3 de tot aquest personal que treballa en centres sanitaris, tant p\u00fablics com privats, s&#8217;escometr\u00e0 principalment als llocs de treball i als serveis de prevenci\u00f3 hi adherits. A m\u00e9s, s&#8217;han mantingut reunions amb els col\u00b7legis professionals, que podran organitzar campanyes&nbsp;<em>ad hoc<\/em>\u201d, ha explicat el conseller de Sanitat Universal i Salut P\u00fablica, Miguel M\u00ednguez.<\/p>\n\n\n\n<p class=\"wp-block-paragraph\">A m\u00e9s dels sanitaris, i les persones que viuen o treballen en resid\u00e8ncies de majors i altres centres d&#8217;atenci\u00f3 a la discapacitat i que ja estan rebent la protecci\u00f3 extra contra el coronavirus, a partir del dilluns 17 d&#8217;octubre es vacunar\u00e0 tamb\u00e9 els qui tenen condicions de salut d&#8217;alt risc i la poblaci\u00f3 de 80 anys i m\u00e9s, d&#8217;acord amb les Recomanacions de vacunaci\u00f3 contra la COVID-19 per a la tardor a Espanya del Ministeri de Sanitat.<\/p>\n\n\n\n<p class=\"wp-block-paragraph\">En concret, est\u00e0 previst comen\u00e7ar la immunitzaci\u00f3 amb els majors de 80 anys i, seguidament, els majors de 70 anys i els majors de 60 anys, per aquest ordre, perqu\u00e8 l&#8217;edat \u00e9s un factor de risc en la malaltia per coronavirus.<\/p>\n\n\n\n<p class=\"wp-block-paragraph\">En el cas de les persones que rebran la vacuna per edat, \u201cse simultaniejar\u00e0 la segona dosi de record de la vacuna contra la COVID amb la vacuna de la grip per a evitar dobles despla\u00e7aments\u201d, hi ha afegit M\u00ednguez. Aquest grup poblacional s&#8217;immunitzar\u00e0 seguint les directrius que la Conselleria de Sanitat Universal i Salut P\u00fablica comunicar\u00e0 amb antelaci\u00f3.<\/p>\n\n\n\n<p class=\"wp-block-paragraph\">Sumant tots els col\u00b7lectius, el nombre de persones susceptibles de rebre la segona dosi de refor\u00e7 de la vacuna contra el coronavirus ascendeix a 1.659.534 a la Comunitat Valenciana.<\/p>\n\n\n\n<p class=\"wp-block-paragraph\">En la primera setmana d&#8217;implementaci\u00f3 de les Recomanacions de vacunaci\u00f3 contra la COVID-19 per a la tardor a Espanya, un total de 17.618 persones han rebut la vacuna bivalent a la Comunitat Valenciana.<\/p>\n\n\n\n<p class=\"wp-block-paragraph\"><strong>Cinc mesos de separaci\u00f3 des de l&#8217;\u00faltima vacuna contra la COVID<\/strong><\/p>\n\n\n\n<p class=\"wp-block-paragraph\">La Comunitat Valenciana est\u00e0 administrant aquesta dosi de record amb vacunes bivalents, que generen protecci\u00f3 enfront de les subvariants d&#8217;\u00f2micron (les presents actualment) i contra altres variants que van circular amb anterioritat.<\/p>\n\n\n\n<p class=\"wp-block-paragraph\">La dosi s&#8217;est\u00e0 inoculant independentment del nombre de vacunes rebudes amb anterioritat, perqu\u00e8 es tracta de preparacions noves que protegeixen contra subvariants d&#8217;\u00f2micron i altres llinatges. A m\u00e9s, la infecci\u00f3 recent no \u00e9s ni una contraindicaci\u00f3 ni un eximent per a la vacunaci\u00f3 contra la COVID-19. Ara b\u00e9, s&#8217;ha observat una resposta millor a la vacunaci\u00f3 quan es respecta un interval de temps entre la infecci\u00f3 pr\u00e8via i la vacunaci\u00f3.<\/p>\n\n\n\n<p class=\"wp-block-paragraph\">En concret, el lapse \u00e9s d&#8217;almenys cinc mesos despr\u00e9s de la infecci\u00f3 (aix\u00f2 inclou les persones amb s\u00edmptomes prolongats posteriors a la COVID-19), excepte per a residents de centres de majors, persones de 80 anys i m\u00e9s, i pacients que tenen un alt grau d&#8217;immunosupressi\u00f3, col\u00b7lectius per als quals l&#8217;interval es redueix a tres mesos.<\/p>\n\n\n\n<p class=\"wp-block-paragraph\"><\/p>\n","protected":false},"excerpt":{"rendered":"<div class=\"mh-excerpt\">El personal que treballa en Sanitat, p\u00fablica i privada, es vacunar\u00e0 principalment en el seu lloc de treball i en els serveis de prevenci\u00f3 Un total de 17.618 valencians han rebut la vacuna bivalent en <a class=\"mh-excerpt-more\" href=\"https:\/\/tucomarca.whitekongsoftware.com\/ca\/sanitat-comenca-a-administrar-a-130-000-persones-que-treballen-en-centres-sanitaris-la-segona-dosi-de-record-de-la-vacuna-contra-la-covid-19\/\" title=\"Sanitat comen\u00e7a a administrar a 130.000 persones que treballen en centres sanitaris la segona dosi de record de la vacuna contra la COVID-19\">[+] <\/a><\/div>\n","protected":false},"author":12,"featured_media":130334,"comment_status":"open","ping_status":"open","sticky":false,"template":"","format":"standard","meta":{"footnotes":""},"categories":[11010,12202,10898,10948,10894,10904,10947,10896],"tags":[12165,11939,11940,13963],"class_list":["post-169290","post","type-post","status-publish","format-standard","has-post-thumbnail","category-canal-salud","category-covid-19-ca","category-ventana-ca","category-infraestructuras-ca","category-la-comarca-ca","category-sin-categorizar-ca","category-politica","category-seccion-ca","tag-conselleria-de-sanitat-ca","tag-coronavirus-ca","tag-covid-19-ca","tag-vacunacion-ca"],"_links":{"self":[{"href":"https:\/\/tucomarca.whitekongsoftware.com\/ca\/wp-json\/wp\/v2\/posts\/169290","targetHints":{"allow":["GET"]}}],"collection":[{"href":"https:\/\/tucomarca.whitekongsoftware.com\/ca\/wp-json\/wp\/v2\/posts"}],"about":[{"href":"https:\/\/tucomarca.whitekongsoftware.com\/ca\/wp-json\/wp\/v2\/types\/post"}],"author":[{"embeddable":true,"href":"https:\/\/tucomarca.whitekongsoftware.com\/ca\/wp-json\/wp\/v2\/users\/12"}],"replies":[{"embeddable":true,"href":"https:\/\/tucomarca.whitekongsoftware.com\/ca\/wp-json\/wp\/v2\/comments?post=169290"}],"version-history":[{"count":0,"href":"https:\/\/tucomarca.whitekongsoftware.com\/ca\/wp-json\/wp\/v2\/posts\/169290\/revisions"}],"wp:featuredmedia":[{"embeddable":true,"href":"https:\/\/tucomarca.whitekongsoftware.com\/ca\/wp-json\/wp\/v2\/media\/130334"}],"wp:attachment":[{"href":"https:\/\/tucomarca.whitekongsoftware.com\/ca\/wp-json\/wp\/v2\/media?parent=169290"}],"wp:term":[{"taxonomy":"category","embeddable":true,"href":"https:\/\/tucomarca.whitekongsoftware.com\/ca\/wp-json\/wp\/v2\/categories?post=169290"},{"taxonomy":"post_tag","embeddable":true,"href":"https:\/\/tucomarca.whitekongsoftware.com\/ca\/wp-json\/wp\/v2\/tags?post=169290"}],"curies":[{"name":"wp","href":"https:\/\/api.w.org\/{rel}","templated":true}]}}