{"id":169250,"date":"2022-10-05T10:10:00","date_gmt":"2022-10-05T08:10:00","guid":{"rendered":"https:\/\/www.tucomarca.com\/wordpress\/segunda\/?p=169250"},"modified":"2022-10-05T13:38:52","modified_gmt":"2022-10-05T11:38:52","slug":"csif-avisa-de-practiques-coactives-en-el-departament-de-salut-de-la-ribera-en-obstaculitzar-el-dret-a-la-conciliacio","status":"publish","type":"post","link":"https:\/\/tucomarca.whitekongsoftware.com\/ca\/csif-avisa-de-practiques-coactives-en-el-departament-de-salut-de-la-ribera-en-obstaculitzar-el-dret-a-la-conciliacio\/","title":{"rendered":"CSIF avisa de \u201cpr\u00e0ctiques coactives\u201d en el departament de salut de la Ribera en obstaculitzar &#8220;el dret a la conciliaci\u00f3&#8221;"},"content":{"rendered":"\n<h4 class=\"wp-block-heading\">El sindicat adverteix de la \u201cindefensi\u00f3\u201d que pateixen professionals que han sol\u00b7licitat una adaptaci\u00f3 de la duraci\u00f3 i distribuci\u00f3 de la seua jornada de treball<\/h4>\n\n\n\n<p class=\"wp-block-paragraph\">El sindicat CSIF avisa de \u201cpr\u00e0ctiques coactives\u201d que \u201cgeneren indefensi\u00f3 dels professionals\u201d en el departament de salut de la Ribera. La central sindical fa aquest advertiment davant la decisi\u00f3 de Direcci\u00f3 de dilatar la resposta a les peticions d&#8217;adaptaci\u00f3 d&#8217;horaris de llocs de treball i de convocar als afectats a reunions amb Recursos Humans. CSIF insta Direcci\u00f3 a complir amb els drets laborals.<br>La Central Sindical Independent i de Funcionaris (CSIF) considera que tant la Direcci\u00f3 del departament de salut com a Conselleria de Sanitat \u201cobstaculitzen el dret a la conciliaci\u00f3 laboral del col\u00b7lectiu de treballadors laborals de la Ribera\u201d. En aquest sentit, lamenta que \u201chan esperat a poques hores que finalitze el termini m\u00e0xim de 30 dies per a respondre des de la seua sol\u00b7licitud que marca l&#8217;article 34.8 de l&#8217;Estatut de Treballadors\u201d.<br>El sindicat recorda que els professionals laborals, en virtut del citat Estatut, \u201ctenen dret a sol\u00b7licitar les adaptacions de la duraci\u00f3 i distribuci\u00f3 de la jornada de treball, en l&#8217;ordenaci\u00f3 del temps de treball i en la forma de prestaci\u00f3\u201d. En aquest concepte queda inclosa \u201cla prestaci\u00f3 del seu treball a dist\u00e0ncia per a fer efectiu el seu dret a la conciliaci\u00f3 de la vida laboral i familiars\u201d.<br>CSIF, recalca que en lloc d&#8217;acceptar aquestes peticions a les quals tenen dret, la Direcci\u00f3 del departament \u201cha dilatat deliberadament el proc\u00e9s fins a quasi els 30 dies amb la finalitat de dissuadir al personal laboral del seu dret a la conciliaci\u00f3\u201d. A m\u00e9s, en lloc de contestar directament, ha citat als sol\u00b7licitants a una reuni\u00f3 amb Recursos Humans, en una actuaci\u00f3 que \u201cpot ser considerada coactiva i que genera gran indefensi\u00f3 al professional\u201d.<br>El sindicat explica que aquesta dilaci\u00f3 ja ha tingut efectes negatius entre el col\u00b7lectiu, perqu\u00e8 \u201cprofessionals que van sol\u00b7licitar una adaptaci\u00f3 a principis de setembre han vist com, davant la falta de resposta de Direcci\u00f3 del departament, han hagut de buscar alternatives d&#8217;\u00faltima hora per a poder atendre els seus familiars. Aquest fet ha provocat trastorns i un estr\u00e9s innecessari\u201d.&nbsp;<br>CSIF subratlla la import\u00e0ncia de la conciliaci\u00f3 i la possibilitat dels professionals d&#8217;acollir-se a aquest dret. En aquest sentit considera que pr\u00e0ctiques com dilatar la resposta d&#8217;acceptaci\u00f3 o de comunicar propostes alternatives que possibiliten la conciliaci\u00f3 suposen, de fet, \u201cuna coacci\u00f3\u201d, que s&#8217;agreuja m\u00e9s amb les reunions a porta tancada a les quals han convocat al personal sol\u00b7licitant.<\/p>\n","protected":false},"excerpt":{"rendered":"<div class=\"mh-excerpt\">El sindicat adverteix de la \u201cindefensi\u00f3\u201d que pateixen professionals que han sol\u00b7licitat una adaptaci\u00f3 de la duraci\u00f3 i distribuci\u00f3 de la seua jornada de treball El sindicat CSIF avisa de \u201cpr\u00e0ctiques coactives\u201d que \u201cgeneren indefensi\u00f3 <a class=\"mh-excerpt-more\" href=\"https:\/\/tucomarca.whitekongsoftware.com\/ca\/csif-avisa-de-practiques-coactives-en-el-departament-de-salut-de-la-ribera-en-obstaculitzar-el-dret-a-la-conciliacio\/\" title=\"CSIF avisa de \u201cpr\u00e0ctiques coactives\u201d en el departament de salut de la Ribera en obstaculitzar &#8220;el dret a la conciliaci\u00f3&#8221;\">[+] <\/a><\/div>\n","protected":false},"author":12,"featured_media":74239,"comment_status":"open","ping_status":"open","sticky":false,"template":"","format":"standard","meta":{"footnotes":""},"categories":[10889,11010,10948,10894,10902,10947,10896],"tags":[11345,14095,17974],"class_list":["post-169250","post","type-post","status-publish","format-standard","has-post-thumbnail","category-alzira-cat","category-canal-salud","category-infraestructuras-ca","category-la-comarca-ca","category-la-ribera-ca","category-politica","category-seccion-ca","tag-csif-ca","tag-departamento-de-salud-de-la-ribera-ca","tag-practicas-coactivas-ca"],"_links":{"self":[{"href":"https:\/\/tucomarca.whitekongsoftware.com\/ca\/wp-json\/wp\/v2\/posts\/169250","targetHints":{"allow":["GET"]}}],"collection":[{"href":"https:\/\/tucomarca.whitekongsoftware.com\/ca\/wp-json\/wp\/v2\/posts"}],"about":[{"href":"https:\/\/tucomarca.whitekongsoftware.com\/ca\/wp-json\/wp\/v2\/types\/post"}],"author":[{"embeddable":true,"href":"https:\/\/tucomarca.whitekongsoftware.com\/ca\/wp-json\/wp\/v2\/users\/12"}],"replies":[{"embeddable":true,"href":"https:\/\/tucomarca.whitekongsoftware.com\/ca\/wp-json\/wp\/v2\/comments?post=169250"}],"version-history":[{"count":0,"href":"https:\/\/tucomarca.whitekongsoftware.com\/ca\/wp-json\/wp\/v2\/posts\/169250\/revisions"}],"wp:featuredmedia":[{"embeddable":true,"href":"https:\/\/tucomarca.whitekongsoftware.com\/ca\/wp-json\/wp\/v2\/media\/74239"}],"wp:attachment":[{"href":"https:\/\/tucomarca.whitekongsoftware.com\/ca\/wp-json\/wp\/v2\/media?parent=169250"}],"wp:term":[{"taxonomy":"category","embeddable":true,"href":"https:\/\/tucomarca.whitekongsoftware.com\/ca\/wp-json\/wp\/v2\/categories?post=169250"},{"taxonomy":"post_tag","embeddable":true,"href":"https:\/\/tucomarca.whitekongsoftware.com\/ca\/wp-json\/wp\/v2\/tags?post=169250"}],"curies":[{"name":"wp","href":"https:\/\/api.w.org\/{rel}","templated":true}]}}