{"id":169165,"date":"2022-10-04T09:10:00","date_gmt":"2022-10-04T07:10:00","guid":{"rendered":"https:\/\/www.tucomarca.com\/wordpress\/segunda\/?p=169165"},"modified":"2022-10-04T15:34:53","modified_gmt":"2022-10-04T13:34:53","slug":"el-lugarico-vell-de-xest-acull-un-tast-de-vins-xestanos","status":"publish","type":"post","link":"https:\/\/tucomarca.whitekongsoftware.com\/ca\/el-lugarico-vell-de-xest-acull-un-tast-de-vins-xestanos\/","title":{"rendered":"El Lugarico Vell de Xest acull un tast de vins xestanos"},"content":{"rendered":"\n<figure class=\"wp-block-gallery has-nested-images columns-2 is-cropped wp-block-gallery-1 is-layout-flex wp-block-gallery-is-layout-flex\">\n<figure class=\"wp-block-image size-large\"><img loading=\"lazy\" decoding=\"async\" width=\"886\" height=\"591\" data-id=\"169154\" src=\"http:\/\/www.tucomarca.com\/wordpress\/segunda\/wp-content\/uploads\/2022\/10\/CHESTE_Cata-de-vinos_2.jpg\" alt=\"\" class=\"wp-image-169154\" srcset=\"https:\/\/tucomarca.whitekongsoftware.com\/wp-content\/uploads\/2022\/10\/CHESTE_Cata-de-vinos_2.jpg 886w, https:\/\/tucomarca.whitekongsoftware.com\/wp-content\/uploads\/2022\/10\/CHESTE_Cata-de-vinos_2-300x200.jpg 300w, https:\/\/tucomarca.whitekongsoftware.com\/wp-content\/uploads\/2022\/10\/CHESTE_Cata-de-vinos_2-768x512.jpg 768w\" sizes=\"auto, (max-width: 886px) 100vw, 886px\" \/><\/figure>\n\n\n\n<figure class=\"wp-block-image size-large\"><img loading=\"lazy\" decoding=\"async\" width=\"886\" height=\"591\" data-id=\"169156\" src=\"http:\/\/www.tucomarca.com\/wordpress\/segunda\/wp-content\/uploads\/2022\/10\/CHESTE_Cata-de-vinos_4.jpg\" alt=\"\" class=\"wp-image-169156\" srcset=\"https:\/\/tucomarca.whitekongsoftware.com\/wp-content\/uploads\/2022\/10\/CHESTE_Cata-de-vinos_4.jpg 886w, https:\/\/tucomarca.whitekongsoftware.com\/wp-content\/uploads\/2022\/10\/CHESTE_Cata-de-vinos_4-300x200.jpg 300w, https:\/\/tucomarca.whitekongsoftware.com\/wp-content\/uploads\/2022\/10\/CHESTE_Cata-de-vinos_4-768x512.jpg 768w\" sizes=\"auto, (max-width: 886px) 100vw, 886px\" \/><\/figure>\n\n\n\n<figure class=\"wp-block-image size-large\"><img loading=\"lazy\" decoding=\"async\" width=\"886\" height=\"591\" data-id=\"169158\" src=\"http:\/\/www.tucomarca.com\/wordpress\/segunda\/wp-content\/uploads\/2022\/10\/CHESTE_Cata-de-vinos_5.jpg\" alt=\"\" class=\"wp-image-169158\" srcset=\"https:\/\/tucomarca.whitekongsoftware.com\/wp-content\/uploads\/2022\/10\/CHESTE_Cata-de-vinos_5.jpg 886w, https:\/\/tucomarca.whitekongsoftware.com\/wp-content\/uploads\/2022\/10\/CHESTE_Cata-de-vinos_5-300x200.jpg 300w, https:\/\/tucomarca.whitekongsoftware.com\/wp-content\/uploads\/2022\/10\/CHESTE_Cata-de-vinos_5-768x512.jpg 768w\" sizes=\"auto, (max-width: 886px) 100vw, 886px\" \/><\/figure>\n\n\n\n<figure class=\"wp-block-image size-large\"><img loading=\"lazy\" decoding=\"async\" width=\"886\" height=\"591\" data-id=\"169162\" src=\"http:\/\/www.tucomarca.com\/wordpress\/segunda\/wp-content\/uploads\/2022\/10\/CHESTE_Cata-de-vinos_10.jpg\" alt=\"\" class=\"wp-image-169162\" srcset=\"https:\/\/tucomarca.whitekongsoftware.com\/wp-content\/uploads\/2022\/10\/CHESTE_Cata-de-vinos_10.jpg 886w, https:\/\/tucomarca.whitekongsoftware.com\/wp-content\/uploads\/2022\/10\/CHESTE_Cata-de-vinos_10-300x200.jpg 300w, https:\/\/tucomarca.whitekongsoftware.com\/wp-content\/uploads\/2022\/10\/CHESTE_Cata-de-vinos_10-768x512.jpg 768w\" sizes=\"auto, (max-width: 886px) 100vw, 886px\" \/><\/figure>\n<\/figure>\n\n\n\n<p class=\"wp-block-paragraph\">La pla\u00e7a del Lugarico Vell de Xest va albergar dissabte passat, 2 d&#8217;octubre, un tast de vins emmarcada en el programa de Festes de la Verema 2022, que va comptar amb la participaci\u00f3 de m\u00e9s de 50 persones. \u201cHa sigut tot un \u00e8xit, amb totes les places esgotades. Estic molt content amb el bon acolliment d&#8217;aquest esdeveniment, que era una de les novetats dins del programa festiu\u201d, declarava el regidor de Festes, Ra\u00fal Mota.<\/p>\n\n\n\n<p class=\"wp-block-paragraph\">El tast va estar dirigit per Jennifer Cifre Carri\u00f3n, t\u00e8cnic de qualitat de la Cooperativa Xest Agr\u00e0ria, qui va presentar els vins que s&#8217;anaven a provar i va explicar als i les assistents les fases del tast: visual, olfact\u00f2ria i gustativa.&nbsp;<\/p>\n\n\n\n<p class=\"wp-block-paragraph\">\u201cEn el celler principalment fem vins de baixa graduaci\u00f3 i dol\u00e7os, per a hui he seleccionat algunes marques que poden ser menys conegudes i que tenen un detall d&#8217;elaboraci\u00f3 interessant\u201d, explicava Xifre. \u201cEl primer que provarem ser\u00e0 L\u2019ensert, un blanc espum\u00f3s brut. El segon va vindre ser\u00e0 un Reymos Selecci\u00f3, el m\u00e9s conegut del celler, i amb el qual vam ser pioners en elaboraci\u00f3. Passarem despr\u00e9s al Sol de Reymos, que \u00e9s com una evoluci\u00f3 de la mistela cl\u00e0ssica; aquest producte t\u00e9 una complexitat d&#8217;elaboraci\u00f3 que fa que tinga amb un perfil diferent i una difer\u00e8ncia arom\u00e0tica respecte a la mistela tradicional. Finalment, es catar\u00e0 el Vermutante, que \u00e9s un vermut blanc, dels \u00faltims vins que hem fet; \u00e9s de car\u00e0cter mediterrani per\u00f2 mant\u00e9 l&#8217;ess\u00e8ncia del celler utilitzant la varietat de moscatell\u201d.<\/p>\n\n\n\n<p class=\"wp-block-paragraph\">Tots els vins van comptar amb un maridatge elaborat pel restaurant local La Cambra; des d&#8217;on es van preparar acompanyaments salats i dol\u00e7os.<\/p>\n","protected":false},"excerpt":{"rendered":"<div class=\"mh-excerpt\">La pla\u00e7a del Lugarico Vell de Xest va albergar dissabte passat, 2 d&#8217;octubre, un tast de vins emmarcada en el programa de Festes de la Verema 2022, que va comptar amb la participaci\u00f3 de m\u00e9s <a class=\"mh-excerpt-more\" href=\"https:\/\/tucomarca.whitekongsoftware.com\/ca\/el-lugarico-vell-de-xest-acull-un-tast-de-vins-xestanos\/\" title=\"El Lugarico Vell de Xest acull un tast de vins xestanos\">[+] <\/a><\/div>\n","protected":false},"author":12,"featured_media":169161,"comment_status":"open","ping_status":"open","sticky":false,"template":"","format":"gallery","meta":{"footnotes":""},"categories":[11006,10894,10912,11007,10896,10974],"tags":[17956,11072,10914],"class_list":["post-169165","post","type-post","status-publish","format-gallery","has-post-thumbnail","category-canal-vinos","category-la-comarca-ca","category-la-hoya-ca","category-ocio-y-cultura-ca","category-seccion-ca","category-cheste-ca","tag-cata-de-vinos-ca","tag-cheste-agraria-ca","tag-la-hoya-de-bunol-chiva-ca","post_format-post-format-gallery"],"_links":{"self":[{"href":"https:\/\/tucomarca.whitekongsoftware.com\/ca\/wp-json\/wp\/v2\/posts\/169165","targetHints":{"allow":["GET"]}}],"collection":[{"href":"https:\/\/tucomarca.whitekongsoftware.com\/ca\/wp-json\/wp\/v2\/posts"}],"about":[{"href":"https:\/\/tucomarca.whitekongsoftware.com\/ca\/wp-json\/wp\/v2\/types\/post"}],"author":[{"embeddable":true,"href":"https:\/\/tucomarca.whitekongsoftware.com\/ca\/wp-json\/wp\/v2\/users\/12"}],"replies":[{"embeddable":true,"href":"https:\/\/tucomarca.whitekongsoftware.com\/ca\/wp-json\/wp\/v2\/comments?post=169165"}],"version-history":[{"count":0,"href":"https:\/\/tucomarca.whitekongsoftware.com\/ca\/wp-json\/wp\/v2\/posts\/169165\/revisions"}],"wp:featuredmedia":[{"embeddable":true,"href":"https:\/\/tucomarca.whitekongsoftware.com\/ca\/wp-json\/wp\/v2\/media\/169161"}],"wp:attachment":[{"href":"https:\/\/tucomarca.whitekongsoftware.com\/ca\/wp-json\/wp\/v2\/media?parent=169165"}],"wp:term":[{"taxonomy":"category","embeddable":true,"href":"https:\/\/tucomarca.whitekongsoftware.com\/ca\/wp-json\/wp\/v2\/categories?post=169165"},{"taxonomy":"post_tag","embeddable":true,"href":"https:\/\/tucomarca.whitekongsoftware.com\/ca\/wp-json\/wp\/v2\/tags?post=169165"}],"curies":[{"name":"wp","href":"https:\/\/api.w.org\/{rel}","templated":true}]}}