{"id":168974,"date":"2022-10-02T16:00:00","date_gmt":"2022-10-02T14:00:00","guid":{"rendered":"https:\/\/www.tucomarca.com\/wordpress\/segunda\/?p=168974"},"modified":"2022-10-03T16:41:36","modified_gmt":"2022-10-03T14:41:36","slug":"maria-teresa-valero-assumeix-la-presidencia-de-lassociacio-festa-de-la-verema-de-requena","status":"publish","type":"post","link":"https:\/\/tucomarca.whitekongsoftware.com\/ca\/maria-teresa-valero-assumeix-la-presidencia-de-lassociacio-festa-de-la-verema-de-requena\/","title":{"rendered":"Mar\u00eda Teresa Valero assumeix la presid\u00e8ncia de l&#8217;Associaci\u00f3 Festa de la Verema de Requena"},"content":{"rendered":"\n<p class=\"wp-block-paragraph\">L&#8217;Assemblea de socis a m\u00e9s va modificar els punts del reglament de r\u00e8gim intern que obligaven a membres de les comissions executiva o central a assumir les presid\u00e8ncies central o de barri si no hi havia presidents.<br>Mar\u00eda Teresa Valero Garijo \u00e9s ja la presidenta de l&#8217;Associaci\u00f3 Festa de la Verema, despr\u00e9s de l&#8217;assemblea general extraordin\u00e0ria celebrada el divendres 30 de setembre a la sala Festa. Aquesta assemblea va ser convocada per la comissi\u00f3 gestora, constitu\u00efda pels presidents de les \u00faltimes deu edicions de la Festa de la Verema, ja que davant la fi del mandat de l&#8217;anterior comissi\u00f3 executiva i la convocat\u00f2ria d&#8217;eleccions no va haver-hi candidatures per a presidir l&#8217;associaci\u00f3 el passat 1 de juliol.&nbsp;<br>La nova presidenta de l&#8217;Associaci\u00f3 Festa de la Verema ha participat en nombroses edicions, ocupant c\u00e0rrecs en direccions de les comissions de barri i central i afronta aquesta nova etapa envoltada d&#8217;un grup de persones amb \u00e0mplia traject\u00f2ria en la popular festa requenense.<br>L&#8217;assemblea tamb\u00e9 va abordar la modificaci\u00f3 del reglament de r\u00e8gim intern, que en els seus articles 48 i 49 feia refer\u00e8ncia a l&#8217;obligaci\u00f3 per part de components de les comissions executiva o central, a assumir les presid\u00e8ncies central o de barri si no hi havia persones que volgueren exercir el c\u00e0rrec en l&#8217;edici\u00f3 en curs. Informa, <strong>Luis Ib\u00e1\u00f1ez.<\/strong><\/p>\n\n\n\n<p class=\"wp-block-paragraph\"><\/p>\n","protected":false},"excerpt":{"rendered":"<div class=\"mh-excerpt\">L&#8217;Assemblea de socis a m\u00e9s va modificar els punts del reglament de r\u00e8gim intern que obligaven a membres de les comissions executiva o central a assumir les presid\u00e8ncies central o de barri si no hi <a class=\"mh-excerpt-more\" href=\"https:\/\/tucomarca.whitekongsoftware.com\/ca\/maria-teresa-valero-assumeix-la-presidencia-de-lassociacio-festa-de-la-verema-de-requena\/\" title=\"Mar\u00eda Teresa Valero assumeix la presid\u00e8ncia de l&#8217;Associaci\u00f3 Festa de la Verema de Requena\">[+] <\/a><\/div>\n","protected":false},"author":12,"featured_media":168972,"comment_status":"open","ping_status":"open","sticky":false,"template":"","format":"standard","meta":{"footnotes":""},"categories":[10894,11007,10908,10909,10896],"tags":[17947,11099,10910],"class_list":["post-168974","post","type-post","status-publish","format-standard","has-post-thumbnail","category-la-comarca-ca","category-ocio-y-cultura-ca","category-requena-ca","category-requena-utiel-ca","category-seccion-ca","tag-asociacion-fiestas-de-la-vendimia-ca","tag-requena-ca","tag-requena-utiel-ca"],"_links":{"self":[{"href":"https:\/\/tucomarca.whitekongsoftware.com\/ca\/wp-json\/wp\/v2\/posts\/168974","targetHints":{"allow":["GET"]}}],"collection":[{"href":"https:\/\/tucomarca.whitekongsoftware.com\/ca\/wp-json\/wp\/v2\/posts"}],"about":[{"href":"https:\/\/tucomarca.whitekongsoftware.com\/ca\/wp-json\/wp\/v2\/types\/post"}],"author":[{"embeddable":true,"href":"https:\/\/tucomarca.whitekongsoftware.com\/ca\/wp-json\/wp\/v2\/users\/12"}],"replies":[{"embeddable":true,"href":"https:\/\/tucomarca.whitekongsoftware.com\/ca\/wp-json\/wp\/v2\/comments?post=168974"}],"version-history":[{"count":0,"href":"https:\/\/tucomarca.whitekongsoftware.com\/ca\/wp-json\/wp\/v2\/posts\/168974\/revisions"}],"wp:featuredmedia":[{"embeddable":true,"href":"https:\/\/tucomarca.whitekongsoftware.com\/ca\/wp-json\/wp\/v2\/media\/168972"}],"wp:attachment":[{"href":"https:\/\/tucomarca.whitekongsoftware.com\/ca\/wp-json\/wp\/v2\/media?parent=168974"}],"wp:term":[{"taxonomy":"category","embeddable":true,"href":"https:\/\/tucomarca.whitekongsoftware.com\/ca\/wp-json\/wp\/v2\/categories?post=168974"},{"taxonomy":"post_tag","embeddable":true,"href":"https:\/\/tucomarca.whitekongsoftware.com\/ca\/wp-json\/wp\/v2\/tags?post=168974"}],"curies":[{"name":"wp","href":"https:\/\/api.w.org\/{rel}","templated":true}]}}