{"id":168959,"date":"2022-10-01T12:00:00","date_gmt":"2022-10-01T10:00:00","guid":{"rendered":"https:\/\/www.tucomarca.com\/wordpress\/segunda\/?p=168959"},"modified":"2022-10-02T18:18:38","modified_gmt":"2022-10-02T16:18:38","slug":"la-comarca-dutiel-requena-registra-un-terratremol-de-36-de-magnitud","status":"publish","type":"post","link":"https:\/\/tucomarca.whitekongsoftware.com\/ca\/la-comarca-dutiel-requena-registra-un-terratremol-de-36-de-magnitud\/","title":{"rendered":"La comarca d&#8217;Utiel-Requena registra un terratr\u00e9mol de 3\u20196 de magnitud"},"content":{"rendered":"\n<h4 class=\"wp-block-heading\">Tal com ha informat l&#8217;Institut Geogr\u00e0fic Nacional (IGN), les localitats d&#8217;Utiel i Requena han registrat aquesta matinada un sisme de magnitud tres amb sis<\/h4>\n\n\n\n<p class=\"wp-block-paragraph\">A les tres i quaranta-cinc hores s&#8217;ha registrat un tremolor, amb el seu epicentre a Utiel, a una profunditat d&#8217;un km i a una latitud de 39.5903 i longitud -1.1924, tal com ha informat l&#8217;Institut Geogr\u00e0fic Nacional (IGN).<\/p>\n\n\n\n<p class=\"wp-block-paragraph\">Quatre crides de ve\u00efns que han percebut el terratr\u00e9mol han alertat a la Policia Local d&#8217;Utiel i la Gu\u00e0rdia Civil, que no ha causat danys materials, tal com ha indicat el Centre de Coordinaci\u00f3 d&#8217;Emerg\u00e8ncies de la Generalitat.<\/p>\n\n\n\n<p class=\"wp-block-paragraph\">Tamb\u00e9 l&#8217;IGN ha informat d&#8217;activitat s\u00edsmica \u00abmolt freq\u00fcent\u00bb en la zona des de les 7,00 hores. Fins al moment, la Policia Local de la localitat no ha rebut m\u00e9s dites. Pel seu costat, el \u2018112 CV\u2018 no ha rebut anomenades associades al fenomen.<\/p>\n\n\n\n<p class=\"wp-block-paragraph\"><\/p>\n","protected":false},"excerpt":{"rendered":"<div class=\"mh-excerpt\">Tal com ha informat l&#8217;Institut Geogr\u00e0fic Nacional (IGN), les localitats d&#8217;Utiel i Requena han registrat aquesta matinada un sisme de magnitud tres amb sis A les tres i quaranta-cinc hores s&#8217;ha registrat un tremolor, amb <a class=\"mh-excerpt-more\" href=\"https:\/\/tucomarca.whitekongsoftware.com\/ca\/la-comarca-dutiel-requena-registra-un-terratremol-de-36-de-magnitud\/\" title=\"La comarca d&#8217;Utiel-Requena registra un terratr\u00e9mol de 3\u20196 de magnitud\">[+] <\/a><\/div>\n","protected":false},"author":12,"featured_media":168958,"comment_status":"open","ping_status":"open","sticky":false,"template":"","format":"standard","meta":{"footnotes":""},"categories":[10898,10948,10894,10908,10909,10896,10897,11059],"tags":[11099,10910,17943,11174],"class_list":["post-168959","post","type-post","status-publish","format-standard","has-post-thumbnail","category-ventana-ca","category-infraestructuras-ca","category-la-comarca-ca","category-requena-ca","category-requena-utiel-ca","category-seccion-ca","category-sucesos-la-comarca-ca","category-utiel-ca","tag-requena-ca","tag-requena-utiel-ca","tag-terremoto-ca","tag-utiel-ca"],"_links":{"self":[{"href":"https:\/\/tucomarca.whitekongsoftware.com\/ca\/wp-json\/wp\/v2\/posts\/168959","targetHints":{"allow":["GET"]}}],"collection":[{"href":"https:\/\/tucomarca.whitekongsoftware.com\/ca\/wp-json\/wp\/v2\/posts"}],"about":[{"href":"https:\/\/tucomarca.whitekongsoftware.com\/ca\/wp-json\/wp\/v2\/types\/post"}],"author":[{"embeddable":true,"href":"https:\/\/tucomarca.whitekongsoftware.com\/ca\/wp-json\/wp\/v2\/users\/12"}],"replies":[{"embeddable":true,"href":"https:\/\/tucomarca.whitekongsoftware.com\/ca\/wp-json\/wp\/v2\/comments?post=168959"}],"version-history":[{"count":0,"href":"https:\/\/tucomarca.whitekongsoftware.com\/ca\/wp-json\/wp\/v2\/posts\/168959\/revisions"}],"wp:featuredmedia":[{"embeddable":true,"href":"https:\/\/tucomarca.whitekongsoftware.com\/ca\/wp-json\/wp\/v2\/media\/168958"}],"wp:attachment":[{"href":"https:\/\/tucomarca.whitekongsoftware.com\/ca\/wp-json\/wp\/v2\/media?parent=168959"}],"wp:term":[{"taxonomy":"category","embeddable":true,"href":"https:\/\/tucomarca.whitekongsoftware.com\/ca\/wp-json\/wp\/v2\/categories?post=168959"},{"taxonomy":"post_tag","embeddable":true,"href":"https:\/\/tucomarca.whitekongsoftware.com\/ca\/wp-json\/wp\/v2\/tags?post=168959"}],"curies":[{"name":"wp","href":"https:\/\/api.w.org\/{rel}","templated":true}]}}