{"id":168930,"date":"2022-09-30T12:55:00","date_gmt":"2022-09-30T10:55:00","guid":{"rendered":"https:\/\/www.tucomarca.com\/wordpress\/segunda\/?p=168930"},"modified":"2022-09-30T18:30:02","modified_gmt":"2022-09-30T16:30:02","slug":"els-collegis-de-xest-es-donen-cita-en-el-teatre-liceu-per-a-assistir-al-concert-didactic-dinici-de-curs","status":"publish","type":"post","link":"https:\/\/tucomarca.whitekongsoftware.com\/ca\/els-collegis-de-xest-es-donen-cita-en-el-teatre-liceu-per-a-assistir-al-concert-didactic-dinici-de-curs\/","title":{"rendered":"Els col\u00b7legis de Xest es donen cita en el teatre Liceu per a assistir al concert did\u00e0ctic d&#8217;inici de curs"},"content":{"rendered":"\n<p class=\"wp-block-paragraph\">En el mat\u00ed de hui ha tingut lloc el Concert Did\u00e0ctic a c\u00e0rrec de l&#8217;Associaci\u00f3 Musical La Lira. Els quatre col\u00b7legis del municipi s&#8217;han donat cita en dos torns per a con\u00e9ixer de prop els instruments i les caracter\u00edstiques d&#8217;una agrupaci\u00f3 musical.<br>L&#8217;acte ha comen\u00e7at amb la presentaci\u00f3 de la regidora de Cultura, M\u00aa \u00c1ngeles Llorente, que ha agra\u00eft als i les docents haver incl\u00f2s aquesta activitat en les seues programacions. \u201cDespr\u00e9s d&#8217;aquests anys de pand\u00e8mia, recuperem aquesta activitat tan bonica: el Concert Did\u00e0ctic que ens ofereix la Banda Juvenil i l&#8217;Escola de l&#8217;Associaci\u00f3 Musical La Lira. La m\u00fasica ens ajuda a desenvolupar la ment, ens emociona, ens diverteix, ens sana. La m\u00fasica \u00e9s necess\u00e0ria i imprescindible\u201d, afirmava Llorente, despr\u00e9s de felicitar a tots els membres de l&#8217;agrupaci\u00f3 musical, al director de la Banda Juvenil, Gustavo L\u00f3pez, i al director de l&#8217;escola, Miguel \u00c1ngel Cuadrado, pel seu treball.<br>El concert ha arrancat amb la presentaci\u00f3 de tots els instruments que formen la Banda Juvenil, des de les flautes fins a la percussi\u00f3. Posteriorment, s&#8217;ha presentat l&#8217;obra que anava a interpretar la Banda Juvenil: Safari, del compositor valenci\u00e0 Ferrer Ferr\u00e1n. A m\u00e9s, com \u00e9s habitual, s&#8217;ha donat l&#8217;oportunitat a l&#8217;alumnat assistent de dirigir a l&#8217;agrupaci\u00f3 durant la interpretaci\u00f3 del pasdoble El gat munt\u00e9s.&nbsp;<br>\u201cPortem treballant en la preparaci\u00f3 d&#8217;aquest concert al voltant d&#8217;un mes, sobretot Gustavo. \u00c9s un projecte al qual li ten\u00edem moltes ganes, ja que port\u00e0vem uns anys sense poder fer-ho. L&#8217;objectiu \u00e9s tocar una obra amena per als i les assistents i que coneguen els instruments\u201d, ha explicat el director de l&#8217;Escola de l&#8217;A. m. La Lira, Miguel \u00c1ngel Cuadrado.<br>En concloure del concert, l&#8217;Associaci\u00f3 Musical La Lira ha obsequiat a alguns dels i les assistents amb una samarreta de l&#8217;agrupaci\u00f3.<\/p>\n","protected":false},"excerpt":{"rendered":"<div class=\"mh-excerpt\">En el mat\u00ed de hui ha tingut lloc el Concert Did\u00e0ctic a c\u00e0rrec de l&#8217;Associaci\u00f3 Musical La Lira. Els quatre col\u00b7legis del municipi s&#8217;han donat cita en dos torns per a con\u00e9ixer de prop els <a class=\"mh-excerpt-more\" href=\"https:\/\/tucomarca.whitekongsoftware.com\/ca\/els-collegis-de-xest-es-donen-cita-en-el-teatre-liceu-per-a-assistir-al-concert-didactic-dinici-de-curs\/\" title=\"Els col\u00b7legis de Xest es donen cita en el teatre Liceu per a assistir al concert did\u00e0ctic d&#8217;inici de curs\">[+] <\/a><\/div>\n","protected":false},"author":12,"featured_media":168929,"comment_status":"open","ping_status":"open","sticky":false,"template":"","format":"standard","meta":{"footnotes":""},"categories":[11005,10904,10912,10974],"tags":[12699,11071,17934,10914],"class_list":["post-168930","post","type-post","status-publish","format-standard","has-post-thumbnail","category-canal-musica","category-sin-categorizar-ca","category-la-hoya-ca","category-cheste-ca","tag-asociacion-musical-la-lira-ca","tag-cheste","tag-concierto-didactico-ca","tag-la-hoya-de-bunol-chiva-ca"],"_links":{"self":[{"href":"https:\/\/tucomarca.whitekongsoftware.com\/ca\/wp-json\/wp\/v2\/posts\/168930","targetHints":{"allow":["GET"]}}],"collection":[{"href":"https:\/\/tucomarca.whitekongsoftware.com\/ca\/wp-json\/wp\/v2\/posts"}],"about":[{"href":"https:\/\/tucomarca.whitekongsoftware.com\/ca\/wp-json\/wp\/v2\/types\/post"}],"author":[{"embeddable":true,"href":"https:\/\/tucomarca.whitekongsoftware.com\/ca\/wp-json\/wp\/v2\/users\/12"}],"replies":[{"embeddable":true,"href":"https:\/\/tucomarca.whitekongsoftware.com\/ca\/wp-json\/wp\/v2\/comments?post=168930"}],"version-history":[{"count":0,"href":"https:\/\/tucomarca.whitekongsoftware.com\/ca\/wp-json\/wp\/v2\/posts\/168930\/revisions"}],"wp:featuredmedia":[{"embeddable":true,"href":"https:\/\/tucomarca.whitekongsoftware.com\/ca\/wp-json\/wp\/v2\/media\/168929"}],"wp:attachment":[{"href":"https:\/\/tucomarca.whitekongsoftware.com\/ca\/wp-json\/wp\/v2\/media?parent=168930"}],"wp:term":[{"taxonomy":"category","embeddable":true,"href":"https:\/\/tucomarca.whitekongsoftware.com\/ca\/wp-json\/wp\/v2\/categories?post=168930"},{"taxonomy":"post_tag","embeddable":true,"href":"https:\/\/tucomarca.whitekongsoftware.com\/ca\/wp-json\/wp\/v2\/tags?post=168930"}],"curies":[{"name":"wp","href":"https:\/\/api.w.org\/{rel}","templated":true}]}}