{"id":168885,"date":"2022-09-30T13:05:00","date_gmt":"2022-09-30T11:05:00","guid":{"rendered":"https:\/\/www.tucomarca.com\/wordpress\/segunda\/?p=168885"},"modified":"2022-09-30T14:57:36","modified_gmt":"2022-09-30T12:57:36","slug":"lajuntament-de-bunyol-celebra-un-ple-extraordinari-monografic-sobre-lensulsiada-del-carrer-moratin","status":"publish","type":"post","link":"https:\/\/tucomarca.whitekongsoftware.com\/ca\/lajuntament-de-bunyol-celebra-un-ple-extraordinari-monografic-sobre-lensulsiada-del-carrer-moratin\/","title":{"rendered":"L&#8217;Ajuntament de Bunyol celebra un ple extraordinari monogr\u00e0fic sobre l&#8217;ensulsiada del carrer Morat\u00edn"},"content":{"rendered":"\n<figure class=\"wp-block-gallery has-nested-images columns-2 is-cropped wp-block-gallery-1 is-layout-flex wp-block-gallery-is-layout-flex\">\n<figure class=\"wp-block-image size-large\"><img loading=\"lazy\" decoding=\"async\" width=\"2048\" height=\"2048\" data-id=\"168880\" src=\"http:\/\/www.tucomarca.com\/wordpress\/segunda\/wp-content\/uploads\/2022\/09\/PlenoMoratin06.jpg\" alt=\"\" class=\"wp-image-168880\" srcset=\"https:\/\/tucomarca.whitekongsoftware.com\/wp-content\/uploads\/2022\/09\/PlenoMoratin06.jpg 2048w, https:\/\/tucomarca.whitekongsoftware.com\/wp-content\/uploads\/2022\/09\/PlenoMoratin06-300x300.jpg 300w, https:\/\/tucomarca.whitekongsoftware.com\/wp-content\/uploads\/2022\/09\/PlenoMoratin06-1024x1024.jpg 1024w, https:\/\/tucomarca.whitekongsoftware.com\/wp-content\/uploads\/2022\/09\/PlenoMoratin06-290x290.jpg 290w, https:\/\/tucomarca.whitekongsoftware.com\/wp-content\/uploads\/2022\/09\/PlenoMoratin06-768x768.jpg 768w, https:\/\/tucomarca.whitekongsoftware.com\/wp-content\/uploads\/2022\/09\/PlenoMoratin06-1536x1536.jpg 1536w\" sizes=\"auto, (max-width: 2048px) 100vw, 2048px\" \/><\/figure>\n\n\n\n<figure class=\"wp-block-image size-large\"><img loading=\"lazy\" decoding=\"async\" width=\"2048\" height=\"2048\" data-id=\"168882\" src=\"http:\/\/www.tucomarca.com\/wordpress\/segunda\/wp-content\/uploads\/2022\/09\/PlenoMoratin07.jpg\" alt=\"\" class=\"wp-image-168882\" srcset=\"https:\/\/tucomarca.whitekongsoftware.com\/wp-content\/uploads\/2022\/09\/PlenoMoratin07.jpg 2048w, https:\/\/tucomarca.whitekongsoftware.com\/wp-content\/uploads\/2022\/09\/PlenoMoratin07-300x300.jpg 300w, https:\/\/tucomarca.whitekongsoftware.com\/wp-content\/uploads\/2022\/09\/PlenoMoratin07-1024x1024.jpg 1024w, https:\/\/tucomarca.whitekongsoftware.com\/wp-content\/uploads\/2022\/09\/PlenoMoratin07-290x290.jpg 290w, https:\/\/tucomarca.whitekongsoftware.com\/wp-content\/uploads\/2022\/09\/PlenoMoratin07-768x768.jpg 768w, https:\/\/tucomarca.whitekongsoftware.com\/wp-content\/uploads\/2022\/09\/PlenoMoratin07-1536x1536.jpg 1536w\" sizes=\"auto, (max-width: 2048px) 100vw, 2048px\" \/><\/figure>\n\n\n\n<figure class=\"wp-block-image size-large\"><img loading=\"lazy\" decoding=\"async\" width=\"2048\" height=\"2048\" data-id=\"168870\" src=\"http:\/\/www.tucomarca.com\/wordpress\/segunda\/wp-content\/uploads\/2022\/09\/PlenoMoratin01.jpg\" alt=\"\" class=\"wp-image-168870\" srcset=\"https:\/\/tucomarca.whitekongsoftware.com\/wp-content\/uploads\/2022\/09\/PlenoMoratin01.jpg 2048w, https:\/\/tucomarca.whitekongsoftware.com\/wp-content\/uploads\/2022\/09\/PlenoMoratin01-300x300.jpg 300w, https:\/\/tucomarca.whitekongsoftware.com\/wp-content\/uploads\/2022\/09\/PlenoMoratin01-1024x1024.jpg 1024w, https:\/\/tucomarca.whitekongsoftware.com\/wp-content\/uploads\/2022\/09\/PlenoMoratin01-290x290.jpg 290w, https:\/\/tucomarca.whitekongsoftware.com\/wp-content\/uploads\/2022\/09\/PlenoMoratin01-768x768.jpg 768w, https:\/\/tucomarca.whitekongsoftware.com\/wp-content\/uploads\/2022\/09\/PlenoMoratin01-1536x1536.jpg 1536w\" sizes=\"auto, (max-width: 2048px) 100vw, 2048px\" \/><\/figure>\n\n\n\n<figure class=\"wp-block-image size-large\"><img loading=\"lazy\" decoding=\"async\" width=\"2048\" height=\"2048\" data-id=\"168872\" src=\"http:\/\/www.tucomarca.com\/wordpress\/segunda\/wp-content\/uploads\/2022\/09\/PlenoMoratin02.jpg\" alt=\"\" class=\"wp-image-168872\" srcset=\"https:\/\/tucomarca.whitekongsoftware.com\/wp-content\/uploads\/2022\/09\/PlenoMoratin02.jpg 2048w, https:\/\/tucomarca.whitekongsoftware.com\/wp-content\/uploads\/2022\/09\/PlenoMoratin02-300x300.jpg 300w, https:\/\/tucomarca.whitekongsoftware.com\/wp-content\/uploads\/2022\/09\/PlenoMoratin02-1024x1024.jpg 1024w, https:\/\/tucomarca.whitekongsoftware.com\/wp-content\/uploads\/2022\/09\/PlenoMoratin02-290x290.jpg 290w, https:\/\/tucomarca.whitekongsoftware.com\/wp-content\/uploads\/2022\/09\/PlenoMoratin02-768x768.jpg 768w, https:\/\/tucomarca.whitekongsoftware.com\/wp-content\/uploads\/2022\/09\/PlenoMoratin02-1536x1536.jpg 1536w\" sizes=\"auto, (max-width: 2048px) 100vw, 2048px\" \/><\/figure>\n\n\n\n<figure class=\"wp-block-image size-large\"><img loading=\"lazy\" decoding=\"async\" width=\"2048\" height=\"2048\" data-id=\"168876\" src=\"http:\/\/www.tucomarca.com\/wordpress\/segunda\/wp-content\/uploads\/2022\/09\/PlenoMoratin04.jpg\" alt=\"\" class=\"wp-image-168876\" srcset=\"https:\/\/tucomarca.whitekongsoftware.com\/wp-content\/uploads\/2022\/09\/PlenoMoratin04.jpg 2048w, https:\/\/tucomarca.whitekongsoftware.com\/wp-content\/uploads\/2022\/09\/PlenoMoratin04-300x300.jpg 300w, https:\/\/tucomarca.whitekongsoftware.com\/wp-content\/uploads\/2022\/09\/PlenoMoratin04-1024x1024.jpg 1024w, https:\/\/tucomarca.whitekongsoftware.com\/wp-content\/uploads\/2022\/09\/PlenoMoratin04-290x290.jpg 290w, https:\/\/tucomarca.whitekongsoftware.com\/wp-content\/uploads\/2022\/09\/PlenoMoratin04-768x768.jpg 768w, https:\/\/tucomarca.whitekongsoftware.com\/wp-content\/uploads\/2022\/09\/PlenoMoratin04-1536x1536.jpg 1536w\" sizes=\"auto, (max-width: 2048px) 100vw, 2048px\" \/><\/figure>\n\n\n\n<figure class=\"wp-block-image size-large\"><img loading=\"lazy\" decoding=\"async\" width=\"2048\" height=\"2048\" data-id=\"168874\" src=\"http:\/\/www.tucomarca.com\/wordpress\/segunda\/wp-content\/uploads\/2022\/09\/PlenoMoratin03.jpg\" alt=\"\" class=\"wp-image-168874\" srcset=\"https:\/\/tucomarca.whitekongsoftware.com\/wp-content\/uploads\/2022\/09\/PlenoMoratin03.jpg 2048w, https:\/\/tucomarca.whitekongsoftware.com\/wp-content\/uploads\/2022\/09\/PlenoMoratin03-300x300.jpg 300w, https:\/\/tucomarca.whitekongsoftware.com\/wp-content\/uploads\/2022\/09\/PlenoMoratin03-1024x1024.jpg 1024w, https:\/\/tucomarca.whitekongsoftware.com\/wp-content\/uploads\/2022\/09\/PlenoMoratin03-290x290.jpg 290w, https:\/\/tucomarca.whitekongsoftware.com\/wp-content\/uploads\/2022\/09\/PlenoMoratin03-768x768.jpg 768w, https:\/\/tucomarca.whitekongsoftware.com\/wp-content\/uploads\/2022\/09\/PlenoMoratin03-1536x1536.jpg 1536w\" sizes=\"auto, (max-width: 2048px) 100vw, 2048px\" \/><\/figure>\n<\/figure>\n\n\n\n<p class=\"wp-block-paragraph\">L&#8217;Ajuntament de Bunyol va celebrar ahir un ple extraordinari monogr\u00e0fic sobre la situaci\u00f3 del Carrer Morat\u00edn despr\u00e9s de l&#8217;ensulsiada d&#8217;un mur del passat 31 d&#8217;agost que va obligar a desallotjar als ve\u00efns de sis cases.<\/p>\n\n\n\n<p class=\"wp-block-paragraph\">L&#8217;alcaldessa de Bunyol, Juncal Carrascosa, va explicar la cronologia de tot el succe\u00eft, de cada mesura t\u00e8cnica, de reunions amb altres administracions per a sol\u00b7licitar ajudes i de l&#8217;ajuda prestada dia a dia als ve\u00efns.<\/p>\n\n\n\n<p class=\"wp-block-paragraph\">Juncal Carrascosa va insistir que l&#8217;ajuntament \u201cha posat tots els seus mitjans des del primer minut, dels t\u00e8cnics, de la brigada i de la policia local, i despr\u00e9s de tot l&#8217;\u00e0rea de contractaci\u00f3 per a dur a terme les obres necess\u00e0ries per urg\u00e8ncia\u201d. Va explicar com es va reallotjar als ve\u00efns, les reunions i informes que s&#8217;han elevat a Diputaci\u00f3 de Val\u00e8ncia, Generalitat Valenciana i Govern d&#8217;Espanya per a sol\u00b7licitar l&#8217;ajuda econ\u00f2mica necess\u00e0ria per a afrontar les obres.<\/p>\n\n\n\n<p class=\"wp-block-paragraph\">L&#8217;alcaldessa va relatar cada pas donat per arquitectes, enginyers, t\u00e8cnics de riscos geol\u00f2gics de la Diputaci\u00f3 i la direcci\u00f3 d&#8217;obra ja contractada, i va anunciar que el dilluns hi haur\u00e0 una nova reuni\u00f3 dels ve\u00efns en la qual participar\u00e0 l&#8217;enginyer per a informar-los dels treballs que es desenvoluparan.<\/p>\n\n\n\n<p class=\"wp-block-paragraph\">En el mateix ple va compar\u00e9ixer Rafa P\u00e9rez, regidor d&#8217;Urbanisme, qui va assegurar que \u201cning\u00fa podia preveure que l&#8217;ensulsiada anava a oc\u00f3rrer\u201d, i va explicar de manera gr\u00e0fica les obres que s&#8217;escometran per a assentar el mur, i fer m\u00e9s \u00e0mplia el Carrer Morat\u00edn i eliminar els riscos de noves ensulsiades. Seran prop de 700.000 euros de cost de les obres, uns treballs que va assegurar que \u201cestaran vius cont\u00ednuament, en el sentit que pot haver-hi canvis a cada moment segons les circumst\u00e0ncies que es vagen trobant\u201d.<\/p>\n\n\n\n<p class=\"wp-block-paragraph\">Juncal Carrascosa va anunciar una comissi\u00f3 informativa per a fer un seguiment de tot el que esdevinga, i Rafa P\u00e9rez va assegurar que es demanaran els informes t\u00e8cnics necessaris per a saber les causes de l&#8217;ensulsiada, que hui dia es desconeixen amb certesa.<\/p>\n\n\n\n<p class=\"wp-block-paragraph\">L&#8217;Ajuntament de Bunyol far\u00e0 una valoraci\u00f3 dels habitatges quan es puga accedir per a veure possibles danys estructurals. Les obres duraran entorn de tres mesos, el carrer passar\u00e0 de 3,7 metres d&#8217;ample a 7,8 metres, i al final del carrer hi haur\u00e0 un estrenyiment als 6,5 metres.<\/p>\n\n\n\n<p class=\"wp-block-paragraph\"><strong>Participaci\u00f3<\/strong><\/p>\n\n\n\n<p class=\"wp-block-paragraph\">Tant l&#8217;oposici\u00f3 com els ve\u00efns del Carrer Morat\u00edn, del castell i l&#8217;Associaci\u00f3 de ve\u00efns i amics del barri antic de Bunyol van participar en aquest ple donant la seua opini\u00f3, exposant els seus dubtes i petici<\/p>\n","protected":false},"excerpt":{"rendered":"<div class=\"mh-excerpt\">L&#8217;Ajuntament de Bunyol va celebrar ahir un ple extraordinari monogr\u00e0fic sobre la situaci\u00f3 del Carrer Morat\u00edn despr\u00e9s de l&#8217;ensulsiada d&#8217;un mur del passat 31 d&#8217;agost que va obligar a desallotjar als ve\u00efns de sis cases. <a class=\"mh-excerpt-more\" href=\"https:\/\/tucomarca.whitekongsoftware.com\/ca\/lajuntament-de-bunyol-celebra-un-ple-extraordinari-monografic-sobre-lensulsiada-del-carrer-moratin\/\" title=\"L&#8217;Ajuntament de Bunyol celebra un ple extraordinari monogr\u00e0fic sobre l&#8217;ensulsiada del carrer Morat\u00edn\">[+] <\/a><\/div>\n","protected":false},"author":12,"featured_media":168879,"comment_status":"open","ping_status":"open","sticky":false,"template":"","format":"gallery","meta":{"footnotes":""},"categories":[10911,10948,10894,10912,10947,10896,10897],"tags":[17931,10914,14227],"class_list":["post-168885","post","type-post","status-publish","format-gallery","has-post-thumbnail","category-bunol-ca","category-infraestructuras-ca","category-la-comarca-ca","category-la-hoya-ca","category-politica","category-seccion-ca","category-sucesos-la-comarca-ca","tag-derrumbre-calle-moratin-ca","tag-la-hoya-de-bunol-chiva-ca","tag-pleno-de-bunol-ca","post_format-post-format-gallery"],"_links":{"self":[{"href":"https:\/\/tucomarca.whitekongsoftware.com\/ca\/wp-json\/wp\/v2\/posts\/168885","targetHints":{"allow":["GET"]}}],"collection":[{"href":"https:\/\/tucomarca.whitekongsoftware.com\/ca\/wp-json\/wp\/v2\/posts"}],"about":[{"href":"https:\/\/tucomarca.whitekongsoftware.com\/ca\/wp-json\/wp\/v2\/types\/post"}],"author":[{"embeddable":true,"href":"https:\/\/tucomarca.whitekongsoftware.com\/ca\/wp-json\/wp\/v2\/users\/12"}],"replies":[{"embeddable":true,"href":"https:\/\/tucomarca.whitekongsoftware.com\/ca\/wp-json\/wp\/v2\/comments?post=168885"}],"version-history":[{"count":0,"href":"https:\/\/tucomarca.whitekongsoftware.com\/ca\/wp-json\/wp\/v2\/posts\/168885\/revisions"}],"wp:featuredmedia":[{"embeddable":true,"href":"https:\/\/tucomarca.whitekongsoftware.com\/ca\/wp-json\/wp\/v2\/media\/168879"}],"wp:attachment":[{"href":"https:\/\/tucomarca.whitekongsoftware.com\/ca\/wp-json\/wp\/v2\/media?parent=168885"}],"wp:term":[{"taxonomy":"category","embeddable":true,"href":"https:\/\/tucomarca.whitekongsoftware.com\/ca\/wp-json\/wp\/v2\/categories?post=168885"},{"taxonomy":"post_tag","embeddable":true,"href":"https:\/\/tucomarca.whitekongsoftware.com\/ca\/wp-json\/wp\/v2\/tags?post=168885"}],"curies":[{"name":"wp","href":"https:\/\/api.w.org\/{rel}","templated":true}]}}