{"id":168805,"date":"2022-09-29T12:30:00","date_gmt":"2022-09-29T10:30:00","guid":{"rendered":"https:\/\/www.tucomarca.com\/wordpress\/segunda\/?p=168805"},"modified":"2022-09-29T21:06:13","modified_gmt":"2022-09-29T19:06:13","slug":"la-comissio-de-sant-cristofor-amb-la-collaboracio-de-la-regidoria-de-cultura-popular-de-bunyol-celebra-lesmorzar-de-fi-de-lestiu-amb-una-barbacoa-gegant","status":"publish","type":"post","link":"https:\/\/tucomarca.whitekongsoftware.com\/ca\/la-comissio-de-sant-cristofor-amb-la-collaboracio-de-la-regidoria-de-cultura-popular-de-bunyol-celebra-lesmorzar-de-fi-de-lestiu-amb-una-barbacoa-gegant\/","title":{"rendered":"La Comissi\u00f3 de Sant Crist\u00f2for amb la col\u00b7laboraci\u00f3 de la regidoria de Cultura Popular de Bunyol celebra l'&#8221;Esmorzar de fi de l&#8217;Estiu&#8221; amb una barbacoa gegant"},"content":{"rendered":"\n<h4 class=\"wp-block-heading\">La Comissi\u00f3 de Sant Crist\u00f2for organitza aquest dissabte, juntament amb la regidoria de Cultura Popular de l&#8217;Ajuntament de Bunyol, una jornada de germanor en l&#8217;Avinguda Rafael Ridaura.&nbsp;<\/h4>\n\n\n\n<p class=\"wp-block-paragraph\">Aquest dissabte en l&#8217;Avinguda Rafael Ridaura hi haur\u00e0 esmorzars fi de l&#8217;estiu, i barbacoa gegant a partir de les 12.30h, posteriorment discom\u00f3vil a c\u00e0rrec de Bruno Velert i Miki Grau. El tiquet de 10 euros inclou la barbacoa, picotege, beguda, postres i caf\u00e9 i el de 14 euros, a m\u00e9s d&#8217;aix\u00f2, un cubata. Es poden comprar els tiquets fins dem\u00e0 divendres al mig dia en Perruqueria Azu, Perruqueria Miriam, Reparacions Requena o en el tel\u00e8fon 690 91 39 12.<\/p>\n\n\n\n<p class=\"wp-block-paragraph\">Rafa P\u00e9rez, regidor de Cultura Popular de l&#8217;Ajuntament de Bunyol, recorda que des que va arrancar l&#8217;any totes les associacions culturals o festives del municipi han participat activament a oferir cada cap de setmana actes festius. S&#8217;agraeix l&#8217;enorme esfor\u00e7 de totes elles, \u201ci aquest cap de setmana aquesta gran comissi\u00f3 va decidir muntar aquesta divertida festa, en la qual com sempre la regidoria de Cultura Popular col\u00b7labora en tot el necessari per a continuar garantint festa i diversi\u00f3 en el nostre municipi\u201d.&nbsp;<\/p>\n\n\n\n<p class=\"wp-block-paragraph\">La Comissi\u00f3 de Sant Crist\u00f2for assegura que l&#8217;objectiu d&#8217;organitzar aquesta festa \u00e9s crear ambient al poble i poder oferir per a el mes vinent de juliol, moment en el qual se celebra la festivitat en honor a Sant Crist\u00f2for, un cap de setmana ple d&#8217;activitats culturals per a tots els p\u00fablics.&nbsp;<\/p>\n\n\n\n<p class=\"wp-block-paragraph\">Des d&#8217;aquesta associaci\u00f3 conviden a tots els ciutadans de Bunyol al fet que acudisquen a aquesta festa del dissabte en la barbacoa gegant i posterior discom\u00f3vil que tindr\u00e0 lloc en l&#8217;avinguda Rafael Ridaura a partir de les 12:30h del mat\u00ed.<\/p>\n","protected":false},"excerpt":{"rendered":"<div class=\"mh-excerpt\">La Comissi\u00f3 de Sant Crist\u00f2for organitza aquest dissabte, juntament amb la regidoria de Cultura Popular de l&#8217;Ajuntament de Bunyol, una jornada de germanor en l&#8217;Avinguda Rafael Ridaura.&nbsp; Aquest dissabte en l&#8217;Avinguda Rafael Ridaura hi haur\u00e0 <a class=\"mh-excerpt-more\" href=\"https:\/\/tucomarca.whitekongsoftware.com\/ca\/la-comissio-de-sant-cristofor-amb-la-collaboracio-de-la-regidoria-de-cultura-popular-de-bunyol-celebra-lesmorzar-de-fi-de-lestiu-amb-una-barbacoa-gegant\/\" title=\"La Comissi\u00f3 de Sant Crist\u00f2for amb la col\u00b7laboraci\u00f3 de la regidoria de Cultura Popular de Bunyol celebra l&#039;&#8221;Esmorzar de fi de l&#8217;Estiu&#8221; amb una barbacoa gegant\">[+] <\/a><\/div>\n","protected":false},"author":12,"featured_media":168806,"comment_status":"open","ping_status":"open","sticky":false,"template":"","format":"standard","meta":{"footnotes":""},"categories":[11019,10911,10894,10912,10896],"tags":[10913,10914,17921],"class_list":["post-168805","post","type-post","status-publish","format-standard","has-post-thumbnail","category-agenda-ca","category-bunol-ca","category-la-comarca-ca","category-la-hoya-ca","category-seccion-ca","tag-bunol-ca","tag-la-hoya-de-bunol-chiva-ca","tag-san-cristobal-ca"],"_links":{"self":[{"href":"https:\/\/tucomarca.whitekongsoftware.com\/ca\/wp-json\/wp\/v2\/posts\/168805","targetHints":{"allow":["GET"]}}],"collection":[{"href":"https:\/\/tucomarca.whitekongsoftware.com\/ca\/wp-json\/wp\/v2\/posts"}],"about":[{"href":"https:\/\/tucomarca.whitekongsoftware.com\/ca\/wp-json\/wp\/v2\/types\/post"}],"author":[{"embeddable":true,"href":"https:\/\/tucomarca.whitekongsoftware.com\/ca\/wp-json\/wp\/v2\/users\/12"}],"replies":[{"embeddable":true,"href":"https:\/\/tucomarca.whitekongsoftware.com\/ca\/wp-json\/wp\/v2\/comments?post=168805"}],"version-history":[{"count":0,"href":"https:\/\/tucomarca.whitekongsoftware.com\/ca\/wp-json\/wp\/v2\/posts\/168805\/revisions"}],"wp:featuredmedia":[{"embeddable":true,"href":"https:\/\/tucomarca.whitekongsoftware.com\/ca\/wp-json\/wp\/v2\/media\/168806"}],"wp:attachment":[{"href":"https:\/\/tucomarca.whitekongsoftware.com\/ca\/wp-json\/wp\/v2\/media?parent=168805"}],"wp:term":[{"taxonomy":"category","embeddable":true,"href":"https:\/\/tucomarca.whitekongsoftware.com\/ca\/wp-json\/wp\/v2\/categories?post=168805"},{"taxonomy":"post_tag","embeddable":true,"href":"https:\/\/tucomarca.whitekongsoftware.com\/ca\/wp-json\/wp\/v2\/tags?post=168805"}],"curies":[{"name":"wp","href":"https:\/\/api.w.org\/{rel}","templated":true}]}}