{"id":168799,"date":"2022-09-29T08:55:00","date_gmt":"2022-09-29T06:55:00","guid":{"rendered":"https:\/\/www.tucomarca.com\/wordpress\/segunda\/?p=168799"},"modified":"2022-10-02T18:27:32","modified_gmt":"2022-10-02T16:27:32","slug":"les-dues-bandes-de-bunyol-tanquen-li-festival-de-bandes-juvenils-de-la-comarca-aquest-cap-de-setmana","status":"publish","type":"post","link":"https:\/\/tucomarca.whitekongsoftware.com\/ca\/les-dues-bandes-de-bunyol-tanquen-li-festival-de-bandes-juvenils-de-la-comarca-aquest-cap-de-setmana\/","title":{"rendered":"Les dues bandes de Bunyol tanquen l&#8217;I Festival de Bandes juvenils de la comarca aquest cap de setmana"},"content":{"rendered":"\n<h3 class=\"wp-block-heading\">El dissabte els carrers de Bunyol, I\u00e0tova i Alboraig albergaran les cercaviles de L&#8217;Art\u00edstica de Bunyol i la Uni\u00f3 Musical d&#8217;I\u00e0tova, mentre que el diumenge ser\u00e0 el torn de L&#8217;Harm\u00f2nica de Bunyol i la Primitiva d&#8217;Alboraig. La Regidoria de Turisme de Bunyol col\u00b7labora activament en l&#8217;organitzaci\u00f3 d&#8217;aquest festival.&nbsp;<\/h3>\n\n\n\n<figure class=\"wp-block-gallery has-nested-images columns-default is-cropped wp-block-gallery-1 is-layout-flex wp-block-gallery-is-layout-flex\">\n<figure class=\"wp-block-image size-large\"><img loading=\"lazy\" decoding=\"async\" width=\"626\" height=\"886\" data-id=\"168794\" src=\"http:\/\/www.tucomarca.com\/wordpress\/segunda\/wp-content\/uploads\/2022\/09\/FestivalBandasMancomunidad02.jpg\" alt=\"\" class=\"wp-image-168794\" srcset=\"https:\/\/tucomarca.whitekongsoftware.com\/wp-content\/uploads\/2022\/09\/FestivalBandasMancomunidad02.jpg 626w, https:\/\/tucomarca.whitekongsoftware.com\/wp-content\/uploads\/2022\/09\/FestivalBandasMancomunidad02-212x300.jpg 212w\" sizes=\"auto, (max-width: 626px) 100vw, 626px\" \/><\/figure>\n\n\n\n<figure class=\"wp-block-image size-large\"><img loading=\"lazy\" decoding=\"async\" width=\"626\" height=\"886\" data-id=\"168792\" src=\"http:\/\/www.tucomarca.com\/wordpress\/segunda\/wp-content\/uploads\/2022\/09\/FestivalBandasMancomunidad01.jpg\" alt=\"\" class=\"wp-image-168792\" srcset=\"https:\/\/tucomarca.whitekongsoftware.com\/wp-content\/uploads\/2022\/09\/FestivalBandasMancomunidad01.jpg 626w, https:\/\/tucomarca.whitekongsoftware.com\/wp-content\/uploads\/2022\/09\/FestivalBandasMancomunidad01-212x300.jpg 212w\" sizes=\"auto, (max-width: 626px) 100vw, 626px\" \/><\/figure>\n<\/figure>\n\n\n\n<p class=\"wp-block-paragraph\">El Festival de M\u00fasica de Bandes Juvenils de la Mancomunitat finalitza aquest cap de setmana a Bunyol, I\u00e0tova i Alboraig. Haur\u00e0 recorregut els deu municipis de la comarca amb l&#8217;objectiu de posar en valor als int\u00e8rprets en formaci\u00f3 d&#8217;un territori vertebrat per 12 societats musicals. La Casa de la M\u00fasica de Xiva va ser el primer auditori a acollir el talent de les bandes juvenils que vertebren la comarca de La Foia de Bunyol-Xiva. Va ser diumenge passat quan la Societat Musical l&#8217;Art\u00edstica de Xiva i l&#8217;Associaci\u00f3 Musical la Lira de Xest es van unir en aquest primer Festival de M\u00fasica de Bandes Juvenils de la Mancomunitat Foia de Bunyol-Xiva, organitzat al costat de la Federaci\u00f3 de Societats Musicals de la Comunitat Valenciana (FSMCV).<\/p>\n\n\n\n<p class=\"wp-block-paragraph\">Aquest festival \u00e9s una iniciativa pionera a la comarca, fruit del conveni signat recentment entre la Mancomunitat i la FSMCV, impulsat amb la finalitat de difondre el talent dels joves int\u00e8rprets de la comarca i enfortir els vincles entre societats, motiu pel qual en cada concert comparteixen protagonisme dues formacions de diferents municipis. D&#8217;aquesta manera, a Xiva va tindre lloc l&#8217;\u00faltima cita d&#8217;aquest cicle el passat cap de setmana i que va arrancar el 10 de setembre amb l&#8217;actuaci\u00f3 conjunta de la Uni\u00f3 Musical Millarense i l&#8217;Associaci\u00f3 Musical Verge del Rosari de Dosaig\u00fces.<\/p>\n\n\n\n<p class=\"wp-block-paragraph\">Fins a aquest diumenge, 12 bandes juvenils procedents de les societats musicals federades hauran omplit de m\u00fasica places, carrers i auditoris de&nbsp;Dosaig\u00fces, Millars, Xiva, Xest, Tor\u00eds, I\u00e0tova, Setaig\u00fces, Bunyol, Godelleta i Alboraig,&nbsp;els deu municipis integrats en el Pla de Dinamitzaci\u00f3 i Governan\u00e7a de la Mancomunitat La Foia de Bunyol-Xiva. Aquest pla compta amb tres potes: Generalitat Valenciana, Diputaci\u00f3 de Val\u00e8ncia i Mancomunitat (on els ajuntaments s\u00f3n pedra angular d&#8217;aquesta instituci\u00f3).<\/p>\n\n\n\n<p class=\"wp-block-paragraph\">Aquest festival de m\u00fasica finalitza el cap de setmana a Bunyol, I\u00e0tova i Alboraig amb el seg\u00fcent programa d&#8217;actes: aquest dissabte al mat\u00ed, a les 12h, hi haur\u00e0 cercavila a I\u00e0tova a c\u00e0rrec de la banda juvenil de la SM L&#8217;Art\u00edstica de Bunyol i la de la Societat Uni\u00f3 Musical d&#8217;I\u00e0tova; a la vesprada, a les 18h, a Bunyol, des del Teatre Montecarlo i fins a l&#8217;Ajuntament, es podr\u00e0 veure a aquestes dues bandes, nom\u00e9s que desfilar\u00e0 en primer lloc la d&#8217;I\u00e0tova i la de l&#8217;Art\u00edstica en segon lloc; i el diumenge, a les 11h, a Alboraig, des de la Pla\u00e7a Espanya fins al Musical, ser\u00e0 el torn de la Banda de L&#8217;Harm\u00f2nica i de la de la Societat Musical La Primitiva d&#8217;Alboraig; a les 13h, a Bunyol, des de l&#8217;Avinguda de la Violeta fins al Palau de la M\u00fasica, amb aquestes dues bandes, desfilant en primer lloc la d&#8217;Alboraig i finalitzar\u00e0 la de L&#8217;Harm\u00f2nica.&nbsp;<\/p>\n\n\n\n<p class=\"wp-block-paragraph\">Segons el president de la Mancomunitat de La Foia de Bunyol-Xiva, Miguel T\u00f3rtola, \u201cla fi d&#8217;aquest festival \u00e9s \u201ctornar a donar-li import\u00e0ncia a les nostres societats musicals i tamb\u00e9 a la cultura i ric patrimoni de la nostra comarca. Agra\u00efsc la col\u00b7laboraci\u00f3 i implicaci\u00f3&nbsp; dels&nbsp; ajuntaments de la mancomunitat i espere que siga un primer pas per a consolidar en el temps est\u00e0 iniciativa tan important per a les nostres societats musicals i conjunt de la societat\u201d.<\/p>\n\n\n\n<p class=\"wp-block-paragraph\">Per part seua, Mar\u00eda Vall\u00e9s, regidora de Turisme de l&#8217;Ajuntament de Bunyol, ha mostrat la seua satisfacci\u00f3 per aquest pla, aprovat amb el consens de tots els ajuntaments i que magnifica el projecte de comarca: \u201capostem pel turisme musical i aquesta iniciativa ens va semblar molt bona per a assegurar que totes les persones que aquest cap de setmana s&#8217;allotgen a la comarca o municipis lim\u00edtrofs, vinguen i comproven alguna cosa que nosaltres estem acostumats a veure i escoltar com \u00e9s els nostres joves m\u00fasics desfilant, per\u00f2 que no \u00e9s tan com\u00fa en altres localitats, i que cal posar-ho en valor\u201d.<\/p>\n\n\n\n<p class=\"wp-block-paragraph\">A m\u00e9s, confirma Vall\u00e9s, que despr\u00e9s d&#8217;un fren\u00e8tic estiu on les bandes i m\u00fasics del municipi han treballat molt\u00edssim, \u201ccal continuar garantint m\u00fasica als carrers, i que les joves promeses musicals puguen gaudir d&#8217;un intercanvi amb els seus ve\u00efns, amb els seus amics, amb xics de la seua edat units per la mateixa afici\u00f3, aix\u00ed que convide a tota la poblaci\u00f3 i visitants al fet que vengen aquest dissabte a Bunyol i I\u00e0tova, i el diumenge a Alboraig tamb\u00e9\u201d, va finalitzar l&#8217;edil de Turisme.<\/p>\n","protected":false},"excerpt":{"rendered":"<div class=\"mh-excerpt\">El dissabte els carrers de Bunyol, I\u00e0tova i Alboraig albergaran les cercaviles de L&#8217;Art\u00edstica de Bunyol i la Uni\u00f3 Musical d&#8217;I\u00e0tova, mentre que el diumenge ser\u00e0 el torn de L&#8217;Harm\u00f2nica de Bunyol i la Primitiva <a class=\"mh-excerpt-more\" href=\"https:\/\/tucomarca.whitekongsoftware.com\/ca\/les-dues-bandes-de-bunyol-tanquen-li-festival-de-bandes-juvenils-de-la-comarca-aquest-cap-de-setmana\/\" title=\"Les dues bandes de Bunyol tanquen l&#8217;I Festival de Bandes juvenils de la comarca aquest cap de setmana\">[+] <\/a><\/div>\n","protected":false},"author":12,"featured_media":168797,"comment_status":"open","ping_status":"open","sticky":false,"template":"","format":"standard","meta":{"footnotes":""},"categories":[10973,10911,10980,10894,10912,10896],"tags":[17920,10914,11514],"class_list":["post-168799","post","type-post","status-publish","format-standard","has-post-thumbnail","category-alborache-ca","category-bunol-ca","category-yatova-ca","category-la-comarca-ca","category-la-hoya-ca","category-seccion-ca","tag-i-festival-de-bandas-juveniles-ca","tag-la-hoya-de-bunol-chiva-ca","tag-mancomunidad-de-la-hoya-de-bunol-chiva-ca"],"_links":{"self":[{"href":"https:\/\/tucomarca.whitekongsoftware.com\/ca\/wp-json\/wp\/v2\/posts\/168799","targetHints":{"allow":["GET"]}}],"collection":[{"href":"https:\/\/tucomarca.whitekongsoftware.com\/ca\/wp-json\/wp\/v2\/posts"}],"about":[{"href":"https:\/\/tucomarca.whitekongsoftware.com\/ca\/wp-json\/wp\/v2\/types\/post"}],"author":[{"embeddable":true,"href":"https:\/\/tucomarca.whitekongsoftware.com\/ca\/wp-json\/wp\/v2\/users\/12"}],"replies":[{"embeddable":true,"href":"https:\/\/tucomarca.whitekongsoftware.com\/ca\/wp-json\/wp\/v2\/comments?post=168799"}],"version-history":[{"count":0,"href":"https:\/\/tucomarca.whitekongsoftware.com\/ca\/wp-json\/wp\/v2\/posts\/168799\/revisions"}],"wp:featuredmedia":[{"embeddable":true,"href":"https:\/\/tucomarca.whitekongsoftware.com\/ca\/wp-json\/wp\/v2\/media\/168797"}],"wp:attachment":[{"href":"https:\/\/tucomarca.whitekongsoftware.com\/ca\/wp-json\/wp\/v2\/media?parent=168799"}],"wp:term":[{"taxonomy":"category","embeddable":true,"href":"https:\/\/tucomarca.whitekongsoftware.com\/ca\/wp-json\/wp\/v2\/categories?post=168799"},{"taxonomy":"post_tag","embeddable":true,"href":"https:\/\/tucomarca.whitekongsoftware.com\/ca\/wp-json\/wp\/v2\/tags?post=168799"}],"curies":[{"name":"wp","href":"https:\/\/api.w.org\/{rel}","templated":true}]}}