{"id":168771,"date":"2022-09-29T11:00:00","date_gmt":"2022-09-29T09:00:00","guid":{"rendered":"https:\/\/www.tucomarca.com\/wordpress\/segunda\/?p=168771"},"modified":"2022-09-29T15:27:53","modified_gmt":"2022-09-29T13:27:53","slug":"benaguasil-ofereix-un-complet-programa-dactivitats-per-a-les-persones-majors","status":"publish","type":"post","link":"https:\/\/tucomarca.whitekongsoftware.com\/ca\/benaguasil-ofereix-un-complet-programa-dactivitats-per-a-les-persones-majors\/","title":{"rendered":"Benaguasil ofereix un complet programa d&#8217;activitats per a les persones majors"},"content":{"rendered":"\n<h4 class=\"wp-block-heading\">Totes les activitats del programa \u201cBenaguasil Cuida\u2019t\u201d s\u00f3n gratu\u00eftes i van dirigides a persones majors de 60 anys, empadronades a Benaguasil.<\/h4>\n\n\n\n<h4 class=\"wp-block-heading\">La programaci\u00f3 est\u00e0 composta per activitats per a millorar la mem\u00f2ria, gimn\u00e0stica de manteniment, passejos saludables, ball en l\u00ednia i cursos de formaci\u00f3.<\/h4>\n\n\n\n<p class=\"wp-block-paragraph\">L&#8217;Ajuntament de Benaguasil, a trav\u00e9s de la regidoria de Benestar Social, posa en marxa una nova edici\u00f3 del programa municipal d&#8217;activitats \u201cBenaguasil Cuida\u2019t\u201d, l&#8217;objectiu de les quals \u00e9s afavorir un estil de vida actiu i saludable i proporcionar un oci alternatiu a les persones de m\u00e9s de 60 anys.<br>L&#8217;oferta formativa i l\u00fadica inclou el taller \u201cActiva la teua ment\u201d, que s&#8217;imparteix de dilluns a dijous dies per a ajudar les persones majors a exercitar la seua ment a trav\u00e9s de jocs, din\u00e0miques i altres activitats que els ajuden a estimular el seu cervell, i a previndre l&#8217;envelliment cerebral.<br>El programa municipal tamb\u00e9 inclou gimn\u00e0stica de manteniment els dilluns i dimecres de 10h a 11h, aix\u00ed com activitats d&#8217;oci que es realitzen els divendres de 9:30hh a 10:30h entre les quals es troben ball en l\u00ednia.<br>A m\u00e9s, s&#8217;incorpora una programaci\u00f3 formativa per a acostar les noves tecnologies a les persones, idiomes, confer\u00e8ncies en mat\u00e8ria de salut. Les accions formatives es realitzaran tots els dimarts i dijous, de 10h a 11:30h a l&#8217;aula d&#8217;inform\u00e0tica de la Biblioteca.<br>Tamb\u00e9 es posa en marxa un grup de caminantes per a gaudir de les vies verdes saludables de Benaguasil tots els dimarts i dijous en horari de 08:00h a 09:00h.<\/p>\n\n\n\n<p class=\"wp-block-paragraph\">Per al regidor de l&#8217;\u00e0rea Carlos Bosch, \u201cdes de l&#8217;Ajuntament continuem apostant per aquest programa que persegueix promoure h\u00e0bits de vida saludables a trav\u00e9s de la pr\u00e0ctica d&#8217;activitats esportives, l\u00fadiques i formatives per a afrontar amb una millor salut l&#8217;envelliment i millorar la qualitat de vida de les persones majors de 60 anys\u201d.&nbsp;<br>El regidor ha afegit que \u201cenguany ampliem dies de formaci\u00f3 i de ball en l\u00ednia a m\u00e9s de crear un grup de caminantes per a rec\u00f3rrer cada durant una hora les vies verdes de Benaguasil\u201d.<\/p>\n\n\n\n<p class=\"wp-block-paragraph\">Les persones que tinguen inter\u00e9s a participar en qualsevol de les activitats que s&#8217;ofereixen poden inscriure&#8217;s a l&#8217;Ajuntament.<a><\/a><\/p>\n\n\n\n<p class=\"wp-block-paragraph\"><\/p>\n","protected":false},"excerpt":{"rendered":"<div class=\"mh-excerpt\">Totes les activitats del programa \u201cBenaguasil Cuida\u2019t\u201d s\u00f3n gratu\u00eftes i van dirigides a persones majors de 60 anys, empadronades a Benaguasil. La programaci\u00f3 est\u00e0 composta per activitats per a millorar la mem\u00f2ria, gimn\u00e0stica de manteniment, <a class=\"mh-excerpt-more\" href=\"https:\/\/tucomarca.whitekongsoftware.com\/ca\/benaguasil-ofereix-un-complet-programa-dactivitats-per-a-les-persones-majors\/\" title=\"Benaguasil ofereix un complet programa d&#8217;activitats per a les persones majors\">[+] <\/a><\/div>\n","protected":false},"author":12,"featured_media":168770,"comment_status":"open","ping_status":"open","sticky":false,"template":"","format":"standard","meta":{"footnotes":""},"categories":[11019,10952,10892,11010,10948,10894,10947,10896],"tags":[11136,17918,10899],"class_list":["post-168771","post","type-post","status-publish","format-standard","has-post-thumbnail","category-agenda-ca","category-benaguasil-ca","category-camp-de-turia-ca","category-canal-salud","category-infraestructuras-ca","category-la-comarca-ca","category-politica","category-seccion-ca","tag-benaguasil-ca","tag-benaguasil-cuidat-2-ca","tag-camp-de-turia-ca"],"_links":{"self":[{"href":"https:\/\/tucomarca.whitekongsoftware.com\/ca\/wp-json\/wp\/v2\/posts\/168771","targetHints":{"allow":["GET"]}}],"collection":[{"href":"https:\/\/tucomarca.whitekongsoftware.com\/ca\/wp-json\/wp\/v2\/posts"}],"about":[{"href":"https:\/\/tucomarca.whitekongsoftware.com\/ca\/wp-json\/wp\/v2\/types\/post"}],"author":[{"embeddable":true,"href":"https:\/\/tucomarca.whitekongsoftware.com\/ca\/wp-json\/wp\/v2\/users\/12"}],"replies":[{"embeddable":true,"href":"https:\/\/tucomarca.whitekongsoftware.com\/ca\/wp-json\/wp\/v2\/comments?post=168771"}],"version-history":[{"count":0,"href":"https:\/\/tucomarca.whitekongsoftware.com\/ca\/wp-json\/wp\/v2\/posts\/168771\/revisions"}],"wp:featuredmedia":[{"embeddable":true,"href":"https:\/\/tucomarca.whitekongsoftware.com\/ca\/wp-json\/wp\/v2\/media\/168770"}],"wp:attachment":[{"href":"https:\/\/tucomarca.whitekongsoftware.com\/ca\/wp-json\/wp\/v2\/media?parent=168771"}],"wp:term":[{"taxonomy":"category","embeddable":true,"href":"https:\/\/tucomarca.whitekongsoftware.com\/ca\/wp-json\/wp\/v2\/categories?post=168771"},{"taxonomy":"post_tag","embeddable":true,"href":"https:\/\/tucomarca.whitekongsoftware.com\/ca\/wp-json\/wp\/v2\/tags?post=168771"}],"curies":[{"name":"wp","href":"https:\/\/api.w.org\/{rel}","templated":true}]}}