{"id":168747,"date":"2022-09-28T09:11:00","date_gmt":"2022-09-28T07:11:00","guid":{"rendered":"https:\/\/www.tucomarca.com\/wordpress\/segunda\/?p=168747"},"modified":"2022-09-28T21:15:34","modified_gmt":"2022-09-28T19:15:34","slug":"la-diputacio-aprova-146-obres-de-millora-en-espais-i-serveis-publics-dels-pobles-de-la-costera-i-la-canal","status":"publish","type":"post","link":"https:\/\/tucomarca.whitekongsoftware.com\/ca\/la-diputacio-aprova-146-obres-de-millora-en-espais-i-serveis-publics-dels-pobles-de-la-costera-i-la-canal\/","title":{"rendered":"La Diputaci\u00f3 aprova 146 obres de millora en espais i serveis p\u00fablics dels pobles de la Costera i la Canal\u00a0"},"content":{"rendered":"\n<h4 class=\"wp-block-heading\">Els 19 municipis de la Costera i la mancomunitat Costera-Canal executaran 107 projectes subvencionats pel Pla d&#8217;Inversions 2022-23; mentre que els huit consistoris i la mancomunitat de la Canal duran a terme altres 39 actuacions, amb una inversi\u00f3 global de prop de 13 milions d&#8217;euros<\/h4>\n\n\n\n<h4 class=\"wp-block-heading\">Entre les sol\u00b7licituds validades destaquen les actuacions de millora d&#8217;infraestructures, seguides de les relatives a efici\u00e8ncia energ\u00e8tica i xarxes d&#8217;aigua potable i clavegueram<\/h4>\n\n\n\n<h4 class=\"wp-block-heading\">El vicepresident Carlos Fern\u00e1ndez Bielsa destaca que este programa \u00e9s \u201cun pla de valors que premia el desenvolupament sostenible, sobre la base de la igualtat, l&#8217;objectivitat i l&#8217;autonomia local\u201d<\/h4>\n\n\n\n<p class=\"wp-block-paragraph\">La Diputaci\u00f3 de Val\u00e8ncia ha donat llum verda a 146 projectes de millora d&#8217;espais i serveis p\u00fablics presentats pels ajuntaments i mancomunitats de les comarques de la Costera i la Canal de Navarr\u00e9s, amb una aportaci\u00f3 global de 12.880.000 euros. Estes actuacions, que licitaran i executaran els propis consistoris al llarg dels pr\u00f2xims mesos, seran subvencionades \u00edntegrament per la Diputaci\u00f3 en el marc del Pla d&#8217;Inversions 2022-23, que ha aprovat un total de 1.473 sol\u00b7licituds a la prov\u00edncia amb un pressupost global de 144 milions d&#8217;euros.<\/p>\n\n\n\n<p class=\"wp-block-paragraph\">El ple de setembre de la instituci\u00f3 provincial va validar per unanimitat la proposta presentada pel diputat de Cooperaci\u00f3 Municipal, Carlos Fern\u00e1ndez Bielsa, la qual inclou 107 projectes dels 19 consistoris de la Costera i la mancomunitat de La Costera-Canal, amb una inversi\u00f3 de nou milions d&#8217;euros a la comarca; i 39 sol\u00b7licituds dels huit consistoris de la Canal de Navarr\u00e9s i la seua mancomunitat, amb una aportaci\u00f3 de 3.880.000 euros.<\/p>\n\n\n\n<p class=\"wp-block-paragraph\">Les xifres definixen per si soles este \u201cprograma de valors que permet als municipis prioritzar les seues necessitats, que premia les estrat\u00e8gies de desenvolupament local i la sostenibilitat i aposta per l&#8217;eliminaci\u00f3 de la burocr\u00e0cia i l&#8217;ajuda incondicional als pobles xicotets, que s\u00f3n els que m\u00e9s ho necessiten\u201d. En el cas dels municipis de la Costera i la Canal la totalitat dels projectes aprovats seran directament licitats i executats per les corporacions locals, una de les grans novetats del pla en el seu \u201cintent d\u2019agilitzar les tramitacions i executar-les amb major rapidesa\u201d, com explica el propi Bielsa.<\/p>\n\n\n\n<p class=\"wp-block-paragraph\">El vicepresident i responsable de Cooperaci\u00f3 recorda que els alcaldes i alcaldesses, en consens amb els equips municipals i les ve\u00efnes i ve\u00efns de cada poble, s\u00f3n els que han decidit a quines obres o actuacions destinen els diners. \u201cAix\u00f2 no canvia, per\u00f2 hem fet un pas m\u00e9s amb la finalitat de permetre als t\u00e8cnics dels ajuntaments donar el vistiplau als projectes, la qual cosa servir\u00e0 per a millorar els temps del proc\u00e9s de licitaci\u00f3 de cada obra i la seua posterior execuci\u00f3\u201d.<\/p>\n\n\n\n<p class=\"wp-block-paragraph\"><strong>Infraestructures i urbanisme<\/strong><\/p>\n\n\n\n<p class=\"wp-block-paragraph\">Una altra de les caracter\u00edstiques d&#8217;este pla inversor de la Diputaci\u00f3 \u00e9s que pr\u00e0cticament la mitat de les sol\u00b7licituds presentades pels ajuntaments coincidixen amb un o diversos dels objectius de desenvolupament sostenible (ODS) bonificats en el pla, cas de l&#8217;efici\u00e8ncia energ\u00e8tica, les xarxes de sanejament, la millora de l&#8217;accessibilitat o noves zones verdes en espais urbans. Molts d&#8217;estos projectes combinen actuacions en diferents \u00e0mbits, com pot ser la repavimentaci\u00f3 de carrers, la renovaci\u00f3 de les canalitzacions d&#8217;aigua potable i la instal\u00b7laci\u00f3 d&#8217;enllumenat eficient en la zona.<\/p>\n\n\n\n<p class=\"wp-block-paragraph\">En el cas de la Costera, el ple provincial ha aprovat 25 obres de millora d&#8217;infraestructures, espais p\u00fablics i serveis; tamb\u00e9 hi han 17 referents a efici\u00e8ncia energ\u00e8tica i altres 17 per a clavegueram i aigua potable; les d&#8217;urbanisme i accessibilitat s\u00f3n 15 i hi ha 13 per a instal\u00b7lacions esportives. Altres partides sol\u00b7licitades s\u00f3n zones verdes i parc infantils (10), camins (4) i smart cities (2).<\/p>\n\n\n\n<p class=\"wp-block-paragraph\">Quant als municipis i la mancomunitat de la Canal de Navarr\u00e9s, s\u00f3n majorit\u00e0ries les intervencions per a millorar infraestructures, espais p\u00fablics i serveis (11 actuacions) i les d&#8217;energia renovable i efici\u00e8ncia energ\u00e8tica (11); mentre que hi ha sis de renovaci\u00f3 d&#8217;aigua potable i clavegueram, cinc d&#8217;urbanisme i accessibilitat, altres cinc d&#8217;instal\u00b7lacions esportives i quatre de camins.<\/p>\n\n\n\n<p class=\"wp-block-paragraph\">En este sentit, Fern\u00e1ndez Bielsa posa en valor la responsabilitat d&#8217;alcaldes i alcaldesses en presentar projectes que \u201cresponen a les inquietuds i demandes ve\u00efnals, per\u00f2 tamb\u00e9 a les necessitats de cada municipi amb actuacions que a vegades no s\u00f3n tan vistoses per\u00f2 que han d&#8217;executar-se\u201d.<\/p>\n\n\n\n<p class=\"wp-block-paragraph\"><strong>Diversificaci\u00f3 d&#8217;inversions<\/strong><\/p>\n\n\n\n<p class=\"wp-block-paragraph\">Alguns municipis de les dos comarques han apostat per diversificar l&#8217;assignaci\u00f3 obtinguda en diferents accions. A la Costera, un exemple \u00e9s Llanera de Ranes, que executar\u00e0 nou obres, de les quals m\u00e9s de la meitat s\u00f3n per a renovaci\u00f3 d&#8217;aigua potable i clavegueram. Este model tamb\u00e9 el seguixen altres consistoris de la comarca com Cerd\u00e0 i Rotgl\u00e0 i Corber\u00e0, que executaran huit cadascuna, distribuint les intervencions en diferents \u00e0mbits d&#8217;actuaci\u00f3, com la millora d&#8217;infraestructures, espais p\u00fablics i serveis; urbanisme i accessibilitat; o xarxes i sanejament, entre altres.<\/p>\n\n\n\n<p class=\"wp-block-paragraph\">Tamb\u00e9 Millares, si creuem a la Canal de Navarr\u00e9s, ha previst la posada en marxa de nou obres, de les quals un ter\u00e7 impulsaran l&#8217;energia renovable i efici\u00e8ncia energ\u00e8tica; mentre que en esta comarca, tamb\u00e9 Anna ha presentat fins a huit projectes diferents, majorit\u00e0riament de xarxes de sanejament, millora d&#8217;infraestructures i instal\u00b7lacions esportives.<\/p>\n\n\n\n<p class=\"wp-block-paragraph\"><strong>Obres de major pressupost<\/strong><\/p>\n\n\n\n<p class=\"wp-block-paragraph\">Alguns consistoris han preferit unificar l\u2019ajuda obtinguda del pla inversor de la Diputaci\u00f3 en poques obres per\u00f2 de major envergadura. \u00c9s el cas de Bicorp, a la Canal de Navarr\u00e9s, que concentrar\u00e0 l&#8217;assignaci\u00f3 del Pla d&#8217;Inversions en instal\u00b7lar comptadors d&#8217;aigua potable en tot el municipi (450.000 euros). Este model l&#8217;han seguit tamb\u00e9 altres consistoris de la Canal, com \u00c9nguera, que crear\u00e0 una zona d&#8217;aparcament en el solar de Piqueras, amb una assignaci\u00f3 de 466.000 euros; o Bolbaite, que convertir\u00e0 en zona de vianants l&#8217;avinguda del Catorce amb un pressupost de 266.000 euros.<\/p>\n\n\n\n<p class=\"wp-block-paragraph\">Quant a la Costera, una de l&#8217;actuacions amb major pressupost la trobem a l&#8217;Alc\u00fadia de Crespins, on l&#8217;adequaci\u00f3 i accessibilitat de diferents vies suposar\u00e0 una inversi\u00f3 de 307.000 euros; i Barxeta, que destinar\u00e0 300.000 euros per a la segona fase de construcci\u00f3 del centre c\u00edvic polivalent. Altres intervencions destacades a la comarca es produiran a Moixent, que adquirir\u00e0 un edifici per a destinar-lo a usos municipals, per un valor de 268.000 euros; o Llocnou d&#8217;en Fenollet, que cobrir\u00e0 la pista multiusos del poliesportiu amb un pressupost de 250.000 euros.<\/p>\n\n\n\n<p class=\"wp-block-paragraph\"><strong>Mancomunitats&nbsp;<\/strong><\/p>\n\n\n\n<p class=\"wp-block-paragraph\">En el pla d&#8217;Inversions de la Diputaci\u00f3 de Val\u00e8ncia tamb\u00e9 tenen cabuda les mancomunitats, com a entitats locals en les quals s&#8217;integren diferents municipis. Aix\u00ed, la Mancomunitat de la Costera\u2013Canal aposta obertament per les inversions en millora d&#8217;infraestructures, espais p\u00fablics i serveis, entre les quals es troba l&#8217;adquisici\u00f3 d&#8217;un cami\u00f3 amb plataforma elevadora per al transport de mobiliari dedicat a actes p\u00fablics (112.000 euros).<\/p>\n\n\n\n<p class=\"wp-block-paragraph\">Quant a la Mancomunitat de la Canal, com a projecte destacat dedicar\u00e0 m\u00e9s de 67.000 euros a l&#8217;adquisici\u00f3 de s\u00f2l per a la construcci\u00f3 d\u2019una nau industrial que s&#8217;utilitzar\u00e0 en la gesti\u00f3 de residus.<\/p>\n","protected":false},"excerpt":{"rendered":"<div class=\"mh-excerpt\">Els 19 municipis de la Costera i la mancomunitat Costera-Canal executaran 107 projectes subvencionats pel Pla d&#8217;Inversions 2022-23; mentre que els huit consistoris i la mancomunitat de la Canal duran a terme altres 39 actuacions, <a class=\"mh-excerpt-more\" href=\"https:\/\/tucomarca.whitekongsoftware.com\/ca\/la-diputacio-aprova-146-obres-de-millora-en-espais-i-serveis-publics-dels-pobles-de-la-costera-i-la-canal\/\" title=\"La Diputaci\u00f3 aprova 146 obres de millora en espais i serveis p\u00fablics dels pobles de la Costera i la Canal\u00a0\">[+] <\/a><\/div>\n","protected":false},"author":12,"featured_media":168746,"comment_status":"open","ping_status":"open","sticky":false,"template":"","format":"standard","meta":{"footnotes":""},"categories":[10964,10965,10966,10969,10898,10948,10963,10894,10970,10947,10896],"tags":[11246,13116,17875,12031],"class_list":["post-168747","post","type-post","status-publish","format-standard","has-post-thumbnail","category-anna-ca","category-bicorp-ca","category-bolbaite-ca","category-enguera-ca","category-ventana-ca","category-infraestructuras-ca","category-la-canal-de-navarres-ca","category-la-comarca-ca","category-millares-ca","category-politica","category-seccion-ca","tag-diputacio-de-valencia-ca","tag-mancomunidad-de-la-canal-de-navarres-ca","tag-obras-de-mejora-ca","tag-plan-de-inversiones-ca"],"_links":{"self":[{"href":"https:\/\/tucomarca.whitekongsoftware.com\/ca\/wp-json\/wp\/v2\/posts\/168747","targetHints":{"allow":["GET"]}}],"collection":[{"href":"https:\/\/tucomarca.whitekongsoftware.com\/ca\/wp-json\/wp\/v2\/posts"}],"about":[{"href":"https:\/\/tucomarca.whitekongsoftware.com\/ca\/wp-json\/wp\/v2\/types\/post"}],"author":[{"embeddable":true,"href":"https:\/\/tucomarca.whitekongsoftware.com\/ca\/wp-json\/wp\/v2\/users\/12"}],"replies":[{"embeddable":true,"href":"https:\/\/tucomarca.whitekongsoftware.com\/ca\/wp-json\/wp\/v2\/comments?post=168747"}],"version-history":[{"count":0,"href":"https:\/\/tucomarca.whitekongsoftware.com\/ca\/wp-json\/wp\/v2\/posts\/168747\/revisions"}],"wp:featuredmedia":[{"embeddable":true,"href":"https:\/\/tucomarca.whitekongsoftware.com\/ca\/wp-json\/wp\/v2\/media\/168746"}],"wp:attachment":[{"href":"https:\/\/tucomarca.whitekongsoftware.com\/ca\/wp-json\/wp\/v2\/media?parent=168747"}],"wp:term":[{"taxonomy":"category","embeddable":true,"href":"https:\/\/tucomarca.whitekongsoftware.com\/ca\/wp-json\/wp\/v2\/categories?post=168747"},{"taxonomy":"post_tag","embeddable":true,"href":"https:\/\/tucomarca.whitekongsoftware.com\/ca\/wp-json\/wp\/v2\/tags?post=168747"}],"curies":[{"name":"wp","href":"https:\/\/api.w.org\/{rel}","templated":true}]}}