{"id":168605,"date":"2022-09-27T10:00:00","date_gmt":"2022-09-27T08:00:00","guid":{"rendered":"https:\/\/www.tucomarca.com\/wordpress\/segunda\/?p=168605"},"modified":"2022-09-28T10:39:04","modified_gmt":"2022-09-28T08:39:04","slug":"representants-de-benaguasil-participen-en-el-projecte-europeu-reu-discovery-celebrat-en-guardistallo","status":"publish","type":"post","link":"https:\/\/tucomarca.whitekongsoftware.com\/ca\/representants-de-benaguasil-participen-en-el-projecte-europeu-reu-discovery-celebrat-en-guardistallo\/","title":{"rendered":"Representants de Benaguasil participen en el Projecte Europeu rEU-discovery celebrat en Guardistallo"},"content":{"rendered":"\n<h4 class=\"wp-block-heading\">La delegaci\u00f3 ha intercanviat cultures, senyals d&#8217;identitat, m\u00fasica, sistemes educatius, associacionisme i molta joventut amb ciutats de Cro\u00e0cia, It\u00e0lia i Portugal<\/h4>\n\n\n\n<h4 class=\"wp-block-heading\">Els quatre municipis participants han signat el conveni de col\u00b7laboraci\u00f3 i amistat del Projecte Europeu.<\/h4>\n\n\n\n<figure class=\"wp-block-gallery has-nested-images columns-default is-cropped wp-block-gallery-1 is-layout-flex wp-block-gallery-is-layout-flex\">\n<figure class=\"wp-block-image size-large\"><img loading=\"lazy\" decoding=\"async\" width=\"1536\" height=\"2048\" data-id=\"168602\" src=\"http:\/\/www.tucomarca.com\/wordpress\/segunda\/wp-content\/uploads\/2022\/09\/Benaguasil_reunion.jpg\" alt=\"\" class=\"wp-image-168602\" srcset=\"https:\/\/tucomarca.whitekongsoftware.com\/wp-content\/uploads\/2022\/09\/Benaguasil_reunion.jpg 1536w, https:\/\/tucomarca.whitekongsoftware.com\/wp-content\/uploads\/2022\/09\/Benaguasil_reunion-225x300.jpg 225w, https:\/\/tucomarca.whitekongsoftware.com\/wp-content\/uploads\/2022\/09\/Benaguasil_reunion-768x1024.jpg 768w, https:\/\/tucomarca.whitekongsoftware.com\/wp-content\/uploads\/2022\/09\/Benaguasil_reunion-1152x1536.jpg 1152w\" sizes=\"auto, (max-width: 1536px) 100vw, 1536px\" \/><\/figure>\n\n\n\n<figure class=\"wp-block-image size-large\"><img loading=\"lazy\" decoding=\"async\" width=\"1302\" height=\"2048\" data-id=\"168604\" src=\"http:\/\/www.tucomarca.com\/wordpress\/segunda\/wp-content\/uploads\/2022\/09\/Benaguasil_alumnosIES.jpg\" alt=\"\" class=\"wp-image-168604\" srcset=\"https:\/\/tucomarca.whitekongsoftware.com\/wp-content\/uploads\/2022\/09\/Benaguasil_alumnosIES.jpg 1302w, https:\/\/tucomarca.whitekongsoftware.com\/wp-content\/uploads\/2022\/09\/Benaguasil_alumnosIES-191x300.jpg 191w, https:\/\/tucomarca.whitekongsoftware.com\/wp-content\/uploads\/2022\/09\/Benaguasil_alumnosIES-651x1024.jpg 651w, https:\/\/tucomarca.whitekongsoftware.com\/wp-content\/uploads\/2022\/09\/Benaguasil_alumnosIES-768x1208.jpg 768w, https:\/\/tucomarca.whitekongsoftware.com\/wp-content\/uploads\/2022\/09\/Benaguasil_alumnosIES-977x1536.jpg 977w\" sizes=\"auto, (max-width: 1302px) 100vw, 1302px\" \/><\/figure>\n\n\n\n<figure class=\"wp-block-image size-large\"><img loading=\"lazy\" decoding=\"async\" width=\"1948\" height=\"2048\" data-id=\"168600\" src=\"http:\/\/www.tucomarca.com\/wordpress\/segunda\/wp-content\/uploads\/2022\/09\/Benaguasil_paella.jpg\" alt=\"\" class=\"wp-image-168600\" srcset=\"https:\/\/tucomarca.whitekongsoftware.com\/wp-content\/uploads\/2022\/09\/Benaguasil_paella.jpg 1948w, https:\/\/tucomarca.whitekongsoftware.com\/wp-content\/uploads\/2022\/09\/Benaguasil_paella-285x300.jpg 285w, https:\/\/tucomarca.whitekongsoftware.com\/wp-content\/uploads\/2022\/09\/Benaguasil_paella-974x1024.jpg 974w, https:\/\/tucomarca.whitekongsoftware.com\/wp-content\/uploads\/2022\/09\/Benaguasil_paella-768x807.jpg 768w, https:\/\/tucomarca.whitekongsoftware.com\/wp-content\/uploads\/2022\/09\/Benaguasil_paella-1461x1536.jpg 1461w\" sizes=\"auto, (max-width: 1948px) 100vw, 1948px\" \/><\/figure>\n\n\n\n<figure class=\"wp-block-image size-large\"><img loading=\"lazy\" decoding=\"async\" width=\"2048\" height=\"1152\" data-id=\"168598\" src=\"http:\/\/www.tucomarca.com\/wordpress\/segunda\/wp-content\/uploads\/2022\/09\/Benaguasil_jovenes.jpg\" alt=\"\" class=\"wp-image-168598\" srcset=\"https:\/\/tucomarca.whitekongsoftware.com\/wp-content\/uploads\/2022\/09\/Benaguasil_jovenes.jpg 2048w, https:\/\/tucomarca.whitekongsoftware.com\/wp-content\/uploads\/2022\/09\/Benaguasil_jovenes-300x169.jpg 300w, https:\/\/tucomarca.whitekongsoftware.com\/wp-content\/uploads\/2022\/09\/Benaguasil_jovenes-1024x576.jpg 1024w, https:\/\/tucomarca.whitekongsoftware.com\/wp-content\/uploads\/2022\/09\/Benaguasil_jovenes-768x432.jpg 768w, https:\/\/tucomarca.whitekongsoftware.com\/wp-content\/uploads\/2022\/09\/Benaguasil_jovenes-1536x864.jpg 1536w, https:\/\/tucomarca.whitekongsoftware.com\/wp-content\/uploads\/2022\/09\/Benaguasil_jovenes-678x381.jpg 678w\" sizes=\"auto, (max-width: 2048px) 100vw, 2048px\" \/><\/figure>\n\n\n\n<figure class=\"wp-block-image size-large\"><img loading=\"lazy\" decoding=\"async\" width=\"1600\" height=\"1067\" data-id=\"168596\" src=\"http:\/\/www.tucomarca.com\/wordpress\/segunda\/wp-content\/uploads\/2022\/09\/Benaguasil_grupo.jpg\" alt=\"\" class=\"wp-image-168596\" srcset=\"https:\/\/tucomarca.whitekongsoftware.com\/wp-content\/uploads\/2022\/09\/Benaguasil_grupo.jpg 1600w, https:\/\/tucomarca.whitekongsoftware.com\/wp-content\/uploads\/2022\/09\/Benaguasil_grupo-300x200.jpg 300w, https:\/\/tucomarca.whitekongsoftware.com\/wp-content\/uploads\/2022\/09\/Benaguasil_grupo-1024x683.jpg 1024w, https:\/\/tucomarca.whitekongsoftware.com\/wp-content\/uploads\/2022\/09\/Benaguasil_grupo-768x512.jpg 768w, https:\/\/tucomarca.whitekongsoftware.com\/wp-content\/uploads\/2022\/09\/Benaguasil_grupo-1536x1024.jpg 1536w\" sizes=\"auto, (max-width: 1600px) 100vw, 1600px\" \/><\/figure>\n\n\n\n<figure class=\"wp-block-image size-large\"><img loading=\"lazy\" decoding=\"async\" width=\"1600\" height=\"1067\" data-id=\"168594\" src=\"http:\/\/www.tucomarca.com\/wordpress\/segunda\/wp-content\/uploads\/2022\/09\/Benaguasil_desfile.jpg\" alt=\"\" class=\"wp-image-168594\" srcset=\"https:\/\/tucomarca.whitekongsoftware.com\/wp-content\/uploads\/2022\/09\/Benaguasil_desfile.jpg 1600w, https:\/\/tucomarca.whitekongsoftware.com\/wp-content\/uploads\/2022\/09\/Benaguasil_desfile-300x200.jpg 300w, https:\/\/tucomarca.whitekongsoftware.com\/wp-content\/uploads\/2022\/09\/Benaguasil_desfile-1024x683.jpg 1024w, https:\/\/tucomarca.whitekongsoftware.com\/wp-content\/uploads\/2022\/09\/Benaguasil_desfile-768x512.jpg 768w, https:\/\/tucomarca.whitekongsoftware.com\/wp-content\/uploads\/2022\/09\/Benaguasil_desfile-1536x1024.jpg 1536w\" sizes=\"auto, (max-width: 1600px) 100vw, 1600px\" \/><\/figure>\n<\/figure>\n\n\n\n<p class=\"wp-block-paragraph\">Al voltant de 80 persones de Benaguasil han participat en l&#8217;intercanvi cultural amb ciutats de Cro\u00e0cia, It\u00e0lia i Portugal, celebrat en la localitat italiana de Guardistallo, en el marc del Projecte Europeu rEU-discovery.<\/p>\n\n\n\n<p class=\"wp-block-paragraph\">La iniciativa, finan\u00e7ada per la Uni\u00f3 Europea, ha perm\u00e9s intercanviar cultura, compartir experi\u00e8ncies i tamb\u00e9 ha servit per a promoure la conviv\u00e8ncia amb altres joves en les diverses activitats realitzades.&nbsp;<\/p>\n\n\n\n<p class=\"wp-block-paragraph\">Aix\u00ed mateix ha perm\u00e9s traslladar la gastronomia valenciana en el sopar degustaci\u00f3 entre les ciutats participants en el projecte i en la qual Benaguasil ha cuinat el plat valenci\u00e0 per excel\u00b7l\u00e8ncia, la paella; i per a promocionar les Falles de Benaguasil que a m\u00e9s de mostrar la riquesa del vestit de valenciana han mostrat tot el que abasta aquesta festa.<\/p>\n\n\n\n<p class=\"wp-block-paragraph\">La delegaci\u00f3 ha estat formada per representants del teixit associatiu, J\u00faniors, comissions falleres i JLF, alumnat dels centres educatius Asunci\u00f3n i IES Benaguasil, joves m\u00fasics de la Uni\u00f3 Musical, clubs esportius locals i representants de l&#8217;equip municipal amb l&#8217;alcalde Ximo Segarra al capdavant.<\/p>\n\n\n\n<p class=\"wp-block-paragraph\">Durant la seua estada en Guardistallo l&#8217;alcalde de Benaguasil ha mantingut reunions amb la Vice Alcaldessa de Pisa i amb el representant del Govern Regional de la Prov\u00edncia, a m\u00e9s ha inaugurat juntament amb l&#8217;alcalde de Guardistallo i autoritats de Cro\u00e0cia i Portugal la via David Sassoli, president del Parlament Europeu.<\/p>\n\n\n\n<p class=\"wp-block-paragraph\">Ximo Segarra tamb\u00e9 ha participat en l&#8217;acte institucional, celebrat en el sal\u00f3 plenari de Guardistallo, i en el qual s&#8217;ha signat el conveni mitjan\u00e7ant el qual els quatre municipis han acordat establir lla\u00e7os d&#8217;amistat amb el prop\u00f2sit de promoure la cooperaci\u00f3 i col\u00b7laboraci\u00f3 m\u00fatua i duradora en benefici de les seues institucions, ciutadans, escoles i estudiants en \u00e0rees de participaci\u00f3 p\u00fablica, cultura, arts i llenguatge. Despr\u00e9s de la signatura l&#8217;alcalde ha imposat l&#8217;escut de Benaguasil a les autoritats presents en l&#8217;acte i la Junta Local Fallera ha entregat a l&#8217;alcalde de Guardistallo un quadre amb records fallers de la seua visita a Benaguasil durant les passades Falles.<\/p>\n\n\n\n<p class=\"wp-block-paragraph\">Des de l&#8217;Ajuntament de Benaguasil li han agra\u00eft a l&#8217;alcalde de Guardistallo, Sandro Ceccarelli \u201cl&#8217;hospitalitat mostrada durant aquests dies que ens han perm\u00e9s con\u00e9ixer altres cultures, maneres de fer les coses, crear vincles d&#8217;amistat i obrir Benaguasil al m\u00f3n\u201d.<\/p>\n\n\n\n<p class=\"wp-block-paragraph\">Per la seua part ell regidor de Projectes Europeus, Stephane Soriano ha assenyalat que \u201caquesta ha sigut una oportunitat que mai abans s&#8217;havia donat a Benaguasil per a intercanviar cultura, compartir experi\u00e8ncies de gesti\u00f3 i per a explicar a nivell europeu el molt que es fa en mat\u00e8ria cultural, esportiva, social, gastron\u00f2mica i educativa\u201d.<\/p>\n\n\n\n<p class=\"wp-block-paragraph\"><\/p>\n","protected":false},"excerpt":{"rendered":"<div class=\"mh-excerpt\">La delegaci\u00f3 ha intercanviat cultures, senyals d&#8217;identitat, m\u00fasica, sistemes educatius, associacionisme i molta joventut amb ciutats de Cro\u00e0cia, It\u00e0lia i Portugal Els quatre municipis participants han signat el conveni de col\u00b7laboraci\u00f3 i amistat del Projecte <a class=\"mh-excerpt-more\" href=\"https:\/\/tucomarca.whitekongsoftware.com\/ca\/representants-de-benaguasil-participen-en-el-projecte-europeu-reu-discovery-celebrat-en-guardistallo\/\" title=\"Representants de Benaguasil participen en el Projecte Europeu rEU-discovery celebrat en Guardistallo\">[+] <\/a><\/div>\n","protected":false},"author":12,"featured_media":168590,"comment_status":"open","ping_status":"open","sticky":false,"template":"","format":"gallery","meta":{"footnotes":""},"categories":[10952,10892,10894,11007,10896],"tags":[11136,10899,17893,17894],"class_list":["post-168605","post","type-post","status-publish","format-gallery","has-post-thumbnail","category-benaguasil-ca","category-camp-de-turia-ca","category-la-comarca-ca","category-ocio-y-cultura-ca","category-seccion-ca","tag-benaguasil-ca","tag-camp-de-turia-ca","tag-guardistallo-ca","tag-proyecto-europeo-reu-discovery-ca","post_format-post-format-gallery"],"_links":{"self":[{"href":"https:\/\/tucomarca.whitekongsoftware.com\/ca\/wp-json\/wp\/v2\/posts\/168605","targetHints":{"allow":["GET"]}}],"collection":[{"href":"https:\/\/tucomarca.whitekongsoftware.com\/ca\/wp-json\/wp\/v2\/posts"}],"about":[{"href":"https:\/\/tucomarca.whitekongsoftware.com\/ca\/wp-json\/wp\/v2\/types\/post"}],"author":[{"embeddable":true,"href":"https:\/\/tucomarca.whitekongsoftware.com\/ca\/wp-json\/wp\/v2\/users\/12"}],"replies":[{"embeddable":true,"href":"https:\/\/tucomarca.whitekongsoftware.com\/ca\/wp-json\/wp\/v2\/comments?post=168605"}],"version-history":[{"count":0,"href":"https:\/\/tucomarca.whitekongsoftware.com\/ca\/wp-json\/wp\/v2\/posts\/168605\/revisions"}],"wp:featuredmedia":[{"embeddable":true,"href":"https:\/\/tucomarca.whitekongsoftware.com\/ca\/wp-json\/wp\/v2\/media\/168590"}],"wp:attachment":[{"href":"https:\/\/tucomarca.whitekongsoftware.com\/ca\/wp-json\/wp\/v2\/media?parent=168605"}],"wp:term":[{"taxonomy":"category","embeddable":true,"href":"https:\/\/tucomarca.whitekongsoftware.com\/ca\/wp-json\/wp\/v2\/categories?post=168605"},{"taxonomy":"post_tag","embeddable":true,"href":"https:\/\/tucomarca.whitekongsoftware.com\/ca\/wp-json\/wp\/v2\/tags?post=168605"}],"curies":[{"name":"wp","href":"https:\/\/api.w.org\/{rel}","templated":true}]}}