{"id":168400,"date":"2022-09-23T13:00:00","date_gmt":"2022-09-23T11:00:00","guid":{"rendered":"https:\/\/www.tucomarca.com\/wordpress\/segunda\/?p=168400"},"modified":"2022-09-24T02:21:17","modified_gmt":"2022-09-24T00:21:17","slug":"la-guardia-civil-dete-a-un-home-per-violencia-de-genere-a-betera","status":"publish","type":"post","link":"https:\/\/tucomarca.whitekongsoftware.com\/ca\/la-guardia-civil-dete-a-un-home-per-violencia-de-genere-a-betera\/","title":{"rendered":"La Gu\u00e0rdia Civil det\u00e9 a un home per viol\u00e8ncia de g\u00e8nere a B\u00e9tera"},"content":{"rendered":"\n<p class=\"wp-block-paragraph\"><strong>La denunciant va manifestar que el seu fill, que \u00e9s de tots dos, havia rebut, via telef\u00f2nica, un enregistrament d&#8217;\u00e0udio de la seua exparella en el qual informava de la ferma voluntat de matar a la seua mare i, posteriorment, su\u00efcidar-se<\/strong><\/p>\n\n\n\n<p class=\"wp-block-paragraph\"><strong>Els gu\u00e0rdies civils van decidir registrar el vehicle de l&#8217;autor i van trobar una motxilla, l&#8217;interior de la qual contenia un rev\u00f2lver municionado, calibre 22, i llest per a disparar, m\u00e9s de 100 cartutxos del calibre 22, utensilis per a emmordassar a una persona (cinta americana, entenimentada, rotllos de tela, benes, etc\u2026) i eines per a for\u00e7ar un habitatge (cisalla, palanca, etc\u2026)<\/strong><\/p>\n\n\n\n<p class=\"wp-block-paragraph\"><strong>Les dilig\u00e8ncies han sigut entregades en el Jutjat de Primera Inst\u00e0ncia i Instrucci\u00f3 N\u00famero 4 de Ll\u00edria. Es va decretar l&#8217;ingr\u00e9s a la pres\u00f3 del detingut<\/strong><\/p>\n\n\n\n<p class=\"wp-block-paragraph\">La Gu\u00e0rdia Civil de Val\u00e8ncia ha detingut a un home pels delictes de trencament de condemna, tinen\u00e7a il\u00b7l\u00edcita d&#8217;armes i amenaces de viol\u00e8ncia de g\u00e8nere.<\/p>\n\n\n\n<p class=\"wp-block-paragraph\">El passat dia 17 de setembre, la Gu\u00e0rdia Civil de B\u00e9tera repcion\u00f3 una den\u00fancia per part d&#8217;una v\u00edctima de viol\u00e8ncia de g\u00e8nere. La denunciant va manifestar que el seu fill, que \u00e9s de tots dos, havia rebut, via telef\u00f2nica, un enregistrament d&#8217;\u00e0udio de la seua exparella en el qual informava de la ferma voluntat de matar a la seua mare i, posteriorment, su\u00efcidar-se.<\/p>\n\n\n\n<p class=\"wp-block-paragraph\">L&#8217;agent que li va prendre manifestaci\u00f3 a la dona, pertanyia a l&#8217;Equip VIOGEN, especialista en aquesta mena de delictes. El gu\u00e0rdia civil, que coneixia el cas de la v\u00edctima, i no era la primera vegada que l&#8217;autor havia intentat agredir a la v\u00edctima, immediatament, va mobilitzar a diverses patrulles per a localitzar a la seua exparella.<\/p>\n\n\n\n<p class=\"wp-block-paragraph\">Una hora despr\u00e9s, els agents van trobar a l&#8217;autor en la localitat d&#8217;Olocau. Davant la possibilitat real d&#8217;una futura agressi\u00f3, els gu\u00e0rdies civils van decidir registrar el vehicle d&#8217;aquest i van trobar una motxilla, l&#8217;interior de la qual contenia un rev\u00f2lver municionado, calibre 22, i llest per a disparar, m\u00e9s de 100 cartutxos del calibre 22, utensilis per a emmordassar a una persona (cinta americana, entenimentada, rotllos de tela, benes, etc\u2026) i eines per a for\u00e7ar un habitatge (cisalla, palanca, etc\u2026).<\/p>\n\n\n\n<p class=\"wp-block-paragraph\">Finalment, la Gu\u00e0rdia Civil de Val\u00e8ncia ha detingut a un home de 81 anys, de nacionalitat espanyola, pels delictes de trencament de condemna, tinen\u00e7a il\u00b7l\u00edcita d&#8217;armes i amenaces de viol\u00e8ncia de g\u00e8nere.<\/p>\n\n\n\n<p class=\"wp-block-paragraph\">Les dilig\u00e8ncies han sigut entregades en el Jutjat de Primera Inst\u00e0ncia i Instrucci\u00f3 N\u00famero 4 de Ll\u00edria. Es va decretar l&#8217;ingr\u00e9s a la pres\u00f3 del detingut.<\/p>\n\n\n\n<figure class=\"wp-block-image size-full\"><img loading=\"lazy\" decoding=\"async\" width=\"734\" height=\"719\" src=\"https:\/\/www.tucomarca.com\/wordpress\/segunda\/wp-content\/uploads\/2022\/09\/Foto-2.jpg\" alt=\"\" class=\"wp-image-168397\" srcset=\"https:\/\/tucomarca.whitekongsoftware.com\/wp-content\/uploads\/2022\/09\/Foto-2.jpg 734w, https:\/\/tucomarca.whitekongsoftware.com\/wp-content\/uploads\/2022\/09\/Foto-2-300x294.jpg 300w\" sizes=\"auto, (max-width: 734px) 100vw, 734px\" \/><\/figure>\n","protected":false},"excerpt":{"rendered":"<div class=\"mh-excerpt\">La denunciant va manifestar que el seu fill, que \u00e9s de tots dos, havia rebut, via telef\u00f2nica, un enregistrament d&#8217;\u00e0udio de la seua exparella en el qual informava de la ferma voluntat de matar a <a class=\"mh-excerpt-more\" href=\"https:\/\/tucomarca.whitekongsoftware.com\/ca\/la-guardia-civil-dete-a-un-home-per-violencia-de-genere-a-betera\/\" title=\"La Gu\u00e0rdia Civil det\u00e9 a un home per viol\u00e8ncia de g\u00e8nere a B\u00e9tera\">[+] <\/a><\/div>\n","protected":false},"author":12,"featured_media":168396,"comment_status":"open","ping_status":"open","sticky":false,"template":"","format":"standard","meta":{"footnotes":""},"categories":[10937,10892,10898,10894,10896,10897],"tags":[11202,10899,10901,11629],"class_list":["post-168400","post","type-post","status-publish","format-standard","has-post-thumbnail","category-betera-ca","category-camp-de-turia-ca","category-ventana-ca","category-la-comarca-ca","category-seccion-ca","category-sucesos-la-comarca-ca","tag-betera-ca","tag-camp-de-turia-ca","tag-sucesos-ca","tag-violencia-de-genero-ca"],"_links":{"self":[{"href":"https:\/\/tucomarca.whitekongsoftware.com\/ca\/wp-json\/wp\/v2\/posts\/168400","targetHints":{"allow":["GET"]}}],"collection":[{"href":"https:\/\/tucomarca.whitekongsoftware.com\/ca\/wp-json\/wp\/v2\/posts"}],"about":[{"href":"https:\/\/tucomarca.whitekongsoftware.com\/ca\/wp-json\/wp\/v2\/types\/post"}],"author":[{"embeddable":true,"href":"https:\/\/tucomarca.whitekongsoftware.com\/ca\/wp-json\/wp\/v2\/users\/12"}],"replies":[{"embeddable":true,"href":"https:\/\/tucomarca.whitekongsoftware.com\/ca\/wp-json\/wp\/v2\/comments?post=168400"}],"version-history":[{"count":0,"href":"https:\/\/tucomarca.whitekongsoftware.com\/ca\/wp-json\/wp\/v2\/posts\/168400\/revisions"}],"wp:featuredmedia":[{"embeddable":true,"href":"https:\/\/tucomarca.whitekongsoftware.com\/ca\/wp-json\/wp\/v2\/media\/168396"}],"wp:attachment":[{"href":"https:\/\/tucomarca.whitekongsoftware.com\/ca\/wp-json\/wp\/v2\/media?parent=168400"}],"wp:term":[{"taxonomy":"category","embeddable":true,"href":"https:\/\/tucomarca.whitekongsoftware.com\/ca\/wp-json\/wp\/v2\/categories?post=168400"},{"taxonomy":"post_tag","embeddable":true,"href":"https:\/\/tucomarca.whitekongsoftware.com\/ca\/wp-json\/wp\/v2\/tags?post=168400"}],"curies":[{"name":"wp","href":"https:\/\/api.w.org\/{rel}","templated":true}]}}