{"id":168391,"date":"2022-09-23T12:00:00","date_gmt":"2022-09-23T10:00:00","guid":{"rendered":"https:\/\/www.tucomarca.com\/wordpress\/segunda\/?p=168391"},"modified":"2022-09-24T02:29:04","modified_gmt":"2022-09-24T00:29:04","slug":"el-jove-diatova-daniel-vicente-martinez-aspirant-a-proclamar-se-mes-ben-artesa-florista-despanya-2022-la-setmana-vinent-a-toledo","status":"publish","type":"post","link":"https:\/\/tucomarca.whitekongsoftware.com\/ca\/el-jove-diatova-daniel-vicente-martinez-aspirant-a-proclamar-se-mes-ben-artesa-florista-despanya-2022-la-setmana-vinent-a-toledo\/","title":{"rendered":"El jove d&#8217;I\u00e0tova Daniel Vicente Mart\u00ednez, aspirant a proclamar-se M\u00e9s ben Artes\u00e0 Florista d&#8217;Espanya 2022 la setmana vinent a Toledo"},"content":{"rendered":"\n<h4 class=\"wp-block-heading\">El jove Daniel Vicente Mart\u00ednez, responsable d&#8217;Eventual Moments, \u00e9s un dels 24 aspirants que buscaran proclamar-se M\u00e9s ben Artes\u00e0 Florista d&#8217;Espanya 2022 la setmana vinent a Toledo<\/h4>\n\n\n\n<h4 class=\"wp-block-heading\">El certamen anual est\u00e0 organitzat per Interflora i compta amb el patrocini i la col\u00b7laboraci\u00f3 de nombroses signatures del sector de la flor i l&#8217;ornamentaci\u00f3.<\/h4>\n\n\n\n<h4 class=\"wp-block-heading\">24 professionals de tot el territori nacional demostraran la seua v\u00e0lua en aquesta competici\u00f3.<\/h4>\n\n\n\n<p class=\"wp-block-paragraph\">&#8220;El prop\u00f2sit del MAF (M\u00e9s ben Artes\u00e0 Florista)\u00a0\u00e9s destacar l&#8217;ofici del florista, no sols en la seua part m\u00e9s arriscada i creativa, sin\u00f3 tamb\u00e9 en la manera d&#8217;optimitzar els recursos disponibles, la rapidesa mental, la capacitat de treball en grup i la creativitat en els treballs individuals sempre des de la perspectiva m\u00e9s t\u00e8cnica i eficient comercialment&#8221;, assenyalen des de Interflora Espa\u00f1a.<\/p>\n\n\n\n<p class=\"wp-block-paragraph\">Val\u00e8ncia estar\u00e0 representada. Daniel ser\u00e0 l&#8217;\u00fanic aspirant de la prov\u00edncia de Val\u00e8ncia en aquesta VII edici\u00f3 del MAF.\u00a0&#8220;Tractar\u00e9 de donar el 100%, de transmetre i posar tota la meua passi\u00f3 en cada treball. \u00c9s la primera vegada que he pogut postular-me per a participar en el MAF i estar seleccionat \u00e9s ja un autentique premi per a mi\u201d afig Vicente.\u00a0<\/p>\n\n\n\n<p class=\"wp-block-paragraph\">La decoraci\u00f3 i el disseny floral han sigut sempre una gran passi\u00f3 per a ell i a la fi de 2018 va decidir apostar per elles com a empresari aut\u00f2nom amb uns inicis sempre complicats i bregant a m\u00e9s amb tots els efectes de la COVID.<\/p>\n\n\n\n<p class=\"wp-block-paragraph\">&#8220;La meua empresa \u00e9s de recent creaci\u00f3, amb seu social en la meua localitat natal d&#8217;I\u00e0tova, un xicotet municipi de l&#8217;interior, en la Foia es Bunyol. Sempre vaig tindre clar que volia apostar per contribuir a continuar ampliant el seu teixit empresarial perqu\u00e8 dels joves emprenedors dep\u00e9n el fer que els nostres pobles continuen creixent&#8221;,\u00a0ens comenta Daniel amb decisi\u00f3.<\/p>\n\n\n\n<p class=\"wp-block-paragraph\">&#8220;Participar en el MAF \u00e9s un gran repte al qual m&#8217;enfronte amb enorme respecte. Estic molt agra\u00eft a totes les persones que en aquests anys han confiat en el meu treball perqu\u00e8 m&#8217;han perm\u00e9s progressar i convertir-me ara en un dels aspirants del concurs. Sempre tracte que els meus treballs aconseguisquen transmetre i emocionar al client. Des de 2020 estic vivint a Bunyol i ac\u00ed he realitzat alguns dels meus treballs florals m\u00e9s monumentals, havent rebut sempre molt bones cr\u00edtiques i elogis, la qual cosa m&#8217;anima a continuar creant i innovant&#8221;.<\/p>\n\n\n\n<p class=\"wp-block-paragraph\">&#8220;No m&#8217;espanta, representar a Val\u00e8ncia,\u00a0al contrari, em sent molt orgull\u00f3s tant personal com professionalment encara que reconec que \u00e9s una pressi\u00f3 afegida perqu\u00e8 &#8220;la terreta&#8221; sempre ha de mostrar tot el que val. Els qui em coneixen saben que estime la meua terra. Portar\u00e9 a Val\u00e8ncia i les seues falles fins a Toledo i m&#8217;encarregar\u00e9 que tots els meus companys s&#8217;enamoren d&#8217;ella&#8221;,\u00a0apuntava Daniel.<\/p>\n\n\n\n<p class=\"wp-block-paragraph\">Aquesta edici\u00f3 tindr\u00e0 lloc a la ciutat de Toledo i es desenvolupar\u00e0 en diverses proves sorpresa per als concursants, totes obertes al p\u00fablic perqu\u00e8 puguen acostar-se i con\u00e9ixer millor la professi\u00f3 del florista. Un jurat de 12 prestigiosos professors i professionals de tota Espanya ser\u00e0 l&#8217;encarregat de designar el dissabte 1 d&#8217;octubre al Millor Artes\u00e0 Florista 2022.<\/p>\n\n\n\n<p class=\"wp-block-paragraph\"><\/p>\n","protected":false},"excerpt":{"rendered":"<div class=\"mh-excerpt\">El jove Daniel Vicente Mart\u00ednez, responsable d&#8217;Eventual Moments, \u00e9s un dels 24 aspirants que buscaran proclamar-se M\u00e9s ben Artes\u00e0 Florista d&#8217;Espanya 2022 la setmana vinent a Toledo El certamen anual est\u00e0 organitzat per Interflora i <a class=\"mh-excerpt-more\" href=\"https:\/\/tucomarca.whitekongsoftware.com\/ca\/el-jove-diatova-daniel-vicente-martinez-aspirant-a-proclamar-se-mes-ben-artesa-florista-despanya-2022-la-setmana-vinent-a-toledo\/\" title=\"El jove d&#8217;I\u00e0tova Daniel Vicente Mart\u00ednez, aspirant a proclamar-se M\u00e9s ben Artes\u00e0 Florista d&#8217;Espanya 2022 la setmana vinent a Toledo\">[+] <\/a><\/div>\n","protected":false},"author":12,"featured_media":168390,"comment_status":"open","ping_status":"open","sticky":false,"template":"","format":"standard","meta":{"footnotes":""},"categories":[10911,10980,10894,10912,11007,10896],"tags":[10913,10914,17879,11141],"class_list":["post-168391","post","type-post","status-publish","format-standard","has-post-thumbnail","category-bunol-ca","category-yatova-ca","category-la-comarca-ca","category-la-hoya-ca","category-ocio-y-cultura-ca","category-seccion-ca","tag-bunol-ca","tag-la-hoya-de-bunol-chiva-ca","tag-mejor-florista-artesano-ca","tag-yatova-ca"],"_links":{"self":[{"href":"https:\/\/tucomarca.whitekongsoftware.com\/ca\/wp-json\/wp\/v2\/posts\/168391","targetHints":{"allow":["GET"]}}],"collection":[{"href":"https:\/\/tucomarca.whitekongsoftware.com\/ca\/wp-json\/wp\/v2\/posts"}],"about":[{"href":"https:\/\/tucomarca.whitekongsoftware.com\/ca\/wp-json\/wp\/v2\/types\/post"}],"author":[{"embeddable":true,"href":"https:\/\/tucomarca.whitekongsoftware.com\/ca\/wp-json\/wp\/v2\/users\/12"}],"replies":[{"embeddable":true,"href":"https:\/\/tucomarca.whitekongsoftware.com\/ca\/wp-json\/wp\/v2\/comments?post=168391"}],"version-history":[{"count":0,"href":"https:\/\/tucomarca.whitekongsoftware.com\/ca\/wp-json\/wp\/v2\/posts\/168391\/revisions"}],"wp:featuredmedia":[{"embeddable":true,"href":"https:\/\/tucomarca.whitekongsoftware.com\/ca\/wp-json\/wp\/v2\/media\/168390"}],"wp:attachment":[{"href":"https:\/\/tucomarca.whitekongsoftware.com\/ca\/wp-json\/wp\/v2\/media?parent=168391"}],"wp:term":[{"taxonomy":"category","embeddable":true,"href":"https:\/\/tucomarca.whitekongsoftware.com\/ca\/wp-json\/wp\/v2\/categories?post=168391"},{"taxonomy":"post_tag","embeddable":true,"href":"https:\/\/tucomarca.whitekongsoftware.com\/ca\/wp-json\/wp\/v2\/tags?post=168391"}],"curies":[{"name":"wp","href":"https:\/\/api.w.org\/{rel}","templated":true}]}}