{"id":168385,"date":"2022-09-24T09:00:00","date_gmt":"2022-09-24T07:00:00","guid":{"rendered":"https:\/\/www.tucomarca.com\/wordpress\/segunda\/?p=168385"},"modified":"2022-09-26T08:49:42","modified_gmt":"2022-09-26T06:49:42","slug":"lies-foia-de-bunyol-en-collaboracio-amb-la-regidoria-de-joventut-de-bunyol-organitza-el-dia-europeu-dels-llengues","status":"publish","type":"post","link":"https:\/\/tucomarca.whitekongsoftware.com\/ca\/lies-foia-de-bunyol-en-collaboracio-amb-la-regidoria-de-joventut-de-bunyol-organitza-el-dia-europeu-dels-llengues\/","title":{"rendered":"L&#8217;IES Foia de Bunyol, en col\u00b7laboraci\u00f3 amb la Regidoria de Joventut de Bunyol, organitza el Dia Europeu dels Lleng\u00fces"},"content":{"rendered":"\n<p class=\"wp-block-paragraph\">L&#8217;Equip de Pluriling\u00fcisme de l&#8217;IES Foia de Bunyol ha confeccionat un ampli programa d&#8217;activitats que es desenvoluparan per tots els alumnes des de les 11,00 h. i on l&#8217;AMPA d&#8217;aquest institut tamb\u00e9 col\u00b7labora.<\/p>\n\n\n\n<p class=\"wp-block-paragraph\">Aquest dilluns l&#8217;IES Foia de Bunyol celebra el Dia Europeu dels Lleng\u00fces amb esmorzar solidari, tallers ling\u00fc\u00edstics i un concert pluriling\u00fce a c\u00e0rrec de Ona Nua &amp; Loy BetterSweet. Col\u00b7labora aquest institut de secund\u00e0ria bu\u00f1olense, la Ampa i la Regidoria de Joventut de l&#8217;Ajuntament de Bunyol.&nbsp;<br>Sandra Clemente, professora de l&#8217;IES Foia de Bunyol, membre de l&#8217;equip de Pluriling\u00fcisme de l&#8217;IES Foia de Bunyol, i organitzadora d&#8217;aquest esdeveniment, juntament amb altres professores que conformen aquest equip multidisciplinari, confirma que tots els actes estan destinats perqu\u00e8 alumnes i professors festegen i coneguen de manera l\u00fadica i divertida altres lleng\u00fces en un ambient dist\u00e9s des de l&#8217;esmorzar, a partir de les 11,00 h. i fins a les 14,00 h. \u201cD&#8217;aquesta manera tamb\u00e9 arranquem el curs escolar i el fem de manera solid\u00e0ria, ja que nombrosos alumnes col\u00b7laboren portant esmorzar cuinat a les seues cases, i la resta comprant tiquets que es canvien pels plats cuinats a casa; amb tot el recaptat es destinar\u00e0 a associacions ben\u00e8fiques que determinarem des del departament en funci\u00f3 de la quantia recollida\u201d, va destacar Clement.<br>Despr\u00e9s d&#8217;aqueix esmorzar solidari, hi haur\u00e0 tallers ling\u00fc\u00edstics per a tots, de diferents tipus, on, a m\u00e9s de l&#8217;angl\u00e9s, el franc\u00e9s, el valenci\u00e0 o el castell\u00e0 tamb\u00e9 podran con\u00e9ixer-se o acostar-se a altres lleng\u00fces com la llengua de Signes o el Braille, tot amb professionals i experts en aquestes lleng\u00fces. Finalment, un excel\u00b7lent concert, diferent, al pati de l&#8217;institut, a c\u00e0rrec de Ona Nua i Loy BetterSweet, que cantant i amb els seus instruments oferiran un espectacle en diferents lleng\u00fces.<br>L&#8217;IES Foia de Bunyol ha comptat amb la col\u00b7laboraci\u00f3 de la Regidoria de Joventut de l&#8217;Ajuntament de Bunyol.<\/p>\n\n\n\n<p class=\"wp-block-paragraph\"><\/p>\n","protected":false},"excerpt":{"rendered":"<div class=\"mh-excerpt\">L&#8217;Equip de Pluriling\u00fcisme de l&#8217;IES Foia de Bunyol ha confeccionat un ampli programa d&#8217;activitats que es desenvoluparan per tots els alumnes des de les 11,00 h. i on l&#8217;AMPA d&#8217;aquest institut tamb\u00e9 col\u00b7labora. Aquest dilluns <a class=\"mh-excerpt-more\" href=\"https:\/\/tucomarca.whitekongsoftware.com\/ca\/lies-foia-de-bunyol-en-collaboracio-amb-la-regidoria-de-joventut-de-bunyol-organitza-el-dia-europeu-dels-llengues\/\" title=\"L&#8217;IES Foia de Bunyol, en col\u00b7laboraci\u00f3 amb la Regidoria de Joventut de Bunyol, organitza el Dia Europeu dels Lleng\u00fces\">[+] <\/a><\/div>\n","protected":false},"author":12,"featured_media":168384,"comment_status":"open","ping_status":"open","sticky":false,"template":"","format":"standard","meta":{"footnotes":""},"categories":[11019,10973,10911,10976,10977,10980,10894,10912,10978,11007,10896,10979,10974,10975],"tags":[10913,17877,11219,10914],"class_list":["post-168385","post","type-post","status-publish","format-standard","has-post-thumbnail","category-agenda-ca","category-alborache-ca","category-bunol-ca","category-dos-aguas-ca","category-godelleta-ca","category-yatova-ca","category-la-comarca-ca","category-la-hoya-ca","category-macastre-ca","category-ocio-y-cultura-ca","category-seccion-ca","category-siete-aguas-ca","category-cheste-ca","category-chiva-ca","tag-bunol-ca","tag-dia-europeu-de-le-llengues-ca","tag-ies-la-hoya-de-bunol-ca","tag-la-hoya-de-bunol-chiva-ca"],"_links":{"self":[{"href":"https:\/\/tucomarca.whitekongsoftware.com\/ca\/wp-json\/wp\/v2\/posts\/168385","targetHints":{"allow":["GET"]}}],"collection":[{"href":"https:\/\/tucomarca.whitekongsoftware.com\/ca\/wp-json\/wp\/v2\/posts"}],"about":[{"href":"https:\/\/tucomarca.whitekongsoftware.com\/ca\/wp-json\/wp\/v2\/types\/post"}],"author":[{"embeddable":true,"href":"https:\/\/tucomarca.whitekongsoftware.com\/ca\/wp-json\/wp\/v2\/users\/12"}],"replies":[{"embeddable":true,"href":"https:\/\/tucomarca.whitekongsoftware.com\/ca\/wp-json\/wp\/v2\/comments?post=168385"}],"version-history":[{"count":0,"href":"https:\/\/tucomarca.whitekongsoftware.com\/ca\/wp-json\/wp\/v2\/posts\/168385\/revisions"}],"wp:featuredmedia":[{"embeddable":true,"href":"https:\/\/tucomarca.whitekongsoftware.com\/ca\/wp-json\/wp\/v2\/media\/168384"}],"wp:attachment":[{"href":"https:\/\/tucomarca.whitekongsoftware.com\/ca\/wp-json\/wp\/v2\/media?parent=168385"}],"wp:term":[{"taxonomy":"category","embeddable":true,"href":"https:\/\/tucomarca.whitekongsoftware.com\/ca\/wp-json\/wp\/v2\/categories?post=168385"},{"taxonomy":"post_tag","embeddable":true,"href":"https:\/\/tucomarca.whitekongsoftware.com\/ca\/wp-json\/wp\/v2\/tags?post=168385"}],"curies":[{"name":"wp","href":"https:\/\/api.w.org\/{rel}","templated":true}]}}