{"id":168297,"date":"2022-09-21T14:30:00","date_gmt":"2022-09-21T12:30:00","guid":{"rendered":"https:\/\/www.tucomarca.com\/wordpress\/segunda\/?p=168297"},"modified":"2022-09-22T14:34:09","modified_gmt":"2022-09-22T12:34:09","slug":"pp-de-la-pobla-de-vallbona-el-govern-municipal-no-compleix-la-seua-promesa-dun-nou-llar-del-jubilat-malgrat-tindre-set-anys-per-a-executar-ho","status":"publish","type":"post","link":"https:\/\/tucomarca.whitekongsoftware.com\/ca\/pp-de-la-pobla-de-vallbona-el-govern-municipal-no-compleix-la-seua-promesa-dun-nou-llar-del-jubilat-malgrat-tindre-set-anys-per-a-executar-ho\/","title":{"rendered":"PP de La Pobla de Vallbona: &#8220;El govern municipal no compleix la seua promesa d&#8217;un nou \u2018Llar del Jubilat\u2019 malgrat tindre set anys per a executar-ho&#8221;"},"content":{"rendered":"\n<h4 class=\"wp-block-heading\">L&#8217;edil Rosana Mar\u00edn inidica que \u201cl&#8217;actual \u2018Llar del Jubilat\u2019 presenta un significatiu nombre de defici\u00e8ncies i \u00e9s imperiosa la reforma o la construcci\u00f3 d&#8217;un nou, tal com prometia l&#8217;alcalde Josep Vicent Garcia, per\u00f2 nom\u00e9s s&#8217;han invertit 35.000 euros dels dos milions que farien falta\u201d.<\/h4>\n\n\n\n<h4 class=\"wp-block-heading\">La regidor popular rebutja \u201cles excuses de l&#8217;equip de govern de Comprom\u00eds, PSOE, CONTINGENT i no adscrit que la llei de contractes els impedeix posar en marxa la nova llar del jubilat quan han tingut quasi huit anys per a fer-ho\u201d<\/h4>\n\n\n\n<h4 class=\"wp-block-heading\">\u201cEn l&#8217;\u00faltim ple van rebutjar la moci\u00f3 del PP que instava a incloure en els pr\u00f2xims pressupostos la realitzaci\u00f3 d&#8217;un \u2018Llar del Jubilat\u2019 o la reforma del ja existent, les persones majors no s\u00f3n la seua prioritat\u201d, subratlla Mar\u00edn.<\/h4>\n\n\n\n<p class=\"wp-block-paragraph\">La regidor del Partit Popular a l&#8217;Ajuntament de la Pobla de Vallbona, Rosana Mar\u00edn, ha ressaltat que el govern municipal de La Pobla de Vallbona que presideix l&#8217;alcalde Josep Vicent Garcia i Tamarit de Comprom\u00eds amb PSOE, CONTINGENT i un ex edil d&#8217;Amb tu \u201cha incomplit amb les persones majors de la localitat faltant a la seua promesa de construir una nova llar del jubilat malgrat tindre set anys per a executar aquesta inversi\u00f3\u201d.&nbsp;<br>L&#8217;edil del PP ha denunciat que \u201cno contents amb no haver fet res en set anys per a posar en marxa la nova llar del jubilat, en l&#8217;\u00faltim ple van rebutjar la moci\u00f3 del PP que instava a incloure en els pr\u00f2xims pressupostos la realitzaci\u00f3 d&#8217;un \u2018Llar del Jubilat\u2019 o la reforma del ja existent, demanant iniciar-se les obres durant el primer quadrimestre de 2023\u201d.<br>\u201cL&#8217;equip de govern es va negar a acceptar aquesta petici\u00f3 del PP i ho fa a m\u00e9s amb excuses de mal estudiant que no assumeix que la seua falta de treball li ha fet suspendre la mat\u00e8ria, com que la llei de contractes els impedeix posar en marxa la nova llar del jubilat abans d&#8217;acabar la legislatura quan han tingut m\u00e9s de set anys des que van accedir a l&#8217;Ajuntament per a fer-lo\u201d, ha subratllat Rosana Mar\u00edn, que va defensar la moci\u00f3 del PP en el ple.&nbsp;<br>La regidor popular ha explicat que \u201cl&#8217;actual \u2018Llar del Jubilat\u2019 presenta un significatiu nombre de defici\u00e8ncies i \u00e9s imperiosa la reforma i ampliaci\u00f3 de l&#8217;espai o la construcci\u00f3 d&#8217;un nou, tal com prometia l&#8217;alcalde Josep Vicent Garcia, per\u00f2 les persones majors no han sigut la prioritat d&#8217;aquest govern i nom\u00e9s s&#8217;han invertit 35.000 euros dels dos milions que farien falta\u201d.&nbsp;<br>L&#8217;edil del PP ha insistit que \u201cla llar del jubilat el va construir el govern del PP, per\u00f2 la poblaci\u00f3 de La Pobla de Vallbona ha augmentat i s&#8217;ha quedat xicotet, al que se suma especialment la falta de manteniment dels \u00faltims anys deixant-ho en un estat cr\u00edtic, i que aix\u00ed mateix \u00e9s un edifici compartit amb altres usos i associacions, la qual cosa priva moltes vegades als jubilats de poder realitzar les seues activitats en condicions\u201d.&nbsp;<br>\u201cAmb el govern de Josep Vicent Garcia i els seus socis de PSOE, CONTINGENT i el regidor no adscrit la situaci\u00f3 de la llar del jubilat i de les persones majors de la Pobla de Vallbona no ha fet m\u00e9s que agreujar-se. Han tingut temps de sobres per a donar una soluci\u00f3 en quasi huit anys i ara no serveixen excuses, nom\u00e9s recon\u00e9ixer la seua falta d&#8217;inter\u00e9s i de treball i que estem davant un nou incompliment que paguen els ve\u00efns de sa Pobla\u201d, ha indicat la regidor Rosana Mar\u00edn, concloent que \u201cuna vegada m\u00e9s haur\u00e0 de tornar un govern del PP en la seg\u00fcent legislatura per a prendre&#8217;s de deb\u00f2 a les nostres persones majors i posar en marxa el nou \u2018Llar del Jubilat\u2019\u201d.<\/p>\n","protected":false},"excerpt":{"rendered":"<div class=\"mh-excerpt\">L&#8217;edil Rosana Mar\u00edn inidica que \u201cl&#8217;actual \u2018Llar del Jubilat\u2019 presenta un significatiu nombre de defici\u00e8ncies i \u00e9s imperiosa la reforma o la construcci\u00f3 d&#8217;un nou, tal com prometia l&#8217;alcalde Josep Vicent Garcia, per\u00f2 nom\u00e9s s&#8217;han <a class=\"mh-excerpt-more\" href=\"https:\/\/tucomarca.whitekongsoftware.com\/ca\/pp-de-la-pobla-de-vallbona-el-govern-municipal-no-compleix-la-seua-promesa-dun-nou-llar-del-jubilat-malgrat-tindre-set-anys-per-a-executar-ho\/\" title=\"PP de La Pobla de Vallbona: &#8220;El govern municipal no compleix la seua promesa d&#8217;un nou \u2018Llar del Jubilat\u2019 malgrat tindre set anys per a executar-ho&#8221;\">[+] <\/a><\/div>\n","protected":false},"author":12,"featured_media":168296,"comment_status":"open","ping_status":"open","sticky":false,"template":"","format":"standard","meta":{"footnotes":""},"categories":[10892,10948,10894,10915,10947,10896],"tags":[10899,11274],"class_list":["post-168297","post","type-post","status-publish","format-standard","has-post-thumbnail","category-camp-de-turia-ca","category-infraestructuras-ca","category-la-comarca-ca","category-la-pobla-ca","category-politica","category-seccion-ca","tag-camp-de-turia-ca","tag-pp-pobla-de-vallbona-ca"],"_links":{"self":[{"href":"https:\/\/tucomarca.whitekongsoftware.com\/ca\/wp-json\/wp\/v2\/posts\/168297","targetHints":{"allow":["GET"]}}],"collection":[{"href":"https:\/\/tucomarca.whitekongsoftware.com\/ca\/wp-json\/wp\/v2\/posts"}],"about":[{"href":"https:\/\/tucomarca.whitekongsoftware.com\/ca\/wp-json\/wp\/v2\/types\/post"}],"author":[{"embeddable":true,"href":"https:\/\/tucomarca.whitekongsoftware.com\/ca\/wp-json\/wp\/v2\/users\/12"}],"replies":[{"embeddable":true,"href":"https:\/\/tucomarca.whitekongsoftware.com\/ca\/wp-json\/wp\/v2\/comments?post=168297"}],"version-history":[{"count":0,"href":"https:\/\/tucomarca.whitekongsoftware.com\/ca\/wp-json\/wp\/v2\/posts\/168297\/revisions"}],"wp:featuredmedia":[{"embeddable":true,"href":"https:\/\/tucomarca.whitekongsoftware.com\/ca\/wp-json\/wp\/v2\/media\/168296"}],"wp:attachment":[{"href":"https:\/\/tucomarca.whitekongsoftware.com\/ca\/wp-json\/wp\/v2\/media?parent=168297"}],"wp:term":[{"taxonomy":"category","embeddable":true,"href":"https:\/\/tucomarca.whitekongsoftware.com\/ca\/wp-json\/wp\/v2\/categories?post=168297"},{"taxonomy":"post_tag","embeddable":true,"href":"https:\/\/tucomarca.whitekongsoftware.com\/ca\/wp-json\/wp\/v2\/tags?post=168297"}],"curies":[{"name":"wp","href":"https:\/\/api.w.org\/{rel}","templated":true}]}}