{"id":168139,"date":"2022-09-20T11:05:00","date_gmt":"2022-09-20T09:05:00","guid":{"rendered":"https:\/\/www.tucomarca.com\/wordpress\/segunda\/?p=168139"},"modified":"2022-09-20T22:03:41","modified_gmt":"2022-09-20T20:03:41","slug":"xest-inicia-aquest-cap-de-setmana-les-seues-festes-de-la-verema","status":"publish","type":"post","link":"https:\/\/tucomarca.whitekongsoftware.com\/ca\/xest-inicia-aquest-cap-de-setmana-les-seues-festes-de-la-verema\/","title":{"rendered":"Xest inicia aquest cap de setmana les seues Festes de la Verema"},"content":{"rendered":"\n<h4 class=\"wp-block-heading\">La m\u00fasica, la p\u00f3lvora, els vestits i danses regionals, el ra\u00efm, les flors i els bous vestiran Xest del 24 de setembre al 18 d&#8217;octubre per a celebrar les seues Festes de la Verema.<\/h4>\n\n\n\n<figure class=\"wp-block-gallery has-nested-images columns-default is-cropped wp-block-gallery-1 is-layout-flex wp-block-gallery-is-layout-flex\">\n<figure class=\"wp-block-image size-large\"><img loading=\"lazy\" decoding=\"async\" width=\"886\" height=\"590\" data-id=\"168132\" src=\"http:\/\/www.tucomarca.com\/wordpress\/segunda\/wp-content\/uploads\/2022\/09\/Vendimia01.jpg\" alt=\"\" class=\"wp-image-168132\" srcset=\"https:\/\/tucomarca.whitekongsoftware.com\/wp-content\/uploads\/2022\/09\/Vendimia01.jpg 886w, https:\/\/tucomarca.whitekongsoftware.com\/wp-content\/uploads\/2022\/09\/Vendimia01-300x200.jpg 300w, https:\/\/tucomarca.whitekongsoftware.com\/wp-content\/uploads\/2022\/09\/Vendimia01-768x511.jpg 768w\" sizes=\"auto, (max-width: 886px) 100vw, 886px\" \/><\/figure>\n\n\n\n<figure class=\"wp-block-image size-large\"><img loading=\"lazy\" decoding=\"async\" width=\"886\" height=\"590\" data-id=\"168134\" src=\"http:\/\/www.tucomarca.com\/wordpress\/segunda\/wp-content\/uploads\/2022\/09\/Vendimia02.jpg\" alt=\"\" class=\"wp-image-168134\" srcset=\"https:\/\/tucomarca.whitekongsoftware.com\/wp-content\/uploads\/2022\/09\/Vendimia02.jpg 886w, https:\/\/tucomarca.whitekongsoftware.com\/wp-content\/uploads\/2022\/09\/Vendimia02-300x200.jpg 300w, https:\/\/tucomarca.whitekongsoftware.com\/wp-content\/uploads\/2022\/09\/Vendimia02-768x511.jpg 768w\" sizes=\"auto, (max-width: 886px) 100vw, 886px\" \/><\/figure>\n\n\n\n<figure class=\"wp-block-image size-large\"><img loading=\"lazy\" decoding=\"async\" width=\"886\" height=\"590\" data-id=\"168136\" src=\"http:\/\/www.tucomarca.com\/wordpress\/segunda\/wp-content\/uploads\/2022\/09\/Vendimia03.jpg\" alt=\"\" class=\"wp-image-168136\" srcset=\"https:\/\/tucomarca.whitekongsoftware.com\/wp-content\/uploads\/2022\/09\/Vendimia03.jpg 886w, https:\/\/tucomarca.whitekongsoftware.com\/wp-content\/uploads\/2022\/09\/Vendimia03-300x200.jpg 300w, https:\/\/tucomarca.whitekongsoftware.com\/wp-content\/uploads\/2022\/09\/Vendimia03-768x511.jpg 768w\" sizes=\"auto, (max-width: 886px) 100vw, 886px\" \/><\/figure>\n<\/figure>\n\n\n\n<p class=\"wp-block-paragraph\">Els festejos, en ple tr\u00e0mit per a ser reconeguts com a Festes d&#8217;Inter\u00e9s Tur\u00edstic Auton\u00f2mic, es prolongaran durant quasi un mes per a enaltir la tradici\u00f3 agr\u00edcola i vin\u00edcola de la localitat i retre homenatge al seu patr\u00f3 Sant Lluc. Per a recordar i recrear com es cap al vi antigament no faltar\u00e0 la \u201cPis\u00e1 del ra\u00efm\u201d, un acte que es porta realitzant de manera interrompuda des de la d\u00e8cada dels 70. Per a aix\u00f2, les festeres i festers de Xest depositen ra\u00efm en una bota, que pr\u00e8viament han recol\u00b7lectat del camp, i despr\u00e9s la trepitgen a la manera tradicional. Al costat d&#8217;aquest acte simb\u00f2lic, tamb\u00e9 tindr\u00e0 el seu protagonisme la Dansa en honor a la collita, coneguda com \u201cdans\u00e0\u201d, una de les manifestacions folkl\u00f2riques m\u00e9s antigues de les comarques valencianes. I abillades com a la manera antiga amb mantons i ombrel\u00b7les confeccionats a m\u00e0, les chestanas lluiran aquestes peces en el cercaviles del Dia del mant\u00f3 i l&#8217;ombrel\u00b7la acompanyades pels xics de la verema i la banda de m\u00fasica.&nbsp;<\/p>\n\n\n\n<p class=\"wp-block-paragraph\">Organitzades per la regidoria de Joventut, Festes, Igualtat i Participaci\u00f3 Ciutadana de Xest, les festes patronals donaran principi aquest dissabte 24 de setembre amb l&#8217;exaltaci\u00f3 de la Reina de la Festa de la Verema i la presentaci\u00f3 oficial de la seua cort d&#8217;honor en el Teatre Liceu. Acte que donar\u00e0 pas despr\u00e9s a un programa d&#8217;activitats entre les quals destaquen la seua fira gastron\u00f2mica, les seues processons o els seus espectacles musicals i taurins. Esdeveniments que s&#8217;amplifiquen amb tallers, jocs infantils, desfilada de disfresses, muixerangas, jornades dedicades a l&#8217;esport, tastos de vi, concursos d&#8217;escacs o la masclet\u00e1 en honor al patr\u00f3 a c\u00e0rrec de la pirot\u00e8cnica Reyes Mart\u00ed. Com destaca el seu regidor Ra\u00fal Mota, les Festes de la Verema oferiran un ampli i atractiu elenc d&#8217;esdeveniments l\u00fadics i culturals amb els quals, un any m\u00e9s, posarem en relleu la idiosincr\u00e0sia de la nostra cultura, costums i arrels\u201d. Una festa per a \u201cparticipar, gaudir i compartir amb tots aquells que vulguen viure aquesta experi\u00e8ncia tan especial, tant chestanas i chestanos com a visitants\u201d, conclou.<\/p>\n","protected":false},"excerpt":{"rendered":"<div class=\"mh-excerpt\">La m\u00fasica, la p\u00f3lvora, els vestits i danses regionals, el ra\u00efm, les flors i els bous vestiran Xest del 24 de setembre al 18 d&#8217;octubre per a celebrar les seues Festes de la Verema. Els <a class=\"mh-excerpt-more\" href=\"https:\/\/tucomarca.whitekongsoftware.com\/ca\/xest-inicia-aquest-cap-de-setmana-les-seues-festes-de-la-verema\/\" title=\"Xest inicia aquest cap de setmana les seues Festes de la Verema\">[+] <\/a><\/div>\n","protected":false},"author":12,"featured_media":168131,"comment_status":"open","ping_status":"open","sticky":false,"template":"","format":"standard","meta":{"footnotes":""},"categories":[11019,11005,10894,10912,11007,10896,10974],"tags":[11071,11789,10914],"class_list":["post-168139","post","type-post","status-publish","format-standard","has-post-thumbnail","category-agenda-ca","category-canal-musica","category-la-comarca-ca","category-la-hoya-ca","category-ocio-y-cultura-ca","category-seccion-ca","category-cheste-ca","tag-cheste","tag-fiestas-de-la-vendimia-de-cheste-ca","tag-la-hoya-de-bunol-chiva-ca"],"_links":{"self":[{"href":"https:\/\/tucomarca.whitekongsoftware.com\/ca\/wp-json\/wp\/v2\/posts\/168139","targetHints":{"allow":["GET"]}}],"collection":[{"href":"https:\/\/tucomarca.whitekongsoftware.com\/ca\/wp-json\/wp\/v2\/posts"}],"about":[{"href":"https:\/\/tucomarca.whitekongsoftware.com\/ca\/wp-json\/wp\/v2\/types\/post"}],"author":[{"embeddable":true,"href":"https:\/\/tucomarca.whitekongsoftware.com\/ca\/wp-json\/wp\/v2\/users\/12"}],"replies":[{"embeddable":true,"href":"https:\/\/tucomarca.whitekongsoftware.com\/ca\/wp-json\/wp\/v2\/comments?post=168139"}],"version-history":[{"count":0,"href":"https:\/\/tucomarca.whitekongsoftware.com\/ca\/wp-json\/wp\/v2\/posts\/168139\/revisions"}],"wp:featuredmedia":[{"embeddable":true,"href":"https:\/\/tucomarca.whitekongsoftware.com\/ca\/wp-json\/wp\/v2\/media\/168131"}],"wp:attachment":[{"href":"https:\/\/tucomarca.whitekongsoftware.com\/ca\/wp-json\/wp\/v2\/media?parent=168139"}],"wp:term":[{"taxonomy":"category","embeddable":true,"href":"https:\/\/tucomarca.whitekongsoftware.com\/ca\/wp-json\/wp\/v2\/categories?post=168139"},{"taxonomy":"post_tag","embeddable":true,"href":"https:\/\/tucomarca.whitekongsoftware.com\/ca\/wp-json\/wp\/v2\/tags?post=168139"}],"curies":[{"name":"wp","href":"https:\/\/api.w.org\/{rel}","templated":true}]}}