{"id":167982,"date":"2022-09-19T11:25:00","date_gmt":"2022-09-19T09:25:00","guid":{"rendered":"https:\/\/www.tucomarca.com\/wordpress\/segunda\/?p=167982"},"modified":"2022-09-19T20:02:57","modified_gmt":"2022-09-19T18:02:57","slug":"godelleta-constitueix-la-comissio-de-seu-seguiment-del-reglament-de-govern-obert","status":"publish","type":"post","link":"https:\/\/tucomarca.whitekongsoftware.com\/ca\/godelleta-constitueix-la-comissio-de-seu-seguiment-del-reglament-de-govern-obert\/","title":{"rendered":"Godelleta constitueix la Comissi\u00f3 de Seguiment del Reglament de Govern Obert"},"content":{"rendered":"\n<p class=\"wp-block-paragraph\">S&#8217;ha constitu\u00eft a Godelleta la Comissi\u00f3 de Seguiment, que ser\u00e0 l&#8217;encarregada de supervisar i aprovar el futur Reglament de Govern Obert.<\/p>\n\n\n\n<p class=\"wp-block-paragraph\">En la reuni\u00f3, que es va realitzar a la casa consistorial, el passat 14 de setembre, van participar representants del teixit social, partits pol\u00edtics i responsables de l&#8217;administraci\u00f3 local.<\/p>\n\n\n\n<p class=\"wp-block-paragraph\">Els dies previs es va estar informant a peu de carrer i resolent dubtes sobre el futur Reglament de Govern Obert, en el qual la ciutadania t\u00e9 molt a dir i aportar.<\/p>\n\n\n\n<p class=\"wp-block-paragraph\">Des de l&#8217;Ajuntament de Godelleta es continua treballant en la seg\u00fcent fase del projecte.&nbsp;<\/p>\n","protected":false},"excerpt":{"rendered":"<div class=\"mh-excerpt\">S&#8217;ha constitu\u00eft a Godelleta la Comissi\u00f3 de Seguiment, que ser\u00e0 l&#8217;encarregada de supervisar i aprovar el futur Reglament de Govern Obert. En la reuni\u00f3, que es va realitzar a la casa consistorial, el passat 14 <a class=\"mh-excerpt-more\" href=\"https:\/\/tucomarca.whitekongsoftware.com\/ca\/godelleta-constitueix-la-comissio-de-seu-seguiment-del-reglament-de-govern-obert\/\" title=\"Godelleta constitueix la Comissi\u00f3 de Seguiment del Reglament de Govern Obert\">[+] <\/a><\/div>\n","protected":false},"author":12,"featured_media":167981,"comment_status":"open","ping_status":"open","sticky":false,"template":"","format":"standard","meta":{"footnotes":""},"categories":[10977,10948,10894,10912,10947,10896],"tags":[12892,11087,10914,17793],"class_list":["post-167982","post","type-post","status-publish","format-standard","has-post-thumbnail","category-godelleta-ca","category-infraestructuras-ca","category-la-comarca-ca","category-la-hoya-ca","category-politica","category-seccion-ca","tag-gobierno-abierto-ca","tag-godelleta-ca","tag-la-hoya-de-bunol-chiva-ca","tag-transparencia-publica-ca"],"_links":{"self":[{"href":"https:\/\/tucomarca.whitekongsoftware.com\/ca\/wp-json\/wp\/v2\/posts\/167982","targetHints":{"allow":["GET"]}}],"collection":[{"href":"https:\/\/tucomarca.whitekongsoftware.com\/ca\/wp-json\/wp\/v2\/posts"}],"about":[{"href":"https:\/\/tucomarca.whitekongsoftware.com\/ca\/wp-json\/wp\/v2\/types\/post"}],"author":[{"embeddable":true,"href":"https:\/\/tucomarca.whitekongsoftware.com\/ca\/wp-json\/wp\/v2\/users\/12"}],"replies":[{"embeddable":true,"href":"https:\/\/tucomarca.whitekongsoftware.com\/ca\/wp-json\/wp\/v2\/comments?post=167982"}],"version-history":[{"count":0,"href":"https:\/\/tucomarca.whitekongsoftware.com\/ca\/wp-json\/wp\/v2\/posts\/167982\/revisions"}],"wp:featuredmedia":[{"embeddable":true,"href":"https:\/\/tucomarca.whitekongsoftware.com\/ca\/wp-json\/wp\/v2\/media\/167981"}],"wp:attachment":[{"href":"https:\/\/tucomarca.whitekongsoftware.com\/ca\/wp-json\/wp\/v2\/media?parent=167982"}],"wp:term":[{"taxonomy":"category","embeddable":true,"href":"https:\/\/tucomarca.whitekongsoftware.com\/ca\/wp-json\/wp\/v2\/categories?post=167982"},{"taxonomy":"post_tag","embeddable":true,"href":"https:\/\/tucomarca.whitekongsoftware.com\/ca\/wp-json\/wp\/v2\/tags?post=167982"}],"curies":[{"name":"wp","href":"https:\/\/api.w.org\/{rel}","templated":true}]}}