{"id":167958,"date":"2022-09-18T10:07:00","date_gmt":"2022-09-18T08:07:00","guid":{"rendered":"https:\/\/www.tucomarca.com\/wordpress\/segunda\/?p=167958"},"modified":"2022-09-18T12:15:51","modified_gmt":"2022-09-18T10:15:51","slug":"torna-la-fira-de-la-gastronomia-dinterior-de-millars-el-proxim-24-de-setembre","status":"publish","type":"post","link":"https:\/\/tucomarca.whitekongsoftware.com\/ca\/torna-la-fira-de-la-gastronomia-dinterior-de-millars-el-proxim-24-de-setembre\/","title":{"rendered":"Torna la Fira de la Gastronomia d&#8217;Interior de Millars el pr\u00f2xim 24 de setembre"},"content":{"rendered":"\n<p class=\"wp-block-paragraph\">L&#8217;Ajuntament de Millars prepara la inauguraci\u00f3 de la IV Edici\u00f3 de la Fira de la Gastronomia d&#8217;Interior, que se celebrar\u00e0 dissabte que ve, 24 de setembre. La fira comptar\u00e0 amb la participaci\u00f3 de Val\u00e8ncia Turisme i de La Canal Territori Tur\u00edstic.<\/p>\n\n\n\n<p class=\"wp-block-paragraph\">Aquesta fira t\u00e9 com a objectiu l&#8217;atraure el turisme i que els ve\u00efnes i ve\u00efns de Millars gaudisquen d&#8217;un cap de setmana l\u00fadic en el qual promocionar productes tradicionals i artesanals de la localitat com els dol\u00e7os del Forn Filiberto i embotits de la Carnisseria Mari amb la participaci\u00f3 tamb\u00e9 de Comestibles Casa Angelita.<\/p>\n\n\n\n<p class=\"wp-block-paragraph\">Aquesta jornada gastron\u00f2mica es completar\u00e0 amb activitats infantils a la vesprada i amb una batukada que posar\u00e0 la nota musical a l&#8217;esdeveniment.<\/p>\n\n\n\n<p class=\"wp-block-paragraph\">Des de l&#8217;Ajuntament de Millars conviden a no perdre&#8217;s aquesta magn\u00edfica oferta d&#8217;artesania i de la rica gastronomia de l&#8217;interior de la prov\u00edncia de Val\u00e8ncia que els espera des de les 11,30 hores del pr\u00f2xim dissabte, 24 de setembre.<\/p>\n\n\n\n<figure class=\"wp-block-image size-full\"><img loading=\"lazy\" decoding=\"async\" width=\"624\" height=\"870\" src=\"http:\/\/www.tucomarca.com\/wordpress\/segunda\/wp-content\/uploads\/2022\/09\/MillaresGastronomica.jpg\" alt=\"\" class=\"wp-image-167952\" srcset=\"https:\/\/tucomarca.whitekongsoftware.com\/wp-content\/uploads\/2022\/09\/MillaresGastronomica.jpg 624w, https:\/\/tucomarca.whitekongsoftware.com\/wp-content\/uploads\/2022\/09\/MillaresGastronomica-215x300.jpg 215w\" sizes=\"auto, (max-width: 624px) 100vw, 624px\" \/><\/figure>\n","protected":false},"excerpt":{"rendered":"<div class=\"mh-excerpt\">L&#8217;Ajuntament de Millars prepara la inauguraci\u00f3 de la IV Edici\u00f3 de la Fira de la Gastronomia d&#8217;Interior, que se celebrar\u00e0 dissabte que ve, 24 de setembre. La fira comptar\u00e0 amb la participaci\u00f3 de Val\u00e8ncia Turisme <a class=\"mh-excerpt-more\" href=\"https:\/\/tucomarca.whitekongsoftware.com\/ca\/torna-la-fira-de-la-gastronomia-dinterior-de-millars-el-proxim-24-de-setembre\/\" title=\"Torna la Fira de la Gastronomia d&#8217;Interior de Millars el pr\u00f2xim 24 de setembre\">[+] <\/a><\/div>\n","protected":false},"author":12,"featured_media":167953,"comment_status":"open","ping_status":"open","sticky":false,"template":"","format":"standard","meta":{"footnotes":""},"categories":[11019,10948,10963,10894,10970,11007,10896],"tags":[17815,11094,13116],"class_list":["post-167958","post","type-post","status-publish","format-standard","has-post-thumbnail","category-agenda-ca","category-infraestructuras-ca","category-la-canal-de-navarres-ca","category-la-comarca-ca","category-millares-ca","category-ocio-y-cultura-ca","category-seccion-ca","tag-iv-feria-gastronomica-millares-ca","tag-la-canal-de-navarres","tag-mancomunidad-de-la-canal-de-navarres-ca"],"_links":{"self":[{"href":"https:\/\/tucomarca.whitekongsoftware.com\/ca\/wp-json\/wp\/v2\/posts\/167958","targetHints":{"allow":["GET"]}}],"collection":[{"href":"https:\/\/tucomarca.whitekongsoftware.com\/ca\/wp-json\/wp\/v2\/posts"}],"about":[{"href":"https:\/\/tucomarca.whitekongsoftware.com\/ca\/wp-json\/wp\/v2\/types\/post"}],"author":[{"embeddable":true,"href":"https:\/\/tucomarca.whitekongsoftware.com\/ca\/wp-json\/wp\/v2\/users\/12"}],"replies":[{"embeddable":true,"href":"https:\/\/tucomarca.whitekongsoftware.com\/ca\/wp-json\/wp\/v2\/comments?post=167958"}],"version-history":[{"count":0,"href":"https:\/\/tucomarca.whitekongsoftware.com\/ca\/wp-json\/wp\/v2\/posts\/167958\/revisions"}],"wp:featuredmedia":[{"embeddable":true,"href":"https:\/\/tucomarca.whitekongsoftware.com\/ca\/wp-json\/wp\/v2\/media\/167953"}],"wp:attachment":[{"href":"https:\/\/tucomarca.whitekongsoftware.com\/ca\/wp-json\/wp\/v2\/media?parent=167958"}],"wp:term":[{"taxonomy":"category","embeddable":true,"href":"https:\/\/tucomarca.whitekongsoftware.com\/ca\/wp-json\/wp\/v2\/categories?post=167958"},{"taxonomy":"post_tag","embeddable":true,"href":"https:\/\/tucomarca.whitekongsoftware.com\/ca\/wp-json\/wp\/v2\/tags?post=167958"}],"curies":[{"name":"wp","href":"https:\/\/api.w.org\/{rel}","templated":true}]}}