{"id":167947,"date":"2022-09-18T10:00:00","date_gmt":"2022-09-18T08:00:00","guid":{"rendered":"https:\/\/www.tucomarca.com\/wordpress\/segunda\/?p=167947"},"modified":"2022-09-18T12:13:02","modified_gmt":"2022-09-18T10:13:02","slug":"riba-roja-destinara-fins-al-50-de-les-baixes-en-les-adjudicacions-dels-contractes-publics-per-a-financar-projectes-que-reduisquen-la-petjada-de-carboni","status":"publish","type":"post","link":"https:\/\/tucomarca.whitekongsoftware.com\/ca\/riba-roja-destinara-fins-al-50-de-les-baixes-en-les-adjudicacions-dels-contractes-publics-per-a-financar-projectes-que-reduisquen-la-petjada-de-carboni\/","title":{"rendered":"Riba-roja destinar\u00e0 fins al 50% de les baixes en les adjudicacions dels contractes p\u00fablics per a finan\u00e7ar projectes que redu\u00efsquen la petjada de carboni&nbsp;"},"content":{"rendered":"\n<h4 class=\"wp-block-heading\">El ple aprova una ordenan\u00e7a pionera en la Comunitat que permetr\u00e0 a les empreses privades invertir en projectes de reducci\u00f3 o absorci\u00f3 d&#8217;emissions i desgravar-li-ho \u00edntegrament&nbsp;<\/h4>\n\n\n\n<p class=\"wp-block-paragraph\">El ple de l&#8217;Ajuntament de Riba-roja de T\u00faria ha aprovat la primera Ordenan\u00e7a Reguladora de la compensaci\u00f3 de la petjada de carboni en el municipi l&#8217;objectiu del qual passa per reduir l&#8217;emissi\u00f3 de di\u00f2xid de carboni (CO\u2082) i altres gasos d&#8217;efecte d&#8217;hivernacle alliberades a l&#8217;atmosfera. Aquesta ordenan\u00e7a municipal \u00e9s una iniciativa de l&#8217;equip de govern del PSPV aprovada amb el suport, a m\u00e9s, del Partit Popular, Ciutadans, Comprom\u00eds, l\u2019Esquerra i Podem Riba-roja Pot, mentre que Vox va votar en contra.&nbsp;<\/p>\n\n\n\n<p class=\"wp-block-paragraph\">La posada en marxa d&#8217;aquesta ordenan\u00e7a permetr\u00e0 impulsar projectes i iniciatives d&#8217;absorci\u00f3 de di\u00f2xid de carboni (CO\u2082) en la localitat i, al mateix temps, reduir l&#8217;emissi\u00f3 d&#8217;aquesta mena de gasos d&#8217;efecte d&#8217;hivernacle en tots els serveis i obres que duga a terme, a partir d&#8217;ara, l&#8217;Ajuntament de Riba-roja de T\u00faria en tot el terme municipal. El finan\u00e7ament ser\u00e0 p\u00fablic-privada, de tal forma que les empreses podran desgravar-se fiscalment la totalitat dels diners invertits en cada projecte declarat b\u00e9 d&#8217;inter\u00e9s general, tal com queda especificat en la Llei de Mecenatge.&nbsp;<\/p>\n\n\n\n<p class=\"wp-block-paragraph\">L&#8217;ordenan\u00e7a de Riba-roja de T\u00faria inclou la creaci\u00f3 d&#8217;un registre en el qual es recolliran tots els projectes i iniciatives creats per a disminuir la petjada de carboni en el municipi i permetr\u00e0 a les empreses comprar reduccions d&#8217;emissions fetes en un altre projecte local per a compensar les emissions generades que es no puguen evitar, com ara els despla\u00e7aments o els consums energ\u00e8tics. En aquest cas es troben moltes de les empreses de log\u00edstica que utilitzen els vehicles per al transport o un altre tipus d&#8217;empreses l&#8217;activitat de les quals necessita d&#8217;enormes quantitats d&#8217;energia el\u00e8ctrica per a produir b\u00e9ns.&nbsp;<\/p>\n\n\n\n<p class=\"wp-block-paragraph\">El registre local de projectes de compensaci\u00f3 per absorci\u00f3 de di\u00f2xid de carboni o reducci\u00f3 de gasos d&#8217;efecte d&#8217;hivernacle estar\u00e0 format per projectes promoguts per l&#8217;ajuntament o per tercers que desenvolupen activitats i pr\u00e0ctiques que augmenten el carboni mitjan\u00e7ant accions relacionades amb l&#8217;\u00fas de la terra o la silvicultura. Entre els tipus de projectes destaquen la repoblaci\u00f3 forestal amb l&#8217;eliminaci\u00f3 de plantes invasores i la seua substituci\u00f3 per vegetaci\u00f3 aut\u00f2ctona o la recuperaci\u00f3 de camps de cultiu abandonats del banc de terres municipal amb la plantaci\u00f3 de fruiteres de temporada o vivers.&nbsp;<\/p>\n\n\n\n<p class=\"wp-block-paragraph\">Els projectes de repoblaci\u00f3 forestal hauran de disposar d&#8217;una superf\u00edcie m\u00ednima d&#8217;una hect\u00e0rea, una coberta de les copes dels arbres m\u00ednima del 20% en maduresa, una altura potencial dels arbres m\u00ednima de 5 metres en maduresa. El c\u00e0lcul de les absorcions de di\u00f2xid de carboni es realitzar\u00e0 a trav\u00e9s dels m\u00e8todes utilitzats i aprovats pel Ministeri per a la Transici\u00f3 Ecol\u00f2gica i que proporciona estimacions per a totes les esp\u00e8cies arb\u00f2ries forestals del territori d&#8217;Espanya, en funci\u00f3 de les caracter\u00edstiques de cadascuna d&#8217;elles.&nbsp;<\/p>\n\n\n\n<p class=\"wp-block-paragraph\">A m\u00e9s, en el registre es contemplaran projectes de reducci\u00f3 d&#8217;emissi\u00f3 de gasos per efecte d&#8217;hivernacle inclosos en l&#8217;\u00e0mbit institucional del transport, els residus o els edificis municipals, entre altres. Les tipologies dels projectes se centraran en efici\u00e8ncia energ\u00e8tica en edificis municipals, projectes fotovoltaics connectats a xarxa, enllumenat p\u00fablic amb energia solar, tractament de residus mitjan\u00e7ant compostatge dom\u00e8stic o comunitari, canvi de flota de turismes, sistemes p\u00fablics de mobilitat compartida i, finalment, mobilitat compartida-pr\u00e9stec de bicicletes.&nbsp;<\/p>\n\n\n\n<p class=\"wp-block-paragraph\">L&#8217;efici\u00e8ncia energ\u00e8tica ha de complir com a m\u00ednim un edifici complet, els projectes fotovoltaics hauran de generar un m\u00ednim de 5 quilowatts, els projectes d&#8217;enllumenat han de contemplar la instal\u00b7laci\u00f3 de zones sense instal\u00b7laci\u00f3 o la substituci\u00f3 \u00edntegra en zones independents, el tractament de residus mitjan\u00e7ant compostatge dom\u00e8stic o comunitari s&#8217;estendran a zones residencials \u00edntegres i, finalment, la mobilitat compartida s&#8217;aplicar\u00e0 a un m\u00ednim de 5 vehicles.&nbsp;<\/p>\n\n\n\n<p class=\"wp-block-paragraph\">En els processos de contractaci\u00f3 municipal es destinar\u00e0 una part proporcional de les baixes econ\u00f2miques realitzades per les adjudicacions finals a l&#8217;execuci\u00f3 dels projectes inclosos en el registre local. La quantia a aportar dependr\u00e0 de l&#8217;envergadura de cadascuna de les licitacions realitzades, aquelles amb un import superior als 100.000 euros anuals destinaran un 50% de les baixes a l&#8217;execuci\u00f3 dels projectes mentre que en els imports inferiors als 100.000 euros es destinar\u00e0 un 25% en total.&nbsp;<\/p>\n\n\n\n<p class=\"wp-block-paragraph\">L&#8217;alcalde de Riba-roja de T\u00faria, Robert Raga, ha expressat la satisfacci\u00f3 \u201cper portar avant un projecte pioner en el nostre municipi que se suma a altres iniciatives i mesures que hem adoptat per a contribuir a la reducci\u00f3 de les emissions de di\u00f2xid de carboni a l&#8217;atmosfera ja que es tracta d&#8217;un dels majors mals que hem patint actualment en el m\u00f3n i, per aix\u00f2, amb aquesta ordenan\u00e7a esperem reduir les emissions que generem i absorbir les que expulsem en el dia a dia del nostre municipi, en totes les accions quotidianes i en tots els \u00e0mbits, amb una inversi\u00f3 p\u00fablic i privada en la qual tots poden estar representats\u201d.<\/p>\n\n\n\n<h4 class=\"wp-block-heading\"><\/h4>\n","protected":false},"excerpt":{"rendered":"<div class=\"mh-excerpt\">El ple aprova una ordenan\u00e7a pionera en la Comunitat que permetr\u00e0 a les empreses privades invertir en projectes de reducci\u00f3 o absorci\u00f3 d&#8217;emissions i desgravar-li-ho \u00edntegrament&nbsp; El ple de l&#8217;Ajuntament de Riba-roja de T\u00faria ha <a class=\"mh-excerpt-more\" href=\"https:\/\/tucomarca.whitekongsoftware.com\/ca\/riba-roja-destinara-fins-al-50-de-les-baixes-en-les-adjudicacions-dels-contractes-publics-per-a-financar-projectes-que-reduisquen-la-petjada-de-carboni\/\" title=\"Riba-roja destinar\u00e0 fins al 50% de les baixes en les adjudicacions dels contractes p\u00fablics per a finan\u00e7ar projectes que redu\u00efsquen la petjada de carboni&nbsp;\">[+] <\/a><\/div>\n","protected":false},"author":12,"featured_media":166828,"comment_status":"open","ping_status":"open","sticky":false,"template":"","format":"standard","meta":{"footnotes":""},"categories":[10892,10948,10894,10903,10947,10906,10896],"tags":[10899,17813,11102],"class_list":["post-167947","post","type-post","status-publish","format-standard","has-post-thumbnail","category-camp-de-turia-ca","category-infraestructuras-ca","category-la-comarca-ca","category-medio-ambiente-la-comarca-ca","category-politica","category-riba-roja-ca","category-seccion-ca","tag-camp-de-turia-ca","tag-reduccion-huella-de-carbono-ca","tag-riba-roja-2-ca"],"_links":{"self":[{"href":"https:\/\/tucomarca.whitekongsoftware.com\/ca\/wp-json\/wp\/v2\/posts\/167947","targetHints":{"allow":["GET"]}}],"collection":[{"href":"https:\/\/tucomarca.whitekongsoftware.com\/ca\/wp-json\/wp\/v2\/posts"}],"about":[{"href":"https:\/\/tucomarca.whitekongsoftware.com\/ca\/wp-json\/wp\/v2\/types\/post"}],"author":[{"embeddable":true,"href":"https:\/\/tucomarca.whitekongsoftware.com\/ca\/wp-json\/wp\/v2\/users\/12"}],"replies":[{"embeddable":true,"href":"https:\/\/tucomarca.whitekongsoftware.com\/ca\/wp-json\/wp\/v2\/comments?post=167947"}],"version-history":[{"count":0,"href":"https:\/\/tucomarca.whitekongsoftware.com\/ca\/wp-json\/wp\/v2\/posts\/167947\/revisions"}],"wp:featuredmedia":[{"embeddable":true,"href":"https:\/\/tucomarca.whitekongsoftware.com\/ca\/wp-json\/wp\/v2\/media\/166828"}],"wp:attachment":[{"href":"https:\/\/tucomarca.whitekongsoftware.com\/ca\/wp-json\/wp\/v2\/media?parent=167947"}],"wp:term":[{"taxonomy":"category","embeddable":true,"href":"https:\/\/tucomarca.whitekongsoftware.com\/ca\/wp-json\/wp\/v2\/categories?post=167947"},{"taxonomy":"post_tag","embeddable":true,"href":"https:\/\/tucomarca.whitekongsoftware.com\/ca\/wp-json\/wp\/v2\/tags?post=167947"}],"curies":[{"name":"wp","href":"https:\/\/api.w.org\/{rel}","templated":true}]}}