{"id":167904,"date":"2022-09-16T19:58:29","date_gmt":"2022-09-16T17:58:29","guid":{"rendered":"https:\/\/www.tucomarca.com\/wordpress\/segunda\/?p=167904"},"modified":"2022-09-16T19:58:33","modified_gmt":"2022-09-16T17:58:33","slug":"la-familia-de-la-jove-bunyolense-de-17-anys-nerea-villena-almagro-desapareguda-des-dahir-demana-ajuda-per-a-localitzar-la","status":"publish","type":"post","link":"https:\/\/tucomarca.whitekongsoftware.com\/ca\/la-familia-de-la-jove-bunyolense-de-17-anys-nerea-villena-almagro-desapareguda-des-dahir-demana-ajuda-per-a-localitzar-la\/","title":{"rendered":"La fam\u00edlia de la jove bunyolense de 17 anys Nerea Villena Almagro, desapareguda des d&#8217;ahir, demana ajuda per a localitzar-la"},"content":{"rendered":"\n<p class=\"wp-block-paragraph\">La fam\u00edlia de Nerea Villena Almagro demana la col\u00b7laboraci\u00f3 ciutadana per a la seua localitzaci\u00f3 compartint en xarxes socials la seua foto<\/p>\n\n\n\n<p class=\"wp-block-paragraph\">La jove de 17 anys despareci\u00f3 ahir, 15 de setembre, a Bunyol. La seua fam\u00edlia busca ajuda per a la seua localitzaci\u00f3.<\/p>\n","protected":false},"excerpt":{"rendered":"<div class=\"mh-excerpt\">La fam\u00edlia de Nerea Villena Almagro demana la col\u00b7laboraci\u00f3 ciutadana per a la seua localitzaci\u00f3 compartint en xarxes socials la seua foto La jove de 17 anys despareci\u00f3 ahir, 15 de setembre, a Bunyol. La <a class=\"mh-excerpt-more\" href=\"https:\/\/tucomarca.whitekongsoftware.com\/ca\/la-familia-de-la-jove-bunyolense-de-17-anys-nerea-villena-almagro-desapareguda-des-dahir-demana-ajuda-per-a-localitzar-la\/\" title=\"La fam\u00edlia de la jove bunyolense de 17 anys Nerea Villena Almagro, desapareguda des d&#8217;ahir, demana ajuda per a localitzar-la\">[+] <\/a><\/div>\n","protected":false},"author":12,"featured_media":167901,"comment_status":"open","ping_status":"open","sticky":false,"template":"","format":"standard","meta":{"footnotes":""},"categories":[10894,10904,10912,10896,10897],"tags":[17804,17805,10914],"class_list":["post-167904","post","type-post","status-publish","format-standard","has-post-thumbnail","category-la-comarca-ca","category-sin-categorizar-ca","category-la-hoya-ca","category-seccion-ca","category-sucesos-la-comarca-ca","tag-desaparecida-ca","tag-joven-desaparecida-ca","tag-la-hoya-de-bunol-chiva-ca"],"_links":{"self":[{"href":"https:\/\/tucomarca.whitekongsoftware.com\/ca\/wp-json\/wp\/v2\/posts\/167904","targetHints":{"allow":["GET"]}}],"collection":[{"href":"https:\/\/tucomarca.whitekongsoftware.com\/ca\/wp-json\/wp\/v2\/posts"}],"about":[{"href":"https:\/\/tucomarca.whitekongsoftware.com\/ca\/wp-json\/wp\/v2\/types\/post"}],"author":[{"embeddable":true,"href":"https:\/\/tucomarca.whitekongsoftware.com\/ca\/wp-json\/wp\/v2\/users\/12"}],"replies":[{"embeddable":true,"href":"https:\/\/tucomarca.whitekongsoftware.com\/ca\/wp-json\/wp\/v2\/comments?post=167904"}],"version-history":[{"count":0,"href":"https:\/\/tucomarca.whitekongsoftware.com\/ca\/wp-json\/wp\/v2\/posts\/167904\/revisions"}],"wp:featuredmedia":[{"embeddable":true,"href":"https:\/\/tucomarca.whitekongsoftware.com\/ca\/wp-json\/wp\/v2\/media\/167901"}],"wp:attachment":[{"href":"https:\/\/tucomarca.whitekongsoftware.com\/ca\/wp-json\/wp\/v2\/media?parent=167904"}],"wp:term":[{"taxonomy":"category","embeddable":true,"href":"https:\/\/tucomarca.whitekongsoftware.com\/ca\/wp-json\/wp\/v2\/categories?post=167904"},{"taxonomy":"post_tag","embeddable":true,"href":"https:\/\/tucomarca.whitekongsoftware.com\/ca\/wp-json\/wp\/v2\/tags?post=167904"}],"curies":[{"name":"wp","href":"https:\/\/api.w.org\/{rel}","templated":true}]}}