{"id":167816,"date":"2022-09-15T17:00:00","date_gmt":"2022-09-15T15:00:00","guid":{"rendered":"https:\/\/www.tucomarca.com\/wordpress\/segunda\/?p=167816"},"modified":"2022-09-15T20:31:18","modified_gmt":"2022-09-15T18:31:18","slug":"video-la-cavalcada-del-dia-de-les-musiques-posa-fi-als-actes-ludics-de-la-fira-i-festes-2022-de-bunyol","status":"publish","type":"post","link":"https:\/\/tucomarca.whitekongsoftware.com\/ca\/video-la-cavalcada-del-dia-de-les-musiques-posa-fi-als-actes-ludics-de-la-fira-i-festes-2022-de-bunyol\/","title":{"rendered":"V\u00eddeo: la cavalcada del Dia de les M\u00fasiques posa fi als actes l\u00fadics de la Fira i Festes 2022 de Bunyol"},"content":{"rendered":"\n<figure class=\"wp-block-embed is-type-video is-provider-youtube wp-block-embed-youtube wp-embed-aspect-4-3 wp-has-aspect-ratio\"><div class=\"wp-block-embed__wrapper\">\n<iframe loading=\"lazy\" title=\"V\u00eddeo: la cabalgata del D\u00eda de las M\u00fasicas pone fin a los actos festivos de la Feria 2022 de Bu\u00f1ol\" width=\"500\" height=\"281\" src=\"https:\/\/www.youtube.com\/embed\/HGOcWxsvDpE?feature=oembed\" frameborder=\"0\" allow=\"accelerometer; autoplay; clipboard-write; encrypted-media; gyroscope; picture-in-picture; web-share\" referrerpolicy=\"strict-origin-when-cross-origin\" allowfullscreen><\/iframe>\n<\/div><\/figure>\n\n\n\n<p class=\"wp-block-paragraph\">V\u00eddeo resumeixen elaborat per <strong>tucomarca televisi\u00f3<\/strong> de la cavalcada del Dia de les M\u00fasiques, amb la Batalla de Flores es posa el punt final als actes de car\u00e0cter festiu de la Fira i Festes 2022 de Bunyol.<\/p>\n","protected":false},"excerpt":{"rendered":"<div class=\"mh-excerpt\">V\u00eddeo resumeixen elaborat per tucomarca televisi\u00f3 de la cavalcada del Dia de les M\u00fasiques, amb la Batalla de Flores es posa el punt final als actes de car\u00e0cter festiu de la Fira i Festes 2022 <a class=\"mh-excerpt-more\" href=\"https:\/\/tucomarca.whitekongsoftware.com\/ca\/video-la-cavalcada-del-dia-de-les-musiques-posa-fi-als-actes-ludics-de-la-fira-i-festes-2022-de-bunyol\/\" title=\"V\u00eddeo: la cavalcada del Dia de les M\u00fasiques posa fi als actes l\u00fadics de la Fira i Festes 2022 de Bunyol\">[+] <\/a><\/div>\n","protected":false},"author":1,"featured_media":167809,"comment_status":"open","ping_status":"open","sticky":false,"template":"","format":"video","meta":{"footnotes":""},"categories":[10911,11005,10898,10894,10904,10912,11004,11007,11008,10896,11062],"tags":[16182,10913,11177,10914],"class_list":["post-167816","post","type-post","status-publish","format-video","has-post-thumbnail","category-bunol-ca","category-canal-musica","category-ventana-ca","category-la-comarca-ca","category-sin-categorizar-ca","category-la-hoya-ca","category-la-semana-en-imagenes-ca","category-ocio-y-cultura-ca","category-pueblos-en-fiestas-ca","category-seccion-ca","category-videos","tag-2022-ca","tag-bunol-ca","tag-fira-y-festes","tag-la-hoya-de-bunol-chiva-ca","post_format-post-format-video"],"_links":{"self":[{"href":"https:\/\/tucomarca.whitekongsoftware.com\/ca\/wp-json\/wp\/v2\/posts\/167816","targetHints":{"allow":["GET"]}}],"collection":[{"href":"https:\/\/tucomarca.whitekongsoftware.com\/ca\/wp-json\/wp\/v2\/posts"}],"about":[{"href":"https:\/\/tucomarca.whitekongsoftware.com\/ca\/wp-json\/wp\/v2\/types\/post"}],"author":[{"embeddable":true,"href":"https:\/\/tucomarca.whitekongsoftware.com\/ca\/wp-json\/wp\/v2\/users\/1"}],"replies":[{"embeddable":true,"href":"https:\/\/tucomarca.whitekongsoftware.com\/ca\/wp-json\/wp\/v2\/comments?post=167816"}],"version-history":[{"count":0,"href":"https:\/\/tucomarca.whitekongsoftware.com\/ca\/wp-json\/wp\/v2\/posts\/167816\/revisions"}],"wp:featuredmedia":[{"embeddable":true,"href":"https:\/\/tucomarca.whitekongsoftware.com\/ca\/wp-json\/wp\/v2\/media\/167809"}],"wp:attachment":[{"href":"https:\/\/tucomarca.whitekongsoftware.com\/ca\/wp-json\/wp\/v2\/media?parent=167816"}],"wp:term":[{"taxonomy":"category","embeddable":true,"href":"https:\/\/tucomarca.whitekongsoftware.com\/ca\/wp-json\/wp\/v2\/categories?post=167816"},{"taxonomy":"post_tag","embeddable":true,"href":"https:\/\/tucomarca.whitekongsoftware.com\/ca\/wp-json\/wp\/v2\/tags?post=167816"}],"curies":[{"name":"wp","href":"https:\/\/api.w.org\/{rel}","templated":true}]}}