{"id":167671,"date":"2022-09-14T12:05:00","date_gmt":"2022-09-14T10:05:00","guid":{"rendered":"https:\/\/www.tucomarca.com\/wordpress\/segunda\/?p=167671"},"modified":"2022-09-14T20:31:24","modified_gmt":"2022-09-14T18:31:24","slug":"ava-asaja-demana-agilitat-burocratica-i-suport-financer-per-a-implantar-installacions-fotovoltaiques-davant-els-prohibitius-costos-energetics","status":"publish","type":"post","link":"https:\/\/tucomarca.whitekongsoftware.com\/ca\/ava-asaja-demana-agilitat-burocratica-i-suport-financer-per-a-implantar-installacions-fotovoltaiques-davant-els-prohibitius-costos-energetics\/","title":{"rendered":"AVA-Asaja demana agilitat burocr\u00e0tica i suport financer per a implantar instal\u00b7lacions fotovoltaiques davant els \u201cprohibitius\u201d costos energ\u00e8tics"},"content":{"rendered":"\n<p class=\"wp-block-paragraph\">Cl\u00faster Energia de la Comunitat Valenciana (CECV) i l&#8217;Associaci\u00f3 Valenciana d&#8217;Agricultors (AVA-Asaja) han organitzat hui a Picassent una jornada titulada \u2018Reptes energ\u00e8tics i efici\u00e8ncia en el sector agrari\u2019 a la qual han assistit un centenar d&#8217;agricultors.<br>L&#8217;acte ha comen\u00e7at amb una visita a la primera comunitat energ\u00e8tica agrovoltaica Picassent Solar de 1\u20195 MWp connectada en mitjana tensi\u00f3 d&#8217;Espanya, on s&#8217;estan instal\u00b7lant 11.000 metres quadrats de plaques solars fins a 2023 que, a m\u00e9s de subministrar energia a usuaris situats en un radi de 25 quil\u00f2metres, combina els cultius agr\u00edcoles (de moment alvocats i pitayas) amb la instal\u00b7laci\u00f3 solar fotovoltaica.<br>El president de AVA-Asaja, Crist\u00f3bal Aguado, ha subratllat que \u201cla crisi energ\u00e8tica que pateix en major mesura Europa i Espanya ha disparat els costos de producci\u00f3. Molts pous de reg fins i tot estan plantejant-se tancar a causa dels preus prohibitius de l&#8217;electricitat. En aquest escenari, \u00e9s necessari apostar per energies renovables, m\u00e9s concretament per instal\u00b7lacions fotovoltaiques, que amb els avan\u00e7os tecnol\u00f2gics permeten una major efici\u00e8ncia i una amortitzaci\u00f3 m\u00e9s r\u00e0pida\u201d.<br>Per a aix\u00f2, el dirigent agrari sol\u00b7licita \u201cagilitat en els tr\u00e0mits burocr\u00e0tics i un suport financer. Aquesta planta pilot de Picassent \u00e9s un aparador per a aprendre per on va el futur, per\u00f2 cal agilitzar la posada en marxa d&#8217;aquesta mena de projectes per a exportar-lo a moltes altres explotacions. Fa falta una col\u00b7laboraci\u00f3 m\u00e9s estreta entre agricultors, administracions i entitats banc\u00e0ries\u201d.<br>El president de CECV, Ricardo Romaguera, ha apel\u00b7lat a les administracions per a simplificar permisos: \u201cDavant moments excepcionals, necessitem solucions excepcionals\u201d. Per part seua, la consellera d&#8217;Agricultura, Mireia Moll\u00e0, ha compartit \u201cla necessitat d&#8217;apostar per les energies renovables tant per a disminuir la nostra depend\u00e8ncia energ\u00e8tica com per a lluitar contra el canvi clim\u00e0tic\u201d.&nbsp;<br>Dins de la s\u00e8rie de confer\u00e8ncies t\u00e8cniques, els membres del departament de pous, projectes i expropiacions de AVA-Asaja, Carlos Ballester i Rosa Mar\u00eda G\u00f3mez, han pronunciat una xarrada sobre la problem\u00e0tica energ\u00e8tica en el sector agrari. Informa, <strong>Luis Ib\u00e1\u00f1ez.<\/strong><\/p>\n\n\n\n<p class=\"wp-block-paragraph\"><\/p>\n","protected":false},"excerpt":{"rendered":"<div class=\"mh-excerpt\">Cl\u00faster Energia de la Comunitat Valenciana (CECV) i l&#8217;Associaci\u00f3 Valenciana d&#8217;Agricultors (AVA-Asaja) han organitzat hui a Picassent una jornada titulada \u2018Reptes energ\u00e8tics i efici\u00e8ncia en el sector agrari\u2019 a la qual han assistit un centenar <a class=\"mh-excerpt-more\" href=\"https:\/\/tucomarca.whitekongsoftware.com\/ca\/ava-asaja-demana-agilitat-burocratica-i-suport-financer-per-a-implantar-installacions-fotovoltaiques-davant-els-prohibitius-costos-energetics\/\" title=\"AVA-Asaja demana agilitat burocr\u00e0tica i suport financer per a implantar instal\u00b7lacions fotovoltaiques davant els \u201cprohibitius\u201d costos energ\u00e8tics\">[+] <\/a><\/div>\n","protected":false},"author":12,"featured_media":167670,"comment_status":"open","ping_status":"open","sticky":false,"template":"","format":"standard","meta":{"footnotes":""},"categories":[10890,10905,10892,11046,10948,10894,10904,10903,10947,10909,10896],"tags":[11924,12035,17776],"class_list":["post-167671","post","type-post","status-publish","format-standard","has-post-thumbnail","category-ademus","category-agricultura-la-comarca-ca","category-camp-de-turia-ca","category-los-serranos-ca","category-infraestructuras-ca","category-la-comarca-ca","category-sin-categorizar-ca","category-medio-ambiente-la-comarca-ca","category-politica","category-requena-utiel-ca","category-seccion-ca","tag-ava-asaja-ca","tag-comunidad-valenciana-2-ca","tag-instalaciones-fotovoltaicas-ca"],"_links":{"self":[{"href":"https:\/\/tucomarca.whitekongsoftware.com\/ca\/wp-json\/wp\/v2\/posts\/167671","targetHints":{"allow":["GET"]}}],"collection":[{"href":"https:\/\/tucomarca.whitekongsoftware.com\/ca\/wp-json\/wp\/v2\/posts"}],"about":[{"href":"https:\/\/tucomarca.whitekongsoftware.com\/ca\/wp-json\/wp\/v2\/types\/post"}],"author":[{"embeddable":true,"href":"https:\/\/tucomarca.whitekongsoftware.com\/ca\/wp-json\/wp\/v2\/users\/12"}],"replies":[{"embeddable":true,"href":"https:\/\/tucomarca.whitekongsoftware.com\/ca\/wp-json\/wp\/v2\/comments?post=167671"}],"version-history":[{"count":0,"href":"https:\/\/tucomarca.whitekongsoftware.com\/ca\/wp-json\/wp\/v2\/posts\/167671\/revisions"}],"wp:featuredmedia":[{"embeddable":true,"href":"https:\/\/tucomarca.whitekongsoftware.com\/ca\/wp-json\/wp\/v2\/media\/167670"}],"wp:attachment":[{"href":"https:\/\/tucomarca.whitekongsoftware.com\/ca\/wp-json\/wp\/v2\/media?parent=167671"}],"wp:term":[{"taxonomy":"category","embeddable":true,"href":"https:\/\/tucomarca.whitekongsoftware.com\/ca\/wp-json\/wp\/v2\/categories?post=167671"},{"taxonomy":"post_tag","embeddable":true,"href":"https:\/\/tucomarca.whitekongsoftware.com\/ca\/wp-json\/wp\/v2\/tags?post=167671"}],"curies":[{"name":"wp","href":"https:\/\/api.w.org\/{rel}","templated":true}]}}