{"id":167481,"date":"2022-09-14T09:05:00","date_gmt":"2022-09-14T07:05:00","guid":{"rendered":"https:\/\/www.tucomarca.com\/wordpress\/segunda\/?p=167481"},"modified":"2022-09-14T11:24:57","modified_gmt":"2022-09-14T09:24:57","slug":"riba-roja-reparteix-1-719-xecs-escolars-entre-els-nivells-dinfantil-primaria-i-secundaria-per-un-total-de-115-000-euros-per-a-financar-material-equipament-i-accessoris","status":"publish","type":"post","link":"https:\/\/tucomarca.whitekongsoftware.com\/ca\/riba-roja-reparteix-1-719-xecs-escolars-entre-els-nivells-dinfantil-primaria-i-secundaria-per-un-total-de-115-000-euros-per-a-financar-material-equipament-i-accessoris\/","title":{"rendered":"Riba-roja reparteix 1.719 xecs escolars entre els nivells d&#8217;infantil, prim\u00e0ria i secund\u00e0ria per un total de 115.000 euros per a finan\u00e7ar material, equipament i accessoris"},"content":{"rendered":"\n<h4 class=\"wp-block-heading\">&nbsp;L&#8217;ajuntament comen\u00e7a el repartiment de les ajudes a les sol\u00b7licituds acceptades per les activitats escolars i extraescolars amb l&#8217;inici de les classes en tots els nivells de l&#8217;educaci\u00f3&nbsp;<\/h4>\n\n\n\n<figure class=\"wp-block-gallery has-nested-images columns-default is-cropped wp-block-gallery-1 is-layout-flex wp-block-gallery-is-layout-flex\">\n<figure class=\"wp-block-image size-large\"><img loading=\"lazy\" decoding=\"async\" width=\"768\" height=\"576\" data-id=\"167462\" src=\"http:\/\/www.tucomarca.com\/wordpress\/segunda\/wp-content\/uploads\/2022\/09\/foto2.jpeg\" alt=\"\" class=\"wp-image-167462\" srcset=\"https:\/\/tucomarca.whitekongsoftware.com\/wp-content\/uploads\/2022\/09\/foto2.jpeg 768w, https:\/\/tucomarca.whitekongsoftware.com\/wp-content\/uploads\/2022\/09\/foto2-300x225.jpeg 300w, https:\/\/tucomarca.whitekongsoftware.com\/wp-content\/uploads\/2022\/09\/foto2-678x509.jpeg 678w, https:\/\/tucomarca.whitekongsoftware.com\/wp-content\/uploads\/2022\/09\/foto2-326x245.jpeg 326w, https:\/\/tucomarca.whitekongsoftware.com\/wp-content\/uploads\/2022\/09\/foto2-80x60.jpeg 80w\" sizes=\"auto, (max-width: 768px) 100vw, 768px\" \/><\/figure>\n\n\n\n<figure class=\"wp-block-image size-large\"><img loading=\"lazy\" decoding=\"async\" width=\"768\" height=\"521\" data-id=\"167460\" src=\"http:\/\/www.tucomarca.com\/wordpress\/segunda\/wp-content\/uploads\/2022\/09\/foto1.jpeg\" alt=\"\" class=\"wp-image-167460\" srcset=\"https:\/\/tucomarca.whitekongsoftware.com\/wp-content\/uploads\/2022\/09\/foto1.jpeg 768w, https:\/\/tucomarca.whitekongsoftware.com\/wp-content\/uploads\/2022\/09\/foto1-300x204.jpeg 300w\" sizes=\"auto, (max-width: 768px) 100vw, 768px\" \/><\/figure>\n\n\n\n<figure class=\"wp-block-image size-large\"><img loading=\"lazy\" decoding=\"async\" width=\"940\" height=\"788\" data-id=\"167464\" src=\"http:\/\/www.tucomarca.com\/wordpress\/segunda\/wp-content\/uploads\/2022\/09\/foto3.jpeg\" alt=\"\" class=\"wp-image-167464\" srcset=\"https:\/\/tucomarca.whitekongsoftware.com\/wp-content\/uploads\/2022\/09\/foto3.jpeg 940w, https:\/\/tucomarca.whitekongsoftware.com\/wp-content\/uploads\/2022\/09\/foto3-300x251.jpeg 300w, https:\/\/tucomarca.whitekongsoftware.com\/wp-content\/uploads\/2022\/09\/foto3-768x644.jpeg 768w\" sizes=\"auto, (max-width: 940px) 100vw, 940px\" \/><\/figure>\n\n\n\n<figure class=\"wp-block-image size-large\"><img loading=\"lazy\" decoding=\"async\" width=\"940\" height=\"788\" data-id=\"167466\" src=\"http:\/\/www.tucomarca.com\/wordpress\/segunda\/wp-content\/uploads\/2022\/09\/foto4.jpeg\" alt=\"\" class=\"wp-image-167466\" srcset=\"https:\/\/tucomarca.whitekongsoftware.com\/wp-content\/uploads\/2022\/09\/foto4.jpeg 940w, https:\/\/tucomarca.whitekongsoftware.com\/wp-content\/uploads\/2022\/09\/foto4-300x251.jpeg 300w, https:\/\/tucomarca.whitekongsoftware.com\/wp-content\/uploads\/2022\/09\/foto4-768x644.jpeg 768w\" sizes=\"auto, (max-width: 940px) 100vw, 940px\" \/><\/figure>\n\n\n\n<figure class=\"wp-block-image size-large\"><img loading=\"lazy\" decoding=\"async\" width=\"940\" height=\"788\" data-id=\"167468\" src=\"http:\/\/www.tucomarca.com\/wordpress\/segunda\/wp-content\/uploads\/2022\/09\/foto5.jpeg\" alt=\"\" class=\"wp-image-167468\" srcset=\"https:\/\/tucomarca.whitekongsoftware.com\/wp-content\/uploads\/2022\/09\/foto5.jpeg 940w, https:\/\/tucomarca.whitekongsoftware.com\/wp-content\/uploads\/2022\/09\/foto5-300x251.jpeg 300w, https:\/\/tucomarca.whitekongsoftware.com\/wp-content\/uploads\/2022\/09\/foto5-768x644.jpeg 768w\" sizes=\"auto, (max-width: 940px) 100vw, 940px\" \/><\/figure>\n\n\n\n<figure class=\"wp-block-image size-large\"><img loading=\"lazy\" decoding=\"async\" width=\"1080\" height=\"810\" data-id=\"167470\" src=\"http:\/\/www.tucomarca.com\/wordpress\/segunda\/wp-content\/uploads\/2022\/09\/foto6.jpeg\" alt=\"\" class=\"wp-image-167470\" srcset=\"https:\/\/tucomarca.whitekongsoftware.com\/wp-content\/uploads\/2022\/09\/foto6.jpeg 1080w, https:\/\/tucomarca.whitekongsoftware.com\/wp-content\/uploads\/2022\/09\/foto6-300x225.jpeg 300w, https:\/\/tucomarca.whitekongsoftware.com\/wp-content\/uploads\/2022\/09\/foto6-1024x768.jpeg 1024w, https:\/\/tucomarca.whitekongsoftware.com\/wp-content\/uploads\/2022\/09\/foto6-768x576.jpeg 768w, https:\/\/tucomarca.whitekongsoftware.com\/wp-content\/uploads\/2022\/09\/foto6-678x509.jpeg 678w, https:\/\/tucomarca.whitekongsoftware.com\/wp-content\/uploads\/2022\/09\/foto6-326x245.jpeg 326w, https:\/\/tucomarca.whitekongsoftware.com\/wp-content\/uploads\/2022\/09\/foto6-80x60.jpeg 80w\" sizes=\"auto, (max-width: 1080px) 100vw, 1080px\" \/><\/figure>\n\n\n\n<figure class=\"wp-block-image size-large\"><img loading=\"lazy\" decoding=\"async\" width=\"940\" height=\"788\" data-id=\"167474\" src=\"http:\/\/www.tucomarca.com\/wordpress\/segunda\/wp-content\/uploads\/2022\/09\/foto8.jpeg\" alt=\"\" class=\"wp-image-167474\" srcset=\"https:\/\/tucomarca.whitekongsoftware.com\/wp-content\/uploads\/2022\/09\/foto8.jpeg 940w, https:\/\/tucomarca.whitekongsoftware.com\/wp-content\/uploads\/2022\/09\/foto8-300x251.jpeg 300w, https:\/\/tucomarca.whitekongsoftware.com\/wp-content\/uploads\/2022\/09\/foto8-768x644.jpeg 768w\" sizes=\"auto, (max-width: 940px) 100vw, 940px\" \/><\/figure>\n\n\n\n<figure class=\"wp-block-image size-large\"><img loading=\"lazy\" decoding=\"async\" width=\"940\" height=\"788\" data-id=\"167476\" src=\"http:\/\/www.tucomarca.com\/wordpress\/segunda\/wp-content\/uploads\/2022\/09\/foto9.jpeg\" alt=\"\" class=\"wp-image-167476\" srcset=\"https:\/\/tucomarca.whitekongsoftware.com\/wp-content\/uploads\/2022\/09\/foto9.jpeg 940w, https:\/\/tucomarca.whitekongsoftware.com\/wp-content\/uploads\/2022\/09\/foto9-300x251.jpeg 300w, https:\/\/tucomarca.whitekongsoftware.com\/wp-content\/uploads\/2022\/09\/foto9-768x644.jpeg 768w\" sizes=\"auto, (max-width: 940px) 100vw, 940px\" \/><\/figure>\n\n\n\n<figure class=\"wp-block-image size-large\"><img loading=\"lazy\" decoding=\"async\" width=\"1080\" height=\"810\" data-id=\"167478\" src=\"http:\/\/www.tucomarca.com\/wordpress\/segunda\/wp-content\/uploads\/2022\/09\/foto10.jpeg\" alt=\"\" class=\"wp-image-167478\" srcset=\"https:\/\/tucomarca.whitekongsoftware.com\/wp-content\/uploads\/2022\/09\/foto10.jpeg 1080w, https:\/\/tucomarca.whitekongsoftware.com\/wp-content\/uploads\/2022\/09\/foto10-300x225.jpeg 300w, https:\/\/tucomarca.whitekongsoftware.com\/wp-content\/uploads\/2022\/09\/foto10-1024x768.jpeg 1024w, https:\/\/tucomarca.whitekongsoftware.com\/wp-content\/uploads\/2022\/09\/foto10-768x576.jpeg 768w, https:\/\/tucomarca.whitekongsoftware.com\/wp-content\/uploads\/2022\/09\/foto10-678x509.jpeg 678w, https:\/\/tucomarca.whitekongsoftware.com\/wp-content\/uploads\/2022\/09\/foto10-326x245.jpeg 326w, https:\/\/tucomarca.whitekongsoftware.com\/wp-content\/uploads\/2022\/09\/foto10-80x60.jpeg 80w\" sizes=\"auto, (max-width: 1080px) 100vw, 1080px\" \/><\/figure>\n<\/figure>\n\n\n\n<p class=\"wp-block-paragraph\">L&#8217;Ajuntament de Riba-roja de T\u00faria repartir\u00e0 fins a un total de 115.000 euros en el denominat \u201cCol\u00b7le Xec\u201d per a tots aquells escolars nascuts entre els anys 2007 i 2019 empadronats en la localitat matriculats en educaci\u00f3 infantil de segon cicle, educaci\u00f3 prim\u00e0ria, educaci\u00f3 secund\u00e0ria obligat\u00f2ria i, finalment, en els centres espec\u00edfics d&#8217;educaci\u00f3 especial. En total, s&#8217;han concedit 1.719 xecs entre els escolars del municipi que es repartiran des de hui dilluns i al llarg de tota la setmana a l&#8217;Auditori Municipal, de 9 a 13.30 i de 16.30 a 19.30 hores.&nbsp;<\/p>\n\n\n\n<p class=\"wp-block-paragraph\">La iniciativa t\u00e9 com a principal objectiu regular la concessi\u00f3, en r\u00e8gim de concurr\u00e8ncia competitiva, les ajudes per a finan\u00e7ar de manera total o parcial l&#8217;adquisici\u00f3 del material destinat a les activitats escolars formals i no formals \u2013les conegudes extraescolars- que es desenvolupen al llarg del present curs escolar 2022-2023. En els grups de possibles beneficiaris s&#8217;inclouen, tamb\u00e9, els nascuts entre 2005 i 2006 matriculats en educaci\u00f3 secund\u00e0ria obligat\u00f2ria.&nbsp;<\/p>\n\n\n\n<p class=\"wp-block-paragraph\">Entre els elements subvencionables es considera exclusivament el material, l&#8217;equipament i els accessoris per al desenvolupament de les activitats escolars i extraescolars, com el cas de l&#8217;uniforme, la indument\u00e0ria, el cal\u00e7at, les motxilles, bosses d&#8217;higiene, bosses d&#8217;esport, els instruments musicals, l&#8217;equipament esportiu, material pintura, vestit de bany, xancletes diccionaris, llibres de lectura i llibres per a autocompletar no inclosos en la xarxa de llibres i sol\u00b7licitats pels centres.&nbsp;<\/p>\n\n\n\n<p class=\"wp-block-paragraph\">Les bases reguladores de les concessions estableixen, amb claredat, que s&#8217;exclou l&#8217;adquisici\u00f3 per a la llar d&#8217;electrodom\u00e8stics, parament, t\u00e8xtil llar (incl\u00f2s pijames, sabatilles, casa,..), el mobiliari excepte l&#8217;escriptori, la cadira juvenil o el llum de l&#8217;escriptori. En el cas de convocar-se subvencions en altres \u00e0mbits de l&#8217;administraci\u00f3 p\u00fablica, existeix la possibilitat que s&#8217;excloguen alguns nivells educatius ja subvencionats.&nbsp;<\/p>\n\n\n\n<p class=\"wp-block-paragraph\">Els beneficiaris de les ajudes han de complir una s\u00e8rie de requisits generals com ara respectar el per\u00edode de presentaci\u00f3 de la sol\u00b7licitud, estar empadronat a Riba-roja de T\u00faria almenys el pare, la mare o el tutor legal i el menor objecte de l&#8217;ajuda amb anterioritat a l&#8217;1 de gener de 2022 i no superar una renda de la unitat familiar superior a set vegades l&#8217;indicador p\u00fablic de renda d&#8217;efectes m\u00faltiples anual calculat en catorze pagues segons la declaraci\u00f3 de l&#8217;IRPF de l&#8217;exercici de 2021.&nbsp;<\/p>\n\n\n\n<p class=\"wp-block-paragraph\">Per a la modalitat A, adquisici\u00f3 de material escolar, s&#8217;hauran de complir altres requisits com els nascuts en 2005 i 2006 han d&#8217;estar matriculats en un centre en educaci\u00f3 secund\u00e0ria obligat\u00f2ria o en centres espec\u00edfics d&#8217;educaci\u00f3 especial. Per a l&#8217;ajuda tipus B, amb adquisici\u00f3 de material, equipaments i accessoris hauran d&#8217;indicar en la sol\u00b7licitud el tipus d&#8217;activitat relacionades amb la promoci\u00f3 de la cultura, l&#8217;esport i l&#8217;oci socioeducatiu, aix\u00ed com acreditar l&#8217;activitat que s&#8217;ha realitzat des de l&#8217;1 de gener de 2022 fins al dia de la presentaci\u00f3 de la sol\u00b7licitud.&nbsp;<\/p>\n\n\n\n<p class=\"wp-block-paragraph\">En les bases de Riba-roja de T\u00faria s&#8217;estableixen unes condicions de beneficiaris directes no subjectes a barems els que reunisquen els requisits previstos i es troben en alguna situaci\u00f3 determinada com cursar estudis en un centre espec\u00edfic d&#8217;educaci\u00f3 especial, fills i filles de v\u00edctimes de viol\u00e8ncia de g\u00e8nere, v\u00edctimes de terrorisme, fills i filles en acolliment familiar o residencial o els destinataris de la renda valenciana d&#8217;inclusi\u00f3 i\/o ingr\u00e9s m\u00ednim vital.&nbsp;<\/p>\n\n\n\n<p class=\"wp-block-paragraph\">Les ajudes es concedeixen a partir dels barems establits, com les circumst\u00e0ncies econ\u00f2miques sobre la renda de la unitat familiar referenciada amb el Iprem i les circumst\u00e0ncies soci-familiars com a orfandat absoluta, fills de fam\u00edlies monoparentals, discapacitats en algun membre familiar o les fam\u00edlies nombroses, cadascuna d&#8217;elles tindran 3 punts en cada criteri. En cas de desempat prevaldran aquelles sol\u00b7licituds amb l&#8217;import de renda m\u00e9s baix per unitat familiar.&nbsp;<\/p>\n\n\n\n<p class=\"wp-block-paragraph\">La quantitat econ\u00f2mica establida s&#8217;ha fixat en 50 euros en el cas de l&#8217;ajuda tipus A sobre material escolar mentre que les ajudes de tipus B sobre adquisici\u00f3 de material, equipaments i accessoris extraescolars tindr\u00e0 una ajuda d&#8217;altres 30 euros. Una comissi\u00f3 avaluadora s&#8217;encarregar\u00e0 d&#8217;estudiar i valorar cadascuna de les sol\u00b7licituds rebudes per a la concessi\u00f3 de les ajudes econ\u00f2miques, amb un president, una secret\u00e0ria i un vocal.&nbsp;<\/p>\n\n\n\n<p class=\"wp-block-paragraph\">La forma de pagament de les ajudes econ\u00f2miques s&#8217;ha previst a trav\u00e9s vals per un import de 10 euros, amb destinaci\u00f3 a l&#8217;adquisici\u00f3 de material, equipaments i accessoris necessaris per al desenvolupament de l&#8217;activitat escolar formal i no formal, aix\u00ed com per al material utilitzat en altres ensenyaments reglats, excloses la xarxa de llibres. Els vals es podran utilitzar fins al pr\u00f2xim 30 d&#8217;octubre de 2022 i, a continuaci\u00f3, s&#8217;hauran de justificar amb la presentaci\u00f3 d&#8217;una \u00fanica factura per part dels comer\u00e7os adherits a la campanya del col\u00b7le xec i el pagament de la mateixa per part de l&#8217;ajuntament.&nbsp;<\/p>\n\n\n\n<p class=\"wp-block-paragraph\">L&#8217;alcalde de Riba-roja de T\u00faria, Robert Raga, ha afirmat la import\u00e0ncia de concedir aquest tipus d&#8217;ajudes \u201cessencials en aquest inici de curs per a finan\u00e7ar les activitats escolars i extraescolars dels alumnes del nostre municipi, una manera de minorar les despeses que les fam\u00edlies han d&#8217;afrontar durant aquestes primeres setmanes; per aix\u00f2, des de l&#8217;equip de govern municipal apostem per continuar amb les pol\u00edtiques centrades en la distribuci\u00f3 de recursos entre aquelles fam\u00edlies que m\u00e9s ho necessiten\u201d.<\/p>\n","protected":false},"excerpt":{"rendered":"<div class=\"mh-excerpt\">&nbsp;L&#8217;ajuntament comen\u00e7a el repartiment de les ajudes a les sol\u00b7licituds acceptades per les activitats escolars i extraescolars amb l&#8217;inici de les classes en tots els nivells de l&#8217;educaci\u00f3&nbsp; L&#8217;Ajuntament de Riba-roja de T\u00faria repartir\u00e0 fins <a class=\"mh-excerpt-more\" href=\"https:\/\/tucomarca.whitekongsoftware.com\/ca\/riba-roja-reparteix-1-719-xecs-escolars-entre-els-nivells-dinfantil-primaria-i-secundaria-per-un-total-de-115-000-euros-per-a-financar-material-equipament-i-accessoris\/\" title=\"Riba-roja reparteix 1.719 xecs escolars entre els nivells d&#8217;infantil, prim\u00e0ria i secund\u00e0ria per un total de 115.000 euros per a finan\u00e7ar material, equipament i accessoris\">[+] <\/a><\/div>\n","protected":false},"author":12,"featured_media":167473,"comment_status":"open","ping_status":"open","sticky":false,"template":"","format":"gallery","meta":{"footnotes":""},"categories":[10892,46,128,10948,10894,8,10947,142,182,10906,10896,3],"tags":[10395,10899,17753,1211,15023,15024],"class_list":["post-167481","post","type-post","status-publish","format-gallery","has-post-thumbnail","category-camp-de-turia-ca","category-camp-de-turia","category-infraestructuras","category-infraestructuras-ca","category-la-comarca-ca","category-la-comarca","category-politica","category-politica-la-comarca","category-riba-roja","category-riba-roja-ca","category-seccion-ca","category-seccion","tag-camp-de-turia","tag-camp-de-turia-ca","tag-cheque-escolar-ca","tag-cheque-escolar","tag-riba-roja-de-turia","tag-riba-roja-de-turia-ca","post_format-post-format-gallery"],"_links":{"self":[{"href":"https:\/\/tucomarca.whitekongsoftware.com\/ca\/wp-json\/wp\/v2\/posts\/167481","targetHints":{"allow":["GET"]}}],"collection":[{"href":"https:\/\/tucomarca.whitekongsoftware.com\/ca\/wp-json\/wp\/v2\/posts"}],"about":[{"href":"https:\/\/tucomarca.whitekongsoftware.com\/ca\/wp-json\/wp\/v2\/types\/post"}],"author":[{"embeddable":true,"href":"https:\/\/tucomarca.whitekongsoftware.com\/ca\/wp-json\/wp\/v2\/users\/12"}],"replies":[{"embeddable":true,"href":"https:\/\/tucomarca.whitekongsoftware.com\/ca\/wp-json\/wp\/v2\/comments?post=167481"}],"version-history":[{"count":0,"href":"https:\/\/tucomarca.whitekongsoftware.com\/ca\/wp-json\/wp\/v2\/posts\/167481\/revisions"}],"wp:featuredmedia":[{"embeddable":true,"href":"https:\/\/tucomarca.whitekongsoftware.com\/ca\/wp-json\/wp\/v2\/media\/167473"}],"wp:attachment":[{"href":"https:\/\/tucomarca.whitekongsoftware.com\/ca\/wp-json\/wp\/v2\/media?parent=167481"}],"wp:term":[{"taxonomy":"category","embeddable":true,"href":"https:\/\/tucomarca.whitekongsoftware.com\/ca\/wp-json\/wp\/v2\/categories?post=167481"},{"taxonomy":"post_tag","embeddable":true,"href":"https:\/\/tucomarca.whitekongsoftware.com\/ca\/wp-json\/wp\/v2\/tags?post=167481"}],"curies":[{"name":"wp","href":"https:\/\/api.w.org\/{rel}","templated":true}]}}