{"id":167313,"date":"2022-09-09T12:00:00","date_gmt":"2022-09-09T10:00:00","guid":{"rendered":"https:\/\/www.tucomarca.com\/wordpress\/segunda\/?p=167313"},"modified":"2022-09-13T14:47:06","modified_gmt":"2022-09-13T12:47:06","slug":"video-resumen-asi-se-desarrollo-la-cabalgata-de-el-litro-durante-la-feria-y-fiestas-2022-de-bunol","status":"publish","type":"post","link":"https:\/\/tucomarca.whitekongsoftware.com\/ca\/video-resumen-asi-se-desarrollo-la-cabalgata-de-el-litro-durante-la-feria-y-fiestas-2022-de-bunol\/","title":{"rendered":"V\u00eddeo-resumen: aix\u00ed es va desenvolupar la cavalcada de &#8216;El Litre&#8217; durant la Fira i Festes 2022 de Bunyol"},"content":{"rendered":"\n<figure class=\"wp-block-embed is-type-video is-provider-youtube wp-block-embed-youtube wp-embed-aspect-16-9 wp-has-aspect-ratio\"><div class=\"wp-block-embed__wrapper\">\n<iframe loading=\"lazy\" title=\"V\u00eddeo-resumen: as\u00ed se desarroll\u00f3 la cabalgata de &#039;El Litro&#039; durante la Feria y Fiestas 2022 de Bu\u00f1ol\" width=\"500\" height=\"281\" src=\"https:\/\/www.youtube.com\/embed\/TeYOHIVqkm8?feature=oembed\" frameborder=\"0\" allow=\"accelerometer; autoplay; clipboard-write; encrypted-media; gyroscope; picture-in-picture; web-share\" referrerpolicy=\"strict-origin-when-cross-origin\" allowfullscreen><\/iframe>\n<\/div><\/figure>\n\n\n\n<p class=\"wp-block-paragraph\">Per si no vas poder gaudir-la en viu o per si t&#8217;abelleix reviure-la ara, ac\u00ed us deixem el v\u00eddeo-resumeixen elaborat per <strong>tucomarca televisi\u00f3<\/strong> de la cavalcada del Dia del Litre organitzada pel Centre Instructiu Musical &#8220;L&#8217;Arm\u00f2nica&#8221; de Bunyol durant la Fira i Festes 2022.<\/p>\n","protected":false},"excerpt":{"rendered":"<div class=\"mh-excerpt\">Per si no vas poder gaudir-la en viu o per si t&#8217;abelleix reviure-la ara, ac\u00ed us deixem el v\u00eddeo-resumeixen elaborat per tucomarca televisi\u00f3 de la cavalcada del Dia del Litre organitzada pel Centre Instructiu Musical <a class=\"mh-excerpt-more\" href=\"https:\/\/tucomarca.whitekongsoftware.com\/ca\/video-resumen-asi-se-desarrollo-la-cabalgata-de-el-litro-durante-la-feria-y-fiestas-2022-de-bunol\/\" title=\"V\u00eddeo-resumen: aix\u00ed es va desenvolupar la cavalcada de &#8216;El Litre&#8217; durant la Fira i Festes 2022 de Bunyol\">[+] <\/a><\/div>\n","protected":false},"author":1,"featured_media":167311,"comment_status":"open","ping_status":"open","sticky":false,"template":"","format":"video","meta":{"footnotes":""},"categories":[18,10911,66,11005,10898,8,10894,72,10904,10912,10,5,11004,11007,7,11008,383,10896,3,45,26,11062],"tags":[10913,17648,11209,12006,1669,10914],"class_list":["post-167313","post","type-post","status-publish","format-video","has-post-thumbnail","category-bunol","category-bunol-ca","category-musica","category-canal-musica","category-ventana-ca","category-la-comarca","category-la-comarca-ca","category-sin-categorizar","category-sin-categorizar-ca","category-la-hoya-ca","category-la-hoya","category-la-semana-en-imagenes","category-la-semana-en-imagenes-ca","category-ocio-y-cultura-ca","category-ocio-y-cultura","category-pueblos-en-fiestas-ca","category-pueblos-en-fiestas","category-seccion-ca","category-seccion","category-ventana","category-video","category-videos","tag-bunol-ca","tag-cim-la-armonica-ca","tag-cim-la-armonica-de-bunol-ca","tag-feria-y-fiestas-2","tag-feria-y-fiestas","tag-la-hoya-de-bunol-chiva-ca","post_format-post-format-video"],"_links":{"self":[{"href":"https:\/\/tucomarca.whitekongsoftware.com\/ca\/wp-json\/wp\/v2\/posts\/167313","targetHints":{"allow":["GET"]}}],"collection":[{"href":"https:\/\/tucomarca.whitekongsoftware.com\/ca\/wp-json\/wp\/v2\/posts"}],"about":[{"href":"https:\/\/tucomarca.whitekongsoftware.com\/ca\/wp-json\/wp\/v2\/types\/post"}],"author":[{"embeddable":true,"href":"https:\/\/tucomarca.whitekongsoftware.com\/ca\/wp-json\/wp\/v2\/users\/1"}],"replies":[{"embeddable":true,"href":"https:\/\/tucomarca.whitekongsoftware.com\/ca\/wp-json\/wp\/v2\/comments?post=167313"}],"version-history":[{"count":0,"href":"https:\/\/tucomarca.whitekongsoftware.com\/ca\/wp-json\/wp\/v2\/posts\/167313\/revisions"}],"wp:featuredmedia":[{"embeddable":true,"href":"https:\/\/tucomarca.whitekongsoftware.com\/ca\/wp-json\/wp\/v2\/media\/167311"}],"wp:attachment":[{"href":"https:\/\/tucomarca.whitekongsoftware.com\/ca\/wp-json\/wp\/v2\/media?parent=167313"}],"wp:term":[{"taxonomy":"category","embeddable":true,"href":"https:\/\/tucomarca.whitekongsoftware.com\/ca\/wp-json\/wp\/v2\/categories?post=167313"},{"taxonomy":"post_tag","embeddable":true,"href":"https:\/\/tucomarca.whitekongsoftware.com\/ca\/wp-json\/wp\/v2\/tags?post=167313"}],"curies":[{"name":"wp","href":"https:\/\/api.w.org\/{rel}","templated":true}]}}