{"id":167304,"date":"2022-09-09T19:00:00","date_gmt":"2022-09-09T17:00:00","guid":{"rendered":"https:\/\/www.tucomarca.com\/wordpress\/segunda\/?p=167304"},"modified":"2022-09-13T14:26:12","modified_gmt":"2022-09-13T12:26:12","slug":"la-regidoria-desports-de-lajuntament-de-bunyol-elabora-el-reglament-del-consell-sectorial-consultiu-desports","status":"publish","type":"post","link":"https:\/\/tucomarca.whitekongsoftware.com\/ca\/la-regidoria-desports-de-lajuntament-de-bunyol-elabora-el-reglament-del-consell-sectorial-consultiu-desports\/","title":{"rendered":"La regidoria d&#8217;Esports de l&#8217;Ajuntament de Bunyol elabora el reglament del Consell Sectorial Consultiu d&#8217;Esports"},"content":{"rendered":"\n<p class=\"wp-block-paragraph\">L&#8217;Ajuntament de Bunyol, a trav\u00e9s de la regidoria d&#8217;Esports que gestiona Manuel Sierra, presenta a la ciutadania de Bunyol el reglament del Consell Sectorial Consultiu d&#8217;Esports, que queda reflectit a continuaci\u00f3, amb ell es pret\u00e9n crear una via de participaci\u00f3 dels ciutadans i associacions en els debats d&#8217;assumptes referents a l&#8217;esport en l&#8217;\u00e0mbit local.<\/p>\n\n\n\n<p class=\"wp-block-paragraph\"><strong>REGLAMENT DEL CONSELL SECTORIAL CONSULTIU D&#8217;ESPORTS.<\/strong><\/p>\n\n\n\n<p class=\"wp-block-paragraph\"><strong>I. CREACI\u00d3, NATURALESA I R\u00c8GIM JUR\u00cdDIC<\/strong><\/p>\n\n\n\n<p class=\"wp-block-paragraph\"><strong>Article 1. Creaci\u00f3<\/strong>&nbsp;<\/p>\n\n\n\n<p class=\"wp-block-paragraph\">Es crea el Consell Sectorial Consultiu d&#8217;Esports de Bunyol com a via de participaci\u00f3 dels ciutadans i associacions en els debats d&#8217;assumptes referents a l&#8217;esport en l&#8217;\u00e0mbit local.&nbsp;<\/p>\n\n\n\n<p class=\"wp-block-paragraph\"><strong>Article 2. Naturalesa jur\u00eddica<\/strong>&nbsp;<\/p>\n\n\n\n<p class=\"wp-block-paragraph\">El Consell Sectorial Consultiu d&#8217;Esports ser\u00e0 un \u00f2rgan col\u00b7legiat de car\u00e0cter consultiu de l&#8217;Ajuntament.&nbsp;<\/p>\n\n\n\n<p class=\"wp-block-paragraph\"><strong>Article 3. R\u00e8gim jur\u00eddic<\/strong>&nbsp;<\/p>\n\n\n\n<p class=\"wp-block-paragraph\">L&#8217;Organitzaci\u00f3 i funcionament intern del Consell Sectorial Consultiu d&#8217;Esports es regir\u00e0 pel present Reglament.&nbsp;<\/p>\n\n\n\n<p class=\"wp-block-paragraph\"><strong>II. FUNCIONS DEL CONSELL<\/strong><\/p>\n\n\n\n<p class=\"wp-block-paragraph\"><strong>Article 4. Funcions&nbsp;<\/strong><\/p>\n\n\n\n<ol class=\"wp-block-list\"><li>Aquest Consell Sectorial d&#8217;Esports, tindr\u00e0 entre les seues funcions fonamentals el ser sentit i consultat per la Corporaci\u00f3 local en l\u00ednies d&#8217;actuaci\u00f3 de car\u00e0cter general en mat\u00e8ries relatives a la promoci\u00f3 i foment de l&#8217;esport en el desenvolupament de la vida social, cultural i pol\u00edtica de Bunyol, i la col\u00b7laboraci\u00f3 en el desenvolupament d&#8217;activitats que tinguen relaci\u00f3 amb la problem\u00e0tica i interessos de l&#8217;esport.<\/li><li>El Consell Sectorial Consultiu d&#8217;Esports ser\u00e0 un \u00f2rgan de car\u00e0cter consultiu i podr\u00e0 realitzar estudis, valoracions i qualsevol altre assessorament per a la redacci\u00f3 i posada en marxa d&#8217;iniciatives d&#8217;inter\u00e9s general en mat\u00e8ria d&#8217;esports per al poble de Bunyol.<\/li><li>Corresponen al Consell Sectorial Consultiu d&#8217;Esports les seg\u00fcents atribucions:&nbsp;<ol><li>Vetlar pel compliment del que s&#8217;estableix en aquest Reglament.&nbsp;<\/li><li>Aproximar la gesti\u00f3 municipal en mat\u00e8ria d&#8217;esports als ciutadans.&nbsp;<\/li><li>Fomentar la participaci\u00f3 m\u00e0xima dels ve\u00efns, col\u00b7lectius i entitats en mat\u00e8ria d&#8217;esports en l&#8217;activitat municipal.&nbsp;<\/li><li>Elevar propostes a l&#8217;Ajuntament sobre actuacions municipals en mat\u00e8ria d&#8217;esports.<\/li><li>L&#8217;elecci\u00f3 del seu Secretari.<\/li><li>Determinaci\u00f3 del nombre de comissions de treball, atribucions, nombre de components de les mateixes i adscripci\u00f3 a les mateixes dels diferents membres del Consell.<\/li><\/ol><\/li><\/ol>\n\n\n\n<p class=\"wp-block-paragraph\"><strong>III. COMPOSICI\u00d3, DESIGNACIONS, NOMENAMENTS I MANDATS<\/strong><\/p>\n\n\n\n<p class=\"wp-block-paragraph\"><strong>Article 5. Composici\u00f3<\/strong>&nbsp;<\/p>\n\n\n\n<p class=\"wp-block-paragraph\">El Consell Sectorial Consultiu d&#8217;Esports estar\u00e0 constitu\u00eft per un President membre de la Corporaci\u00f3 Local, nomenat i separat lliurement per l&#8217;Alcalde, i pr\u00e8via sol\u00b7licitud d&#8217;adhesi\u00f3, per un representant de cada entitat ciutadana inscrita en el Registre d&#8217;Associacions de l&#8217;Ajuntament dedicades a l&#8217;esport i persones f\u00edsiques que a t\u00edtol particular vulguen formar part del Consell i per un Secretari.&nbsp;<\/p>\n\n\n\n<p class=\"wp-block-paragraph\"><strong>Article 6. Designaci\u00f3 i nomenament dels membres<\/strong>&nbsp;<\/p>\n\n\n\n<ol class=\"wp-block-list\"><li>La designaci\u00f3 dels membres integrants del Consell s&#8217;efectuar\u00e0 pr\u00e8via sol\u00b7licitud a l&#8217;Ajuntament de Bunyol.&nbsp;<\/li><li>Els representants de cada entitat ciutadana o persona f\u00edsica actuaran com a vocals del Consell i posseiran, igual que el President i Secretari, veu i vot.&nbsp;<\/li><li>Com a President es designar\u00e0 a un membre de la Corporaci\u00f3 Local, nomenat i separat lliurement per l&#8217;Alcalde.&nbsp;<\/li><li>Com a Secretari actuar\u00e0 la persona designada d&#8217;entre els seus membres pel Consell Sectorial d&#8217;Esports per majoria simple&nbsp;<\/li><\/ol>\n\n\n\n<p class=\"wp-block-paragraph\"><strong>Article 7. Duraci\u00f3 del mandat<\/strong>&nbsp;<\/p>\n\n\n\n<ol class=\"wp-block-list\"><li>La duraci\u00f3 del mandat del President coincidir\u00e0 amb el que tinga l&#8217;Ajuntament, renovant-se cada quatre anys amb la celebraci\u00f3 d&#8217;Eleccions Municipals.&nbsp;<\/li><li>En el cas del Secretari el mandat coincidir\u00e0 amb la que tinga l&#8217;Ajuntament, renovant-se cada quatre anys amb la celebraci\u00f3 d&#8217;Eleccions Municipals.<\/li><li>La resta dels Vocals tindran un mandat condicionat per la lliure designaci\u00f3 de l&#8217;entitat ciutadana a la qual pertanga en el seu cas o a voluntat pr\u00f2pia en cas de persones f\u00edsiques, sent baixa per pr\u00f2pia voluntat, mitjan\u00e7ant la seua dimissi\u00f3 o per destituci\u00f3 per part de l&#8217;entitat ciutadana que ho va designar o per ser baixa aquesta entitat en el Registre Municipal d&#8217;Associacions.<\/li><\/ol>\n\n\n\n<p class=\"wp-block-paragraph\"><strong>IV. FUNCIONS I FUNCIONAMENT<\/strong><\/p>\n\n\n\n<p class=\"wp-block-paragraph\"><strong>Article 8. Funcions del President i del Secretari<\/strong><\/p>\n\n\n\n<ol class=\"wp-block-list\"><li>Corresponen al President les funcions seg\u00fcents:&nbsp;<\/li><\/ol>\n\n\n\n<ol class=\"wp-block-list\"><li>Convocar i presidir les sessions del Consell Consultiu d&#8217;Esports.&nbsp;<\/li><li>Actuar com a moderador en les sessions del Consell.&nbsp;<\/li><li>Dirimir amb el seu vot de qualitat els possibles empats en les votacions que es realitzen en cada sessi\u00f3.&nbsp;<\/li><li>Elevar propostes a l&#8217;Ajuntament acordades en el si del Consell.&nbsp;<\/li><li>Fixar l&#8217;ordre del dia per a cada sessi\u00f3, contemplant la totalitat de les propostes presentades pels vocals.<\/li><li>Corresponen al Secretari les seg\u00fcents funcions:<\/li><\/ol>\n\n\n\n<ol class=\"wp-block-list\"><li>Cursar les convocat\u00f2ries de les sessions del consell.<\/li><li>Estendre les actes de les sessions.<\/li><li>Expedir certificacions del contingut de les actes.<\/li><li>Custodiar la documentaci\u00f3 i portar el llibre d&#8217;actes del Consell ple.<\/li><li>Vetlar per la legalitat formal i material de les actuacions de l&#8217;\u00f2rgan col\u00b7legiat, i garantir que els procediments i regles de constituci\u00f3 i adopci\u00f3 d&#8217;acords s\u00f3n respectades.<\/li><\/ol>\n\n\n\n<p class=\"wp-block-paragraph\"><strong>Article 9. Funcionament del Consell<\/strong>&nbsp;<\/p>\n\n\n\n<ol class=\"wp-block-list\"><li>Es podr\u00e0 constituir, convocar, celebrar les seues sessions, adoptar acords i remetre actes tant de manera presencial com a dist\u00e0ncia.<\/li><\/ol>\n\n\n\n<ol class=\"wp-block-list\" start=\"2\"><li>En les sessions que celebre a dist\u00e0ncia, els seus membres podran trobar-se en diferents llocs sempre que s&#8217;assegure per mitjans electr\u00f2nics, considerant-se tamb\u00e9 tals els telef\u00f2nics, i audiovisuals, la identitat dels membres o persones que els suplisquen, el contingut de les seues manifestacions, el moment en qu\u00e8 aquestes es produeixen, aix\u00ed com la interactivitat i intercomunicaci\u00f3 entre ells en temps real i la disponibilitat dels mitjans durant la sessi\u00f3. Entre altres, es consideraran inclosos entre els mitjans electr\u00f2nics v\u00e0lids, el correu electr\u00f2nic, les audioconferencias i les videoconfer\u00e8ncies.<\/li><\/ol>\n\n\n\n<ol class=\"wp-block-list\" start=\"3\"><li>Les sessions del Consell seran convocades pel President amb 2 dies h\u00e0bils d&#8217;antelaci\u00f3 com a m\u00ednim, especificant el lloc, data i hora, mitjan\u00e7ant escrit dirigit a cada membre. Llevat que no resulte possible, les convocat\u00f2ries seran remeses als membres de l&#8217;\u00f2rgan col\u00b7legiat a trav\u00e9s de mitjans electr\u00f2nics, fent constar en la mateixa l&#8217;ordre del dia juntament amb la documentaci\u00f3 necess\u00e0ria per a la seua deliberaci\u00f3 quan siga possible, les condicions en les quals se celebrar\u00e0 la sessi\u00f3, el sistema de connexi\u00f3 i, en el seu cas, els llocs en qu\u00e8 estiguen disponibles els mitjans t\u00e8cnics necessaris per a assistir i participar en la reuni\u00f3.&nbsp;<\/li><li>Hi haur\u00e0 un n\u00famero m\u00ednim de 2 sessions a l&#8217;any.&nbsp;<\/li><li>Extraordin\u00e0riament, podran convocar-se altres sessions al llarg de l&#8217;any, pel President o a petici\u00f3 raonada d&#8217;una tercera part dels Vocals membres del Consell, contemplant-se un per\u00edode m\u00ednim de 2 dies h\u00e0bils entre la convocat\u00f2ria i celebraci\u00f3 de la sessi\u00f3.&nbsp;<\/li><li>Quan la convocat\u00f2ria extraordin\u00e0ria siga proposada pels Vocals membres del Consell, aquests hauran de dirigir-la per escrit al President.<\/li><li>Per a la v\u00e0lida constituci\u00f3, a l&#8217;efecte de celebraci\u00f3 de sessions, deliberacions i presa d&#8217;acords, es requerir\u00e0 la pres\u00e8ncia del President i Secretari, o en el seu cas, dels qui els suplisquen, i la de la meitat, almenys, dels seus membres.<\/li><li>Les sessions del Consell quedaran v\u00e0lidament constitu\u00efdes, en primera convocat\u00f2ria, quan conc\u00f3rreguen a ella la meitat, almenys, dels seus membres, i, en segona, qualsevol que siga el nombre de membres concurrents, havent de mediar un per\u00edode de trenta minuts entre elles.&nbsp;<\/li><li>Quan estigueren reunits, de manera presencial o a dist\u00e0ncia, el Secretari i tots els membres de l&#8217;\u00f2rgan col\u00b7legiat, o en el seu cas les persones que els suplisquen, aquests podran constituir-se v\u00e0lidament com a \u00f2rgan col\u00b7legiat per a la celebraci\u00f3 de sessions, deliberacions i adopci\u00f3 d&#8217;acords sense necessitat de convocat\u00f2ria pr\u00e8via quan aix\u00ed ho decidisquen tots els seus membres.<\/li><li>Els acords seran adoptats per majoria de vots. No podr\u00e0 ser objecte de deliberaci\u00f3 o acord cap assumpte que no figure incl\u00f2s en l&#8217;ordre del dia, llevat que assistisquen tots els membres de l&#8217;\u00f2rgan col\u00b7legiat i siga declarada la urg\u00e8ncia de l&#8217;assumpte pel vot favorable de la majoria.<\/li><li>De l&#8217;esdevingut en cada sessi\u00f3 s&#8217;estendr\u00e0 acta succinta que ser\u00e0 signada pel President i pel Secretari.&nbsp;<\/li><\/ol>\n\n\n\n<p class=\"wp-block-paragraph\"><strong>Article 10. Actes<\/strong><\/p>\n\n\n\n<ol class=\"wp-block-list\"><li>De cada sessi\u00f3 que celebre l&#8217;\u00f2rgan col\u00b7legiat s&#8217;estendr\u00e0 acta pel Secretari, que especificar\u00e0 necess\u00e0riament els assistents, l&#8217;ordre del dia de la reuni\u00f3, les circumst\u00e0ncies del lloc i temps en qu\u00e8 s&#8217;ha celebrat, els punts principals de les deliberacions, aix\u00ed com el contingut dels acords adoptats.<\/li><\/ol>\n\n\n\n<p class=\"wp-block-paragraph\">Podran gravar-se les sessions que celebre l&#8217;\u00f2rgan col\u00b7legiat. El fitxer resultant de l&#8217;enregistrament, juntament amb la certificaci\u00f3 expedida pel Secretari de l&#8217;autenticitat i integritat d&#8217;aquest, i quants documents en suport electr\u00f2nic s&#8217;utilitzaren com a documents de la sessi\u00f3, podran acompanyar a l&#8217;acta de les sessions, sense necessitat de fer constar en ella els punts principals de les deliberacions.<\/p>\n\n\n\n<ol class=\"wp-block-list\" start=\"2\"><li>L&#8217;acta de cada sessi\u00f3 podr\u00e0 aprovar-se en la mateixa reuni\u00f3 o en la immediata seg\u00fcent. El Secretari elaborar\u00e0 l&#8217;acta amb el vistiplau del President i el remetr\u00e0 a trav\u00e9s de mitjans electr\u00f2nics, als membres de l&#8217;\u00f2rgan col\u00b7legiat, els qui podran manifestar pels mateixos mitjans la seua conformitat o objeccions al text, a l&#8217;efecte de la seua aprovaci\u00f3, considerant-se, en cas afirmatiu, aprovada en la mateixa reuni\u00f3.<\/li><\/ol>\n\n\n\n<p class=\"wp-block-paragraph\">Quan s&#8217;haguera optat per l&#8217;enregistrament de les sessions celebrades o per la utilitzaci\u00f3 de documents en suport electr\u00f2nic, hauran de conservar-se de manera que es garantisca la integritat i autenticitat dels fitxers electr\u00f2nics corresponents i l&#8217;acc\u00e9s als mateixos per part dels membres de l&#8217;\u00f2rgan col\u00b7legiat.<\/p>\n\n\n\n<p class=\"wp-block-paragraph\"><strong>Article 11. Comissions de Treball<\/strong><\/p>\n\n\n\n<ol class=\"wp-block-list\"><li>Per al millor estudi dels assumptes de la compet\u00e8ncia del Consell, aquest, a proposta del president, o a iniciativa de la tercera part dels membres d&#8217;aquest, constituir\u00e0 les comissions permanents o temporals que estime oportunes. Aquestes Comissions de Treball tindran espec\u00edficament la missi\u00f3 de preparar i desenvolupar els treballs del Consell, sense perjudici d&#8217;aquells altres que reglament\u00e0riament se li atribu\u00efsquen.<\/li><li>Les Comissions estaran integrades amb els membres designats pel Consell, nomenant-se en el seu si, el president i secretari.<\/li><li>Els membres del Consell podran assistir a totes les reunions de les comissions que ho desitgen. No obstant aix\u00f2, nom\u00e9s podran actuar com a membres de ple dret en aquelles comissions a les quals estiguen adscrits.<\/li><li>Les comissions establiran el seu propi calendari de reunions i el r\u00e8gim de funcionament i les seues resolucions hauran de ser aprovades per la majoria dels seus membres. La convocat\u00f2ria de les reunions es remetr\u00e0 a tots els membres del Consell, considerant-se v\u00e0lidament constitu\u00efdes les seues sessions amb l&#8217;assist\u00e8ncia de la majoria dels seus membres. Els acords adoptats per les comissions se sotmetran al Consell. Per raons de funcionalitat, cadascuna de les comissions triar\u00e0 un ponent que informar\u00e0 sobre les seues propostes al Consell.<\/li><\/ol>\n\n\n\n<p class=\"wp-block-paragraph\"><\/p>\n","protected":false},"excerpt":{"rendered":"<div class=\"mh-excerpt\">L&#8217;Ajuntament de Bunyol, a trav\u00e9s de la regidoria d&#8217;Esports que gestiona Manuel Sierra, presenta a la ciutadania de Bunyol el reglament del Consell Sectorial Consultiu d&#8217;Esports, que queda reflectit a continuaci\u00f3, amb ell es pret\u00e9n <a class=\"mh-excerpt-more\" href=\"https:\/\/tucomarca.whitekongsoftware.com\/ca\/la-regidoria-desports-de-lajuntament-de-bunyol-elabora-el-reglament-del-consell-sectorial-consultiu-desports\/\" title=\"La regidoria d&#8217;Esports de l&#8217;Ajuntament de Bunyol elabora el reglament del Consell Sectorial Consultiu d&#8217;Esports\">[+] <\/a><\/div>\n","protected":false},"author":12,"featured_media":167307,"comment_status":"open","ping_status":"open","sticky":false,"template":"","format":"standard","meta":{"footnotes":""},"categories":[18,10911,6,11003,10894,8,10912,10,199,11009,10896,3],"tags":[10913,10385,10556,14066,10571,12022,17748,17749,10914,5952],"class_list":["post-167304","post","type-post","status-publish","format-standard","has-post-thumbnail","category-bunol","category-bunol-ca","category-deportes","category-sports","category-la-comarca-ca","category-la-comarca","category-la-hoya-ca","category-la-hoya","category-polideportivo","category-polideportivo-ca","category-seccion-ca","category-seccion","tag-bunol-ca","tag-bunol","tag-bunol-es-deporte","tag-bunol-es-deporte-ca","tag-concejalia-de-deportes-de-bunol","tag-concejalia-de-deportes-de-bunol-ca","tag-consejo-sectorial-consultivo-de-deportes","tag-consejo-sectorial-consultivo-de-deportes-ca","tag-la-hoya-de-bunol-chiva-ca","tag-la-hoya-de-bunol-chiva"],"_links":{"self":[{"href":"https:\/\/tucomarca.whitekongsoftware.com\/ca\/wp-json\/wp\/v2\/posts\/167304","targetHints":{"allow":["GET"]}}],"collection":[{"href":"https:\/\/tucomarca.whitekongsoftware.com\/ca\/wp-json\/wp\/v2\/posts"}],"about":[{"href":"https:\/\/tucomarca.whitekongsoftware.com\/ca\/wp-json\/wp\/v2\/types\/post"}],"author":[{"embeddable":true,"href":"https:\/\/tucomarca.whitekongsoftware.com\/ca\/wp-json\/wp\/v2\/users\/12"}],"replies":[{"embeddable":true,"href":"https:\/\/tucomarca.whitekongsoftware.com\/ca\/wp-json\/wp\/v2\/comments?post=167304"}],"version-history":[{"count":0,"href":"https:\/\/tucomarca.whitekongsoftware.com\/ca\/wp-json\/wp\/v2\/posts\/167304\/revisions"}],"wp:featuredmedia":[{"embeddable":true,"href":"https:\/\/tucomarca.whitekongsoftware.com\/ca\/wp-json\/wp\/v2\/media\/167307"}],"wp:attachment":[{"href":"https:\/\/tucomarca.whitekongsoftware.com\/ca\/wp-json\/wp\/v2\/media?parent=167304"}],"wp:term":[{"taxonomy":"category","embeddable":true,"href":"https:\/\/tucomarca.whitekongsoftware.com\/ca\/wp-json\/wp\/v2\/categories?post=167304"},{"taxonomy":"post_tag","embeddable":true,"href":"https:\/\/tucomarca.whitekongsoftware.com\/ca\/wp-json\/wp\/v2\/tags?post=167304"}],"curies":[{"name":"wp","href":"https:\/\/api.w.org\/{rel}","templated":true}]}}