{"id":167016,"date":"2022-09-05T09:00:00","date_gmt":"2022-09-05T07:00:00","guid":{"rendered":"https:\/\/www.tucomarca.com\/wordpress\/segunda\/?p=167016"},"modified":"2022-09-13T20:15:39","modified_gmt":"2022-09-13T18:15:39","slug":"video-utiel-acull-la-seua-10k-volta-popular-memorial-emilio-segui","status":"publish","type":"post","link":"https:\/\/tucomarca.whitekongsoftware.com\/ca\/video-utiel-acull-la-seua-10k-volta-popular-memorial-emilio-segui\/","title":{"rendered":"V\u00eddeo: Utiel acull la seua 10k Volta Popular, Memorial Emilio Segu\u00ed"},"content":{"rendered":"\n<figure class=\"wp-block-embed is-type-video is-provider-youtube wp-block-embed-youtube wp-embed-aspect-16-9 wp-has-aspect-ratio\"><div class=\"wp-block-embed__wrapper\">\n<iframe loading=\"lazy\" title=\"10k \/ XXXIV Vuelta Popular a Utiel \/ Memorial &quot;Emilio Segu\u00ed&quot;\" width=\"500\" height=\"281\" src=\"https:\/\/www.youtube.com\/embed\/09YP6OoF97I?feature=oembed\" frameborder=\"0\" allow=\"accelerometer; autoplay; clipboard-write; encrypted-media; gyroscope; picture-in-picture; web-share\" referrerpolicy=\"strict-origin-when-cross-origin\" allowfullscreen><\/iframe>\n<\/div><\/figure>\n\n\n\n<p class=\"wp-block-paragraph\">El municipi d&#8217;Utiel ha acollit aquest passat cap de setmana el seu 10k Volta Popular a Utiel, Memorial Emilio Segu\u00ed, les imatges del qual que ens va deixar la jornada podem veure resumides en aquest v\u00eddeo elaborat per l&#8217;\u00e0rea d&#8217;Esports de la Diputaci\u00f3 de Val\u00e8ncia.<\/p>\n","protected":false},"excerpt":{"rendered":"<div class=\"mh-excerpt\">El municipi d&#8217;Utiel ha acollit aquest passat cap de setmana el seu 10k Volta Popular a Utiel, Memorial Emilio Segu\u00ed, les imatges del qual que ens va deixar la jornada podem veure resumides en aquest <a class=\"mh-excerpt-more\" href=\"https:\/\/tucomarca.whitekongsoftware.com\/ca\/video-utiel-acull-la-seua-10k-volta-popular-memorial-emilio-segui\/\" title=\"V\u00eddeo: Utiel acull la seua 10k Volta Popular, Memorial Emilio Segu\u00ed\">[+] <\/a><\/div>\n","protected":false},"author":1,"featured_media":167015,"comment_status":"open","ping_status":"open","sticky":false,"template":"","format":"video","meta":{"footnotes":""},"categories":[11018,98,6,11003,10898,10894,72,10904,27,10909,10896,3,11059,29,45,11062,26],"tags":[11074,10910,11174,17743],"class_list":["post-167016","post","type-post","status-publish","format-video","has-post-thumbnail","category-atletisme","category-atletismo","category-deportes","category-sports","category-ventana-ca","category-la-comarca-ca","category-sin-categorizar","category-sin-categorizar-ca","category-requena-utiel","category-requena-utiel-ca","category-seccion-ca","category-seccion","category-utiel-ca","category-utiel","category-ventana","category-videos","category-video","tag-deportes-ca","tag-requena-utiel-ca","tag-utiel-ca","tag-vuelta-popular-ca","post_format-post-format-video"],"_links":{"self":[{"href":"https:\/\/tucomarca.whitekongsoftware.com\/ca\/wp-json\/wp\/v2\/posts\/167016","targetHints":{"allow":["GET"]}}],"collection":[{"href":"https:\/\/tucomarca.whitekongsoftware.com\/ca\/wp-json\/wp\/v2\/posts"}],"about":[{"href":"https:\/\/tucomarca.whitekongsoftware.com\/ca\/wp-json\/wp\/v2\/types\/post"}],"author":[{"embeddable":true,"href":"https:\/\/tucomarca.whitekongsoftware.com\/ca\/wp-json\/wp\/v2\/users\/1"}],"replies":[{"embeddable":true,"href":"https:\/\/tucomarca.whitekongsoftware.com\/ca\/wp-json\/wp\/v2\/comments?post=167016"}],"version-history":[{"count":0,"href":"https:\/\/tucomarca.whitekongsoftware.com\/ca\/wp-json\/wp\/v2\/posts\/167016\/revisions"}],"wp:featuredmedia":[{"embeddable":true,"href":"https:\/\/tucomarca.whitekongsoftware.com\/ca\/wp-json\/wp\/v2\/media\/167015"}],"wp:attachment":[{"href":"https:\/\/tucomarca.whitekongsoftware.com\/ca\/wp-json\/wp\/v2\/media?parent=167016"}],"wp:term":[{"taxonomy":"category","embeddable":true,"href":"https:\/\/tucomarca.whitekongsoftware.com\/ca\/wp-json\/wp\/v2\/categories?post=167016"},{"taxonomy":"post_tag","embeddable":true,"href":"https:\/\/tucomarca.whitekongsoftware.com\/ca\/wp-json\/wp\/v2\/tags?post=167016"}],"curies":[{"name":"wp","href":"https:\/\/api.w.org\/{rel}","templated":true}]}}