{"id":166988,"date":"2022-08-29T18:00:00","date_gmt":"2022-08-29T16:00:00","guid":{"rendered":"https:\/\/www.tucomarca.com\/wordpress\/segunda\/?p=166988"},"modified":"2022-09-14T15:00:10","modified_gmt":"2022-09-14T13:00:10","slug":"video-el-gran-fons-internacional-torna-als-carrers-de-setaigues","status":"publish","type":"post","link":"https:\/\/tucomarca.whitekongsoftware.com\/ca\/video-el-gran-fons-internacional-torna-als-carrers-de-setaigues\/","title":{"rendered":"Video: el Gran Fons Internacional torna als carrers de Setaig\u00fces"},"content":{"rendered":"\n<figure class=\"wp-block-embed is-type-video is-provider-youtube wp-block-embed-youtube wp-embed-aspect-16-9 wp-has-aspect-ratio\"><div class=\"wp-block-embed__wrapper\">\n<iframe loading=\"lazy\" title=\"XLI Gran Fondo Internacional de Siete Aguas \/ 20 Agosto 2022\" width=\"500\" height=\"281\" src=\"https:\/\/www.youtube.com\/embed\/STRjvmRypK4?feature=oembed\" frameborder=\"0\" allow=\"accelerometer; autoplay; clipboard-write; encrypted-media; gyroscope; picture-in-picture; web-share\" referrerpolicy=\"strict-origin-when-cross-origin\" allowfullscreen><\/iframe>\n<\/div><\/figure>\n\n\n\n<p class=\"wp-block-paragraph\">La localitat de Setaig\u00fces ha acollit aquest 20 d&#8217;agost la XLI del seu Gran Fons Internacional. Ac\u00ed us deixem un v\u00eddeo elaborat per l&#8217;\u00e0rea d&#8217;Esports de la Diputaci\u00f3 de Val\u00e8ncia, que administra el diputat Andr\u00e9s Campos.<\/p>\n","protected":false},"excerpt":{"rendered":"<div class=\"mh-excerpt\">La localitat de Setaig\u00fces ha acollit aquest 20 d&#8217;agost la XLI del seu Gran Fons Internacional. Ac\u00ed us deixem un v\u00eddeo elaborat per l&#8217;\u00e0rea d&#8217;Esports de la Diputaci\u00f3 de Val\u00e8ncia, que administra el diputat Andr\u00e9s <a class=\"mh-excerpt-more\" href=\"https:\/\/tucomarca.whitekongsoftware.com\/ca\/video-el-gran-fons-internacional-torna-als-carrers-de-setaigues\/\" title=\"Video: el Gran Fons Internacional torna als carrers de Setaig\u00fces\">[+] <\/a><\/div>\n","protected":false},"author":1,"featured_media":166987,"comment_status":"open","ping_status":"open","sticky":false,"template":"","format":"video","meta":{"footnotes":""},"categories":[11018,98,6,11003,10898,10894,8,72,10904,10912,10,10896,3,10979,12,45,26,11062],"tags":[17741,17740,5952,10914,10381,11157],"class_list":["post-166988","post","type-post","status-publish","format-video","has-post-thumbnail","category-atletisme","category-atletismo","category-deportes","category-sports","category-ventana-ca","category-la-comarca-ca","category-la-comarca","category-sin-categorizar","category-sin-categorizar-ca","category-la-hoya-ca","category-la-hoya","category-seccion-ca","category-seccion","category-siete-aguas-ca","category-siete-aguas","category-ventana","category-video","category-videos","tag-gran-fondo-internacional-ca","tag-gran-fondo-internacional","tag-la-hoya-de-bunol-chiva","tag-la-hoya-de-bunol-chiva-ca","tag-siete-aguas","tag-siete-aguas-ca","post_format-post-format-video"],"_links":{"self":[{"href":"https:\/\/tucomarca.whitekongsoftware.com\/ca\/wp-json\/wp\/v2\/posts\/166988","targetHints":{"allow":["GET"]}}],"collection":[{"href":"https:\/\/tucomarca.whitekongsoftware.com\/ca\/wp-json\/wp\/v2\/posts"}],"about":[{"href":"https:\/\/tucomarca.whitekongsoftware.com\/ca\/wp-json\/wp\/v2\/types\/post"}],"author":[{"embeddable":true,"href":"https:\/\/tucomarca.whitekongsoftware.com\/ca\/wp-json\/wp\/v2\/users\/1"}],"replies":[{"embeddable":true,"href":"https:\/\/tucomarca.whitekongsoftware.com\/ca\/wp-json\/wp\/v2\/comments?post=166988"}],"version-history":[{"count":0,"href":"https:\/\/tucomarca.whitekongsoftware.com\/ca\/wp-json\/wp\/v2\/posts\/166988\/revisions"}],"wp:featuredmedia":[{"embeddable":true,"href":"https:\/\/tucomarca.whitekongsoftware.com\/ca\/wp-json\/wp\/v2\/media\/166987"}],"wp:attachment":[{"href":"https:\/\/tucomarca.whitekongsoftware.com\/ca\/wp-json\/wp\/v2\/media?parent=166988"}],"wp:term":[{"taxonomy":"category","embeddable":true,"href":"https:\/\/tucomarca.whitekongsoftware.com\/ca\/wp-json\/wp\/v2\/categories?post=166988"},{"taxonomy":"post_tag","embeddable":true,"href":"https:\/\/tucomarca.whitekongsoftware.com\/ca\/wp-json\/wp\/v2\/tags?post=166988"}],"curies":[{"name":"wp","href":"https:\/\/api.w.org\/{rel}","templated":true}]}}