{"id":166841,"date":"2022-09-06T16:00:00","date_gmt":"2022-09-06T14:00:00","guid":{"rendered":"https:\/\/www.tucomarca.com\/wordpress\/segunda\/?p=166841"},"modified":"2022-09-13T18:55:12","modified_gmt":"2022-09-13T16:55:12","slug":"el-prya-lamenta-que-la-neteja-no-haja-sigut-la-desitjada-en-les-passades-festes-a-requena","status":"publish","type":"post","link":"https:\/\/tucomarca.whitekongsoftware.com\/ca\/el-prya-lamenta-que-la-neteja-no-haja-sigut-la-desitjada-en-les-passades-festes-a-requena\/","title":{"rendered":"El PRyA lamenta que la neteja no haja sigut la desitjada en les passades festes a Requena"},"content":{"rendered":"\n<p class=\"wp-block-paragraph\">&#8220;<strong>El govern socialista de Mario S\u00e1nchez no ha sigut capa\u00e7 de mantindre Requena neta durant la Fira i Festa de la Verema<\/strong>&#8220;, segons el PRyA.<\/p>\n\n\n\n<p class=\"wp-block-paragraph\">Des del Partit de Requena i Llogarets &#8220;venim denunciant amb insist\u00e8ncia la deixadesa del govern socialista de Requena en la neteja i manteniment del nostre municipi, la qual cosa comen\u00e7a a ser insostenible per als interessos de tots, perqu\u00e8 \u00e9s una cosa a la qual no veiem que l&#8217;alcalde Mario S\u00e1nchez estiga intentant posar soluci\u00f3&#8221;.<\/p>\n\n\n\n<p class=\"wp-block-paragraph\">Des del PRyA &#8220;creiem que la neteja de la via p\u00fablica \u00e9s una obligaci\u00f3 que el govern socialista no est\u00e0 complint, perqu\u00e8 no garanteix els serveis p\u00fablics m\u00ednims&#8221;.\u00a0<\/p>\n\n\n\n<p class=\"wp-block-paragraph\">&#8220;La falta de neteja i d&#8217;aigualeig dels nostres carrers i places a causa de la falta de personal \u00e9s una constant en \u00faltims anys de Mario S\u00e1nchez com a alcalde que, ni en la Fira i Festa de la Verema, ha sigut capa\u00e7 de garantir, tot aix\u00f2 despr\u00e9s de les nombroses peticions del PRyA sobre aquest tema&#8221;.\u00a0<\/p>\n\n\n\n<p class=\"wp-block-paragraph\">En ple de juny, des del PRyA &#8220;sol\u00b7licitem neteja extra durant les festes tant de Requena com dels llogarets, doncs b\u00e9, en la Fira i Festa de la Verema tots hem pogut veure com les papereres plenes, la brut\u00edcia en el s\u00f2l i la falta d&#8217;aigualeig amb aigua dels nostres carrers han sigut presents en les zones amb m\u00e9s esdeveniments i m\u00e9s turisme de la nostra ciutat&#8221;.\u00a0<\/p>\n\n\n\n<p class=\"wp-block-paragraph\">&#8220;El que no podem consentir des del PRyA\u00a0\u00a0\u00e9s que des del govern de PSOE i Podemos s&#8217;est\u00e0 fent gala de tindre super\u00e0vit en els comptes de l&#8217;Ajuntament quan\u00a0no es cobreixen els serveis p\u00fablics b\u00e0sics\u00a0que s\u00f3n d&#8217;obligat compliment&#8221;.\u00a0<\/p>\n\n\n\n<p class=\"wp-block-paragraph\">&#8220;L&#8217;Ajuntament de Requena\u00a0no t\u00e9 super\u00e0vit per la bona gesti\u00f3\u00a0del govern municipal, al contrari, el t\u00e9 per no gestionar les partides pressupost\u00e0ries necess\u00e0ries i per\u00a0no cobrir els serveis p\u00fablics b\u00e0sics, \u00e9s a dir, per aplicar\u00a0retallades encobertes\u00a0per a estalviara aqueixos diners i gastar-lo en l&#8217;ultime any en obres per tot el municipi de cara a les eleccions municipals de 2023. Aix\u00ed ha aconseguit el super\u00e0vit el govern socialista de Requena&#8221;.<\/p>\n\n\n\n<p class=\"wp-block-paragraph\">&#8220;Des del PRyA\u00a0\u00a0exigim a l&#8217;alcalde socialista Mario S\u00e1nchez\u00a0que cobrisca amb els diners del super\u00e0vit tots els llocs de treball necessaris\u00a0en els serveis municipals per a donar un servei de qualitat als requenenses&#8221;, han finalitzat.<\/p>\n","protected":false},"excerpt":{"rendered":"<div class=\"mh-excerpt\">&#8220;El govern socialista de Mario S\u00e1nchez no ha sigut capa\u00e7 de mantindre Requena neta durant la Fira i Festa de la Verema&#8220;, segons el PRyA. Des del Partit de Requena i Llogarets &#8220;venim denunciant amb <a class=\"mh-excerpt-more\" href=\"https:\/\/tucomarca.whitekongsoftware.com\/ca\/el-prya-lamenta-que-la-neteja-no-haja-sigut-la-desitjada-en-les-passades-festes-a-requena\/\" title=\"El PRyA lamenta que la neteja no haja sigut la desitjada en les passades festes a Requena\">[+] <\/a><\/div>\n","protected":false},"author":13,"featured_media":166847,"comment_status":"open","ping_status":"open","sticky":false,"template":"","format":"standard","meta":{"footnotes":""},"categories":[10948,8,10894,10947,28,10908,10909,27,10896,3,10897,116],"tags":[7827,12796,11099,10388,10910,10387],"class_list":["post-166841","post","type-post","status-publish","format-standard","has-post-thumbnail","category-infraestructuras-ca","category-la-comarca","category-la-comarca-ca","category-politica","category-requena","category-requena-ca","category-requena-utiel-ca","category-requena-utiel","category-seccion-ca","category-seccion","category-sucesos-la-comarca-ca","category-sucesos-la-comarca","tag-prya","tag-prya-ca","tag-requena-ca","tag-requena","tag-requena-utiel-ca","tag-requena-utiel"],"_links":{"self":[{"href":"https:\/\/tucomarca.whitekongsoftware.com\/ca\/wp-json\/wp\/v2\/posts\/166841","targetHints":{"allow":["GET"]}}],"collection":[{"href":"https:\/\/tucomarca.whitekongsoftware.com\/ca\/wp-json\/wp\/v2\/posts"}],"about":[{"href":"https:\/\/tucomarca.whitekongsoftware.com\/ca\/wp-json\/wp\/v2\/types\/post"}],"author":[{"embeddable":true,"href":"https:\/\/tucomarca.whitekongsoftware.com\/ca\/wp-json\/wp\/v2\/users\/13"}],"replies":[{"embeddable":true,"href":"https:\/\/tucomarca.whitekongsoftware.com\/ca\/wp-json\/wp\/v2\/comments?post=166841"}],"version-history":[{"count":0,"href":"https:\/\/tucomarca.whitekongsoftware.com\/ca\/wp-json\/wp\/v2\/posts\/166841\/revisions"}],"wp:featuredmedia":[{"embeddable":true,"href":"https:\/\/tucomarca.whitekongsoftware.com\/ca\/wp-json\/wp\/v2\/media\/166847"}],"wp:attachment":[{"href":"https:\/\/tucomarca.whitekongsoftware.com\/ca\/wp-json\/wp\/v2\/media?parent=166841"}],"wp:term":[{"taxonomy":"category","embeddable":true,"href":"https:\/\/tucomarca.whitekongsoftware.com\/ca\/wp-json\/wp\/v2\/categories?post=166841"},{"taxonomy":"post_tag","embeddable":true,"href":"https:\/\/tucomarca.whitekongsoftware.com\/ca\/wp-json\/wp\/v2\/tags?post=166841"}],"curies":[{"name":"wp","href":"https:\/\/api.w.org\/{rel}","templated":true}]}}