{"id":166520,"date":"2022-09-03T12:00:00","date_gmt":"2022-09-03T10:00:00","guid":{"rendered":"https:\/\/www.tucomarca.com\/wordpress\/segunda\/?p=166520"},"modified":"2022-09-14T12:07:20","modified_gmt":"2022-09-14T10:07:20","slug":"la-nit-del-labrador-ret-homenatge-a-miguel-guzman-munoz-a-requena","status":"publish","type":"post","link":"https:\/\/tucomarca.whitekongsoftware.com\/ca\/la-nit-del-labrador-ret-homenatge-a-miguel-guzman-munoz-a-requena\/","title":{"rendered":"La Nit del Labrador ret homenatge a Miguel Guzm\u00e1n Mu\u00f1oz a Requena"},"content":{"rendered":"\n<p class=\"wp-block-paragraph\">La Nit del Labrador, un acte de la tradicional Festa de la Verema de Requena, que es va celebrar divendres passat en l&#8217;emblem\u00e0tica pla\u00e7a Font de la Carrera, en l&#8217;hist\u00f2ric barri de les Penyes, va homenatjar a Miguel Guzm\u00e1n Mu\u00f1oz. Aquest requenense que \u00e9s una persona molt volguda en el municipi de Requena, ha realitzat una intensa activitat en entitats i associacions del municipi i \u00e9s l&#8217;autor de diferents treballs de recerca que ha plasmat en diversos articles.<\/p>\n\n\n\n<p class=\"wp-block-paragraph\">En l&#8217;actualitat, \u00e9s el president de la prestigiosa cooperativa Vin\u00edcola Requenense i l&#8217;encarregat de la Fundaci\u00f3 Hospital dels Pobres, de Requena.<\/p>\n\n\n\n<p class=\"wp-block-paragraph\">A la foto: Miguel Guzm\u00e1n al costat de la Reina Central de la Festa de la Verema, Marcela Iranzo G\u00f3mez. Informa, <strong>Luis Ib\u00e1\u00f1ez<\/strong>.<\/p>\n","protected":false},"excerpt":{"rendered":"<div class=\"mh-excerpt\">La Nit del Labrador, un acte de la tradicional Festa de la Verema de Requena, que es va celebrar divendres passat en l&#8217;emblem\u00e0tica pla\u00e7a Font de la Carrera, en l&#8217;hist\u00f2ric barri de les Penyes, va <a class=\"mh-excerpt-more\" href=\"https:\/\/tucomarca.whitekongsoftware.com\/ca\/la-nit-del-labrador-ret-homenatge-a-miguel-guzman-munoz-a-requena\/\" title=\"La Nit del Labrador ret homenatge a Miguel Guzm\u00e1n Mu\u00f1oz a Requena\">[+] <\/a><\/div>\n","protected":false},"author":13,"featured_media":166518,"comment_status":"open","ping_status":"open","sticky":false,"template":"","format":"standard","meta":{"footnotes":""},"categories":[10894,5,11004,11007,11008,383,10908,28,27,10909,10896,3],"tags":[1593,17682,11099,10388,10387,10910],"class_list":["post-166520","post","type-post","status-publish","format-standard","has-post-thumbnail","category-la-comarca-ca","category-la-semana-en-imagenes","category-la-semana-en-imagenes-ca","category-ocio-y-cultura-ca","category-pueblos-en-fiestas-ca","category-pueblos-en-fiestas","category-requena-ca","category-requena","category-requena-utiel","category-requena-utiel-ca","category-seccion-ca","category-seccion","tag-fiestas-vendimia","tag-fiestas-vendimia-ca","tag-requena-ca","tag-requena","tag-requena-utiel","tag-requena-utiel-ca"],"_links":{"self":[{"href":"https:\/\/tucomarca.whitekongsoftware.com\/ca\/wp-json\/wp\/v2\/posts\/166520","targetHints":{"allow":["GET"]}}],"collection":[{"href":"https:\/\/tucomarca.whitekongsoftware.com\/ca\/wp-json\/wp\/v2\/posts"}],"about":[{"href":"https:\/\/tucomarca.whitekongsoftware.com\/ca\/wp-json\/wp\/v2\/types\/post"}],"author":[{"embeddable":true,"href":"https:\/\/tucomarca.whitekongsoftware.com\/ca\/wp-json\/wp\/v2\/users\/13"}],"replies":[{"embeddable":true,"href":"https:\/\/tucomarca.whitekongsoftware.com\/ca\/wp-json\/wp\/v2\/comments?post=166520"}],"version-history":[{"count":0,"href":"https:\/\/tucomarca.whitekongsoftware.com\/ca\/wp-json\/wp\/v2\/posts\/166520\/revisions"}],"wp:featuredmedia":[{"embeddable":true,"href":"https:\/\/tucomarca.whitekongsoftware.com\/ca\/wp-json\/wp\/v2\/media\/166518"}],"wp:attachment":[{"href":"https:\/\/tucomarca.whitekongsoftware.com\/ca\/wp-json\/wp\/v2\/media?parent=166520"}],"wp:term":[{"taxonomy":"category","embeddable":true,"href":"https:\/\/tucomarca.whitekongsoftware.com\/ca\/wp-json\/wp\/v2\/categories?post=166520"},{"taxonomy":"post_tag","embeddable":true,"href":"https:\/\/tucomarca.whitekongsoftware.com\/ca\/wp-json\/wp\/v2\/tags?post=166520"}],"curies":[{"name":"wp","href":"https:\/\/api.w.org\/{rel}","templated":true}]}}