{"id":166032,"date":"2022-08-31T14:00:00","date_gmt":"2022-08-31T12:00:00","guid":{"rendered":"https:\/\/www.tucomarca.com\/wordpress\/segunda\/?p=166032"},"modified":"2022-09-14T14:05:26","modified_gmt":"2022-09-14T12:05:26","slug":"dotze-veins-desallotjats-i-una-dona-ferida-de-levetat-en-lensulsiada-del-carrer-moratin-de-bunyol","status":"publish","type":"post","link":"https:\/\/tucomarca.whitekongsoftware.com\/ca\/dotze-veins-desallotjats-i-una-dona-ferida-de-levetat-en-lensulsiada-del-carrer-moratin-de-bunyol\/","title":{"rendered":"Dotze ve\u00efns desallotjats i una dona ferida de levetat en l&#8217;ensulsiada del carrer Morat\u00edn de Bunyol"},"content":{"rendered":"\n<p class=\"wp-block-paragraph\">Dotze ve\u00efns de sis habitatges han hagut de ser desallotjats aquesta matinada a conseq\u00fc\u00e8ncia de l&#8217;ensulsiada del mur del carrer Morat\u00edn de Bunyol, situada en el barri antic i prop del castell de la localitat; i una d&#8217;elles ha resultat ferida de levitat en caure&#8217;s en un dels forats que ha deixat el mur en esfondrar-se.<\/p>\n\n\n\n<p class=\"wp-block-paragraph\">El sinistre ha tingut lloc passades les quatre del mat\u00ed, quan el mur s&#8217;ha esfondrat molt probablement a causa de les intenses pluges patides durant els \u00faltims dies.<\/p>\n\n\n\n<p class=\"wp-block-paragraph\">R\u00e0pidament s&#8217;han despla\u00e7at fins al lloc dels fets diverses unitats de Policia Local, Gu\u00e0rdia Civil i bombers que han ajudat i at\u00e9s a les fam\u00edlies durant el seu desallotjament.<\/p>\n\n\n\n<p class=\"wp-block-paragraph\">   <\/p>\n\n\n\n<figure class=\"wp-block-image size-large\"><img loading=\"lazy\" decoding=\"async\" width=\"768\" height=\"1024\" src=\"http:\/\/www.tucomarca.com\/wordpress\/segunda\/wp-content\/uploads\/2022\/08\/DerrumbeBunol2-768x1024.jpg\" alt=\"\" class=\"wp-image-166028\" srcset=\"https:\/\/tucomarca.whitekongsoftware.com\/wp-content\/uploads\/2022\/08\/DerrumbeBunol2-768x1024.jpg 768w, https:\/\/tucomarca.whitekongsoftware.com\/wp-content\/uploads\/2022\/08\/DerrumbeBunol2-225x300.jpg 225w, https:\/\/tucomarca.whitekongsoftware.com\/wp-content\/uploads\/2022\/08\/DerrumbeBunol2-1152x1536.jpg 1152w, https:\/\/tucomarca.whitekongsoftware.com\/wp-content\/uploads\/2022\/08\/DerrumbeBunol2.jpg 1536w\" sizes=\"auto, (max-width: 768px) 100vw, 768px\" \/><\/figure>\n","protected":false},"excerpt":{"rendered":"<div class=\"mh-excerpt\">Dotze ve\u00efns de sis habitatges han hagut de ser desallotjats aquesta matinada a conseq\u00fc\u00e8ncia de l&#8217;ensulsiada del mur del carrer Morat\u00edn de Bunyol, situada en el barri antic i prop del castell de la localitat; <a class=\"mh-excerpt-more\" href=\"https:\/\/tucomarca.whitekongsoftware.com\/ca\/dotze-veins-desallotjats-i-una-dona-ferida-de-levetat-en-lensulsiada-del-carrer-moratin-de-bunyol\/\" title=\"Dotze ve\u00efns desallotjats i una dona ferida de levetat en l&#8217;ensulsiada del carrer Morat\u00edn de Bunyol\">[+] <\/a><\/div>\n","protected":false},"author":1,"featured_media":166027,"comment_status":"open","ping_status":"open","sticky":false,"template":"","format":"gallery","meta":{"footnotes":""},"categories":[18,10911,10898,128,10948,10894,8,72,10904,10912,10,10896,3,10897,116,45],"tags":[10385,10913,10914,5952,10901,33],"class_list":["post-166032","post","type-post","status-publish","format-gallery","has-post-thumbnail","category-bunol","category-bunol-ca","category-ventana-ca","category-infraestructuras","category-infraestructuras-ca","category-la-comarca-ca","category-la-comarca","category-sin-categorizar","category-sin-categorizar-ca","category-la-hoya-ca","category-la-hoya","category-seccion-ca","category-seccion","category-sucesos-la-comarca-ca","category-sucesos-la-comarca","category-ventana","tag-bunol","tag-bunol-ca","tag-la-hoya-de-bunol-chiva-ca","tag-la-hoya-de-bunol-chiva","tag-sucesos-ca","tag-sucesos","post_format-post-format-gallery"],"_links":{"self":[{"href":"https:\/\/tucomarca.whitekongsoftware.com\/ca\/wp-json\/wp\/v2\/posts\/166032","targetHints":{"allow":["GET"]}}],"collection":[{"href":"https:\/\/tucomarca.whitekongsoftware.com\/ca\/wp-json\/wp\/v2\/posts"}],"about":[{"href":"https:\/\/tucomarca.whitekongsoftware.com\/ca\/wp-json\/wp\/v2\/types\/post"}],"author":[{"embeddable":true,"href":"https:\/\/tucomarca.whitekongsoftware.com\/ca\/wp-json\/wp\/v2\/users\/1"}],"replies":[{"embeddable":true,"href":"https:\/\/tucomarca.whitekongsoftware.com\/ca\/wp-json\/wp\/v2\/comments?post=166032"}],"version-history":[{"count":0,"href":"https:\/\/tucomarca.whitekongsoftware.com\/ca\/wp-json\/wp\/v2\/posts\/166032\/revisions"}],"wp:featuredmedia":[{"embeddable":true,"href":"https:\/\/tucomarca.whitekongsoftware.com\/ca\/wp-json\/wp\/v2\/media\/166027"}],"wp:attachment":[{"href":"https:\/\/tucomarca.whitekongsoftware.com\/ca\/wp-json\/wp\/v2\/media?parent=166032"}],"wp:term":[{"taxonomy":"category","embeddable":true,"href":"https:\/\/tucomarca.whitekongsoftware.com\/ca\/wp-json\/wp\/v2\/categories?post=166032"},{"taxonomy":"post_tag","embeddable":true,"href":"https:\/\/tucomarca.whitekongsoftware.com\/ca\/wp-json\/wp\/v2\/tags?post=166032"}],"curies":[{"name":"wp","href":"https:\/\/api.w.org\/{rel}","templated":true}]}}