{"id":165903,"date":"2022-08-30T13:00:00","date_gmt":"2022-08-30T11:00:00","guid":{"rendered":"https:\/\/www.tucomarca.com\/wordpress\/segunda\/?p=165903"},"modified":"2022-09-14T14:42:33","modified_gmt":"2022-09-14T12:42:33","slug":"video-resumen-asi-ha-sido-la-ofrenda-de-la-artistica-de-bunol-con-la-que-los-feos-han-inaugurado-su-dia-del-manton","status":"publish","type":"post","link":"https:\/\/tucomarca.whitekongsoftware.com\/ca\/video-resumen-asi-ha-sido-la-ofrenda-de-la-artistica-de-bunol-con-la-que-los-feos-han-inaugurado-su-dia-del-manton\/","title":{"rendered":"V\u00eddeo-resumen: aix\u00ed ha sigut l&#8217;ofrena de &#8220;L&#8217;Art\u00edstica&#8221; de Bunyol amb la cual &#8216;Los Feos&#8217; han inaugurat el seu Dia del Mant\u00f3"},"content":{"rendered":"\n<figure class=\"wp-block-embed is-type-video is-provider-youtube wp-block-embed-youtube wp-embed-aspect-16-9 wp-has-aspect-ratio\"><div class=\"wp-block-embed__wrapper\">\n<iframe loading=\"lazy\" title=\"V\u00eddeo-resumen: La ofrenda de &quot;La Art\u00edstica&quot; de Bu\u00f1ol inaugura los festejos del D\u00eda del Mant\u00f3n\" width=\"500\" height=\"281\" src=\"https:\/\/www.youtube.com\/embed\/_DmbdZ-5kdY?feature=oembed\" frameborder=\"0\" allow=\"accelerometer; autoplay; clipboard-write; encrypted-media; gyroscope; picture-in-picture; web-share\" referrerpolicy=\"strict-origin-when-cross-origin\" allowfullscreen><\/iframe>\n<\/div><\/figure>\n\n\n\n<p class=\"wp-block-paragraph\">V\u00eddeo-resumeixen elaborat per <strong>tucomarca televisi\u00f3<\/strong> de l&#8217;ofrena floral a la patrona per part de la Societat Musical &#8220;L&#8217;Art\u00edstica&#8221; de Bunyol, amb la qual s&#8217;inauguren els festejos del Dia del Mant\u00f3 de &#8220;Els Lletjos&#8221;.<\/p>\n","protected":false},"excerpt":{"rendered":"<div class=\"mh-excerpt\">V\u00eddeo-resumeixen elaborat per tucomarca televisi\u00f3 de l&#8217;ofrena floral a la patrona per part de la Societat Musical &#8220;L&#8217;Art\u00edstica&#8221; de Bunyol, amb la qual s&#8217;inauguren els festejos del Dia del Mant\u00f3 de &#8220;Els Lletjos&#8221;.<\/div>\n","protected":false},"author":1,"featured_media":165901,"comment_status":"open","ping_status":"open","sticky":false,"template":"","format":"video","meta":{"footnotes":""},"categories":[18,10911,66,11005,10898,8,10894,10904,10912,10,5,11004,11007,7,11008,383,10896,3,45,11062,26],"tags":[10385,10484,11068,5952,10914,10559,11154,12490,4894],"class_list":["post-165903","post","type-post","status-publish","format-video","has-post-thumbnail","category-bunol","category-bunol-ca","category-musica","category-canal-musica","category-ventana-ca","category-la-comarca","category-la-comarca-ca","category-sin-categorizar-ca","category-la-hoya-ca","category-la-hoya","category-la-semana-en-imagenes","category-la-semana-en-imagenes-ca","category-ocio-y-cultura-ca","category-ocio-y-cultura","category-pueblos-en-fiestas-ca","category-pueblos-en-fiestas","category-seccion-ca","category-seccion","category-ventana","category-videos","category-video","tag-bunol","tag-la-artistica","tag-la-artistica-ca","tag-la-hoya-de-bunol-chiva","tag-la-hoya-de-bunol-chiva-ca","tag-sm-la-artistica-de-bunol","tag-sm-la-artistica-de-bunol-ca","tag-sociedad-musical-ca","tag-sociedad-musical","post_format-post-format-video"],"_links":{"self":[{"href":"https:\/\/tucomarca.whitekongsoftware.com\/ca\/wp-json\/wp\/v2\/posts\/165903","targetHints":{"allow":["GET"]}}],"collection":[{"href":"https:\/\/tucomarca.whitekongsoftware.com\/ca\/wp-json\/wp\/v2\/posts"}],"about":[{"href":"https:\/\/tucomarca.whitekongsoftware.com\/ca\/wp-json\/wp\/v2\/types\/post"}],"author":[{"embeddable":true,"href":"https:\/\/tucomarca.whitekongsoftware.com\/ca\/wp-json\/wp\/v2\/users\/1"}],"replies":[{"embeddable":true,"href":"https:\/\/tucomarca.whitekongsoftware.com\/ca\/wp-json\/wp\/v2\/comments?post=165903"}],"version-history":[{"count":0,"href":"https:\/\/tucomarca.whitekongsoftware.com\/ca\/wp-json\/wp\/v2\/posts\/165903\/revisions"}],"wp:featuredmedia":[{"embeddable":true,"href":"https:\/\/tucomarca.whitekongsoftware.com\/ca\/wp-json\/wp\/v2\/media\/165901"}],"wp:attachment":[{"href":"https:\/\/tucomarca.whitekongsoftware.com\/ca\/wp-json\/wp\/v2\/media?parent=165903"}],"wp:term":[{"taxonomy":"category","embeddable":true,"href":"https:\/\/tucomarca.whitekongsoftware.com\/ca\/wp-json\/wp\/v2\/categories?post=165903"},{"taxonomy":"post_tag","embeddable":true,"href":"https:\/\/tucomarca.whitekongsoftware.com\/ca\/wp-json\/wp\/v2\/tags?post=165903"}],"curies":[{"name":"wp","href":"https:\/\/api.w.org\/{rel}","templated":true}]}}