{"id":165872,"date":"2022-08-30T13:46:00","date_gmt":"2022-08-30T11:46:00","guid":{"rendered":"https:\/\/www.tucomarca.com\/wordpress\/segunda\/?p=165872"},"modified":"2022-09-14T14:31:15","modified_gmt":"2022-09-14T12:31:15","slug":"video-la-guardia-civil-dete-a-3-persones-en-una-renyina-tumultuaria-a-xiva","status":"publish","type":"post","link":"https:\/\/tucomarca.whitekongsoftware.com\/ca\/video-la-guardia-civil-dete-a-3-persones-en-una-renyina-tumultuaria-a-xiva\/","title":{"rendered":"Video: la Gu\u00e0rdia Civil det\u00e9 a 3 persones en una renyina tumultu\u00e0ria a Xiva"},"content":{"rendered":"\n<h4 class=\"wp-block-heading\">Un dels autors va observar com els ocupants de l&#8217;altre vehicle l&#8217;amena\u00e7aven i increpaven, fins i tot un d&#8217;ells li va mostrar una arma de foc curta<\/h4>\n\n\n\n<h4 class=\"wp-block-heading\">Li van sostraure un moneder amb 500 euros que acabava de cobrar pel seu treball i, despr\u00e9s van comen\u00e7ar a ruixar-lo amb una garrafa de gasolina<\/h4>\n\n\n\n<h4 class=\"wp-block-heading\">Els agents, van inspeccionar el vehicle ressenyat i van intervindre un matxet de 50 cent\u00edmetres, un ganivet i el vehicle. A l&#8217;altra part li va ser confiscat una aixada<\/h4>\n\n\n\n<p class=\"wp-block-paragraph\">La Gu\u00e0rdia Civil de Val\u00e8ncia ha detingut a 3 persones per delictes contra la seguretat vi\u00e0ria i renyina tumultu\u00e0ria en la localitat de Xiva.<\/p>\n\n\n\n<p class=\"wp-block-paragraph\">En el dia d&#8217;ahir, a les 20.00 hores, la Gu\u00e0rdia Civil de Val\u00e8ncia va tindre coneixement d&#8217;una batussa en el nucli urb\u00e0 de la localitat de Xiva.&nbsp;<\/p>\n\n\n\n<p class=\"wp-block-paragraph\">Despr\u00e9s de les perquisicions pertinents, els agents van aconseguir localitzar i identificar als participants en la batussa. Un dels autors, un home de 27 anys va declarar que anava circulant amb la seua furgoneta i un altre vehicle el va envestir per darrere. Despr\u00e9s, va observar com els ocupants del vehicle l&#8217;amena\u00e7aven i increpaven, fins i tot un d&#8217;ells li va mostrar una arma de foc curta.&nbsp;<\/p>\n\n\n\n<p class=\"wp-block-paragraph\">A continuaci\u00f3, l&#8217;home que acabava d&#8217;amena\u00e7ar-lo amb una pistola, va baixar del cotxe amb una eina i li va agredir amb ella. Seguidament, es va baixar del vehicle el segon acompanyant i tamb\u00e9 va comen\u00e7ar a pegar-li. Llavors, li van sostraure un moneder amb 500 euros que acabava de cobrar pel seu treball i, despr\u00e9s van comen\u00e7ar a ruixar-lo amb una garrafa de gasolina. Pel que la suposada v\u00edctima, es va fer amb la citada garrafa i va decidir ser ell qui, en aquesta ocasi\u00f3, escampara el combustible als seus adversaris.<\/p>\n\n\n\n<p class=\"wp-block-paragraph\">Despr\u00e9s d&#8217;aquests fets, els agressors tornen a pujar al seu vehicle i van intentar atropellar-lo, per la qual cosa ell colpeja la lluna del cotxe amb una aixada.<\/p>\n\n\n\n<p class=\"wp-block-paragraph\">Els agents, van inspeccionar el vehicle ressenyat i van intervindre un matxet de 50 cent\u00edmetres, un ganivet i el vehicle. A l&#8217;altra part li va ser confiscada una aixada.<\/p>\n\n\n\n<p class=\"wp-block-paragraph\">Finalment, la Gu\u00e0rdia Civil de Val\u00e8ncia va aconseguir esclarir els fets. Una hora despr\u00e9s dels fets, a les 21.00 hores, els agents van procedir a la detenci\u00f3 d&#8217;un home de 37 anys, per un delicte per renyina tumultu\u00e0ria i un altre de seguretat vi\u00e0ria. Tamb\u00e9 es va detindre al seu germ\u00e0 de 32 anys per delicte per renyina tumultu\u00e0ria. A m\u00e9s, es va detindre a un home de 27 anys per un delicte per renyina tumultu\u00e0ria.&nbsp;<\/p>\n\n\n\n<p class=\"wp-block-paragraph\">Les dilig\u00e8ncies han sigut entregades als Jutjats de Primera Inst\u00e0ncia i Instrucci\u00f3 N\u00famero 4 de Requena.<\/p>\n\n\n\n<p class=\"wp-block-paragraph\"><\/p>\n\n\n\n<figure class=\"wp-block-video\"><video height=\"480\" style=\"aspect-ratio: 848 \/ 480;\" width=\"848\" controls src=\"http:\/\/www.tucomarca.com\/wordpress\/segunda\/wp-content\/uploads\/2022\/08\/ChivaGCTumulto.mp4\"><\/video><\/figure>\n\n\n\n<figure class=\"wp-block-video\"><video height=\"640\" style=\"aspect-ratio: 352 \/ 640;\" width=\"352\" controls src=\"http:\/\/www.tucomarca.com\/wordpress\/segunda\/wp-content\/uploads\/2022\/08\/ChivaGCTumulto2.mp4\"><\/video><\/figure>\n","protected":false},"excerpt":{"rendered":"<div class=\"mh-excerpt\">Un dels autors va observar com els ocupants de l&#8217;altre vehicle l&#8217;amena\u00e7aven i increpaven, fins i tot un d&#8217;ells li va mostrar una arma de foc curta Li van sostraure un moneder amb 500 euros <a class=\"mh-excerpt-more\" href=\"https:\/\/tucomarca.whitekongsoftware.com\/ca\/video-la-guardia-civil-dete-a-3-persones-en-una-renyina-tumultuaria-a-xiva\/\" title=\"Video: la Gu\u00e0rdia Civil det\u00e9 a 3 persones en una renyina tumultu\u00e0ria a Xiva\">[+] <\/a><\/div>\n","protected":false},"author":12,"featured_media":165894,"comment_status":"open","ping_status":"open","sticky":false,"template":"","format":"video","meta":{"footnotes":""},"categories":[10911,16,10898,10894,8,10904,10912,10,10896,3,10897,116,11062,10975],"tags":[17717,17718,11195,10384,11118,1098,11108,10914,5952,11129],"class_list":["post-165872","post","type-post","status-publish","format-video","has-post-thumbnail","category-bunol-ca","category-chiva","category-ventana-ca","category-la-comarca-ca","category-la-comarca","category-sin-categorizar-ca","category-la-hoya-ca","category-la-hoya","category-seccion-ca","category-seccion","category-sucesos-la-comarca-ca","category-sucesos-la-comarca","category-videos","category-chiva-ca","tag-3-detenidos","tag-3-detenidos-ca","tag-chiva-ca","tag-chiva","tag-guardia-civil-ca","tag-guardia-civil","tag-la-foia-de-bunyol-xiva","tag-la-hoya-de-bunol-chiva-ca","tag-la-hoya-de-bunol-chiva","tag-xiva","post_format-post-format-video"],"_links":{"self":[{"href":"https:\/\/tucomarca.whitekongsoftware.com\/ca\/wp-json\/wp\/v2\/posts\/165872","targetHints":{"allow":["GET"]}}],"collection":[{"href":"https:\/\/tucomarca.whitekongsoftware.com\/ca\/wp-json\/wp\/v2\/posts"}],"about":[{"href":"https:\/\/tucomarca.whitekongsoftware.com\/ca\/wp-json\/wp\/v2\/types\/post"}],"author":[{"embeddable":true,"href":"https:\/\/tucomarca.whitekongsoftware.com\/ca\/wp-json\/wp\/v2\/users\/12"}],"replies":[{"embeddable":true,"href":"https:\/\/tucomarca.whitekongsoftware.com\/ca\/wp-json\/wp\/v2\/comments?post=165872"}],"version-history":[{"count":0,"href":"https:\/\/tucomarca.whitekongsoftware.com\/ca\/wp-json\/wp\/v2\/posts\/165872\/revisions"}],"wp:featuredmedia":[{"embeddable":true,"href":"https:\/\/tucomarca.whitekongsoftware.com\/ca\/wp-json\/wp\/v2\/media\/165894"}],"wp:attachment":[{"href":"https:\/\/tucomarca.whitekongsoftware.com\/ca\/wp-json\/wp\/v2\/media?parent=165872"}],"wp:term":[{"taxonomy":"category","embeddable":true,"href":"https:\/\/tucomarca.whitekongsoftware.com\/ca\/wp-json\/wp\/v2\/categories?post=165872"},{"taxonomy":"post_tag","embeddable":true,"href":"https:\/\/tucomarca.whitekongsoftware.com\/ca\/wp-json\/wp\/v2\/tags?post=165872"}],"curies":[{"name":"wp","href":"https:\/\/api.w.org\/{rel}","templated":true}]}}