{"id":165291,"date":"2022-08-24T07:55:00","date_gmt":"2022-08-24T05:55:00","guid":{"rendered":"http:\/\/www.tucomarca.com\/wordpress\/segunda\/?p=165291"},"modified":"2022-08-24T14:27:55","modified_gmt":"2022-08-24T12:27:55","slug":"el-circuit-celebrara-cinc-caps-de-setmana-de-carreres-en-la-segona-part-de-la-temporada-2022","status":"publish","type":"post","link":"https:\/\/tucomarca.whitekongsoftware.com\/ca\/el-circuit-celebrara-cinc-caps-de-setmana-de-carreres-en-la-segona-part-de-la-temporada-2022\/","title":{"rendered":"El Circuit celebrar\u00e0 cinc caps de setmana de carreres en la segona part de la temporada 2022"},"content":{"rendered":"\n<h4 class=\"wp-block-heading\">El Gran Premi Motul de la Comunitat Valenciana se celebrar\u00e0 el 6 de novembre per a tancar el Mundial de MotoGP<\/h4>\n\n\n\n<h4 class=\"wp-block-heading\">Valentino Rossi tornar\u00e0 al Circuit Ricardo Tormo, amb el GT World Challenge, els dies 17 i 18 de setembre<\/h4>\n\n\n\n<p class=\"wp-block-paragraph\">El Circuit Ricardo Tormo celebrar\u00e0 cinc caps de setmana de carreres, en la segona part del calendari de la temporada 2022, entre els quals destaca el Gran Premi Motul de la Comunitat Valenciana, que tancar\u00e0 el Mundial de MotoGP el 6 de novembre.<\/p>\n\n\n\n<p class=\"wp-block-paragraph\">Despr\u00e9s del descans estival, les carreres de motociclisme tornaran a Cheste els dies 10 i 11 de setembre amb el Campionat Interauton\u00f2mic de Velocitat, un certamen de motociclisme de base en el qual una de les claus \u00e9s la promoci\u00f3 de pilots joves.<\/p>\n\n\n\n<p class=\"wp-block-paragraph\">Nom\u00e9s una setmana despr\u00e9s, el 17 i 18 de setembre, els millors superesportius del m\u00f3n de l\u2019automobilisme aterraran a Val\u00e8ncia per a celebrar el Fanatec GT World Challenge powered by AWS. Les entrades ja estan a la venda en el web del Circuit&nbsp;Ricardo Tormo.<\/p>\n\n\n\n<p class=\"wp-block-paragraph\">El llegendari pilot itali\u00e0 de motociclisme Valentino Rossi, que va c\u00f3rrer la seua \u00faltima carrera de MotoGP al Circuit Ricardo Tormo, torna a terres valencianes per a posar-se als comandaments de l\u2019Audi de l\u2019equip WRT. A m\u00e9s de la Sprint Cup dels GT, se celebrar\u00e0 el multitudinari Volrace GT i les proves puntuables per als campionats francesos de F\u00f3rmula 4 i Porsche Cup.<\/p>\n\n\n\n<p class=\"wp-block-paragraph\">Un certamen nou arribar\u00e0 per primera vegada a Val\u00e8ncia amb l\u2019inici del mes d\u2019octubre. Els dies 1 i 2 d\u2019octubre, la Lamera Cup celebrar\u00e0 les seues carreres de resist\u00e8ncia sobre els espectaculars cotxes de xass\u00eds tubular.<\/p>\n\n\n\n<p class=\"wp-block-paragraph\">Les motos reprendran el protagonisme una setmana abans de la celebraci\u00f3 del Gran Premi. L\u2019avantsala del Mundial de Motociclisme, el FIM JuniorGP, tancar\u00e0 la temporada en qu\u00e8 celebra el seu 25 aniversari al Circuit. Els t\u00edtols de JuniorGP, de Moto2 i de la Hawkers European Talent Cup estaran en joc els dies 29 i 30 d\u2019octubre.<\/p>\n\n\n\n<p class=\"wp-block-paragraph\">El Campionat del M\u00f3n de Motociclisme tornar\u00e0 a celebrar l\u2019\u00faltima cita de l\u2019any al Circuit Ricardo Tormo. Cheste tornar\u00e0 a decidir les classificacions finals de MotoGP, Moto2 i Moto3, i, a m\u00e9s, celebrar\u00e0 la gran final d\u2019eSports i la gala de lliurament de premis del campionat. Encara queden entrades per a assistir a un esdeveniment en el qual, en els \u00faltims anys, les graderies han estat completament plenes per a acomiadar el Mundial de MotoGP.<\/p>\n\n\n\n<p class=\"wp-block-paragraph\">A m\u00e9s, aquests mesos, una infinitat d\u2019activitats omplir\u00e0 la major part dels dies fins a final d\u2019any. Entrenaments, presentacions, escoles de conducci\u00f3, proves de productes i tandes per a aficionats ompliran d\u2019acci\u00f3 la pista de Gran Premi del Circuit.<\/p>\n","protected":false},"excerpt":{"rendered":"<div class=\"mh-excerpt\">El Gran Premi Motul de la Comunitat Valenciana se celebrar\u00e0 el 6 de novembre per a tancar el Mundial de MotoGP Valentino Rossi tornar\u00e0 al Circuit Ricardo Tormo, amb el GT World Challenge, els dies <a class=\"mh-excerpt-more\" href=\"https:\/\/tucomarca.whitekongsoftware.com\/ca\/el-circuit-celebrara-cinc-caps-de-setmana-de-carreres-en-la-segona-part-de-la-temporada-2022\/\" title=\"El Circuit celebrar\u00e0 cinc caps de setmana de carreres en la segona part de la temporada 2022\">[+] <\/a><\/div>\n","protected":false},"author":12,"featured_media":165290,"comment_status":"open","ping_status":"open","sticky":false,"template":"","format":"standard","meta":{"footnotes":""},"categories":[11019,11017,11003,10898,10894,10904,10912,11011,10896,10974],"tags":[11071,11412,11348],"class_list":["post-165291","post","type-post","status-publish","format-standard","has-post-thumbnail","category-agenda-ca","category-automovilismo-ca","category-sports","category-ventana-ca","category-la-comarca-ca","category-sin-categorizar-ca","category-la-hoya-ca","category-motociclismo-ca","category-seccion-ca","category-cheste-ca","tag-cheste","tag-circuit-ricardo-tormo-ca","tag-circuito-de-cheste-ca"],"_links":{"self":[{"href":"https:\/\/tucomarca.whitekongsoftware.com\/ca\/wp-json\/wp\/v2\/posts\/165291","targetHints":{"allow":["GET"]}}],"collection":[{"href":"https:\/\/tucomarca.whitekongsoftware.com\/ca\/wp-json\/wp\/v2\/posts"}],"about":[{"href":"https:\/\/tucomarca.whitekongsoftware.com\/ca\/wp-json\/wp\/v2\/types\/post"}],"author":[{"embeddable":true,"href":"https:\/\/tucomarca.whitekongsoftware.com\/ca\/wp-json\/wp\/v2\/users\/12"}],"replies":[{"embeddable":true,"href":"https:\/\/tucomarca.whitekongsoftware.com\/ca\/wp-json\/wp\/v2\/comments?post=165291"}],"version-history":[{"count":0,"href":"https:\/\/tucomarca.whitekongsoftware.com\/ca\/wp-json\/wp\/v2\/posts\/165291\/revisions"}],"wp:featuredmedia":[{"embeddable":true,"href":"https:\/\/tucomarca.whitekongsoftware.com\/ca\/wp-json\/wp\/v2\/media\/165290"}],"wp:attachment":[{"href":"https:\/\/tucomarca.whitekongsoftware.com\/ca\/wp-json\/wp\/v2\/media?parent=165291"}],"wp:term":[{"taxonomy":"category","embeddable":true,"href":"https:\/\/tucomarca.whitekongsoftware.com\/ca\/wp-json\/wp\/v2\/categories?post=165291"},{"taxonomy":"post_tag","embeddable":true,"href":"https:\/\/tucomarca.whitekongsoftware.com\/ca\/wp-json\/wp\/v2\/tags?post=165291"}],"curies":[{"name":"wp","href":"https:\/\/api.w.org\/{rel}","templated":true}]}}