{"id":164905,"date":"2022-08-19T14:00:00","date_gmt":"2022-08-19T12:00:00","guid":{"rendered":"http:\/\/www.tucomarca.com\/wordpress\/segunda\/?p=164905"},"modified":"2022-08-19T20:19:57","modified_gmt":"2022-08-19T18:19:57","slug":"les-festes-de-requena-comptaran-amb-dos-espectacles-musicals-gratuits-el-dijous-25-dagost","status":"publish","type":"post","link":"https:\/\/tucomarca.whitekongsoftware.com\/ca\/les-festes-de-requena-comptaran-amb-dos-espectacles-musicals-gratuits-el-dijous-25-dagost\/","title":{"rendered":"Les festes de Requena comptaran amb dos espectacles musicals gratu\u00efts el dijous 25 d&#8217;agost"},"content":{"rendered":"\n<p class=\"wp-block-paragraph\">Les persones amants dels musicals estan d&#8217;enhorabona, ja que el dijous 25 d&#8217;agost la poblaci\u00f3 acollir\u00e0 la representaci\u00f3 de dos interessants espectacles gratu\u00efts en la Pla\u00e7a Juan Grand\u00eda.<br>El primer d&#8217;ells, dirigit principalment al p\u00fablic infantil, tindr\u00e0 lloc a les 20.30 hores, i es tracta de &#8220;Magic Tribut&#8221;, un musical familiar interactiu i participatiu, que rendeix tribut als personatges i can\u00e7ons infantils dels millors cl\u00e0ssics, d&#8217;ara i de sempre.<br>Un sastre ha perdut la imaginaci\u00f3, i sembla que ja no podr\u00e0 crear m\u00e9s vestits m\u00e0gics. Per a intentar remeiar-ho, diferents personatges del m\u00f3n dels contes l&#8217;ajudaran a recuperar-la.<br>Per part seua, a les 23.30 hores, ser\u00e0 el torn del musical &#8220;The Revolution&#8221;, un nou espectacle a c\u00e0rrec de la productora Val\u00e8ncia Eventime Produccions.<br>Aquest xou ens conta una hist\u00f2ria actual utilitzant per a aix\u00f2 un format trencador, amb 14 artistes en escena i 4 altures d&#8217;escenari en la seua realitzaci\u00f3. Informa, <strong>Luis Ib\u00e1\u00f1ez<\/strong>.<\/p>\n\n\n\n<figure class=\"wp-block-image size-large\"><img loading=\"lazy\" decoding=\"async\" width=\"724\" height=\"1024\" src=\"http:\/\/www.tucomarca.com\/wordpress\/segunda\/wp-content\/uploads\/2022\/08\/RequenaFiestas2-724x1024.jpg\" alt=\"\" class=\"wp-image-164901\" srcset=\"https:\/\/tucomarca.whitekongsoftware.com\/wp-content\/uploads\/2022\/08\/RequenaFiestas2-724x1024.jpg 724w, https:\/\/tucomarca.whitekongsoftware.com\/wp-content\/uploads\/2022\/08\/RequenaFiestas2-212x300.jpg 212w, https:\/\/tucomarca.whitekongsoftware.com\/wp-content\/uploads\/2022\/08\/RequenaFiestas2-768x1086.jpg 768w, https:\/\/tucomarca.whitekongsoftware.com\/wp-content\/uploads\/2022\/08\/RequenaFiestas2-1086x1536.jpg 1086w, https:\/\/tucomarca.whitekongsoftware.com\/wp-content\/uploads\/2022\/08\/RequenaFiestas2.jpg 1448w\" sizes=\"auto, (max-width: 724px) 100vw, 724px\" \/><\/figure>\n","protected":false},"excerpt":{"rendered":"<div class=\"mh-excerpt\">Les persones amants dels musicals estan d&#8217;enhorabona, ja que el dijous 25 d&#8217;agost la poblaci\u00f3 acollir\u00e0 la representaci\u00f3 de dos interessants espectacles gratu\u00efts en la Pla\u00e7a Juan Grand\u00eda.El primer d&#8217;ells, dirigit principalment al p\u00fablic infantil, <a class=\"mh-excerpt-more\" href=\"https:\/\/tucomarca.whitekongsoftware.com\/ca\/les-festes-de-requena-comptaran-amb-dos-espectacles-musicals-gratuits-el-dijous-25-dagost\/\" title=\"Les festes de Requena comptaran amb dos espectacles musicals gratu\u00efts el dijous 25 d&#8217;agost\">[+] <\/a><\/div>\n","protected":false},"author":1,"featured_media":164900,"comment_status":"open","ping_status":"open","sticky":false,"template":"","format":"standard","meta":{"footnotes":""},"categories":[11019,10908,10909,10896],"tags":[11191,17681,11099,10910],"class_list":["post-164905","post","type-post","status-publish","format-standard","has-post-thumbnail","category-agenda-ca","category-requena-ca","category-requena-utiel-ca","category-seccion-ca","tag-fiestas-ca","tag-fiestas-de-requena-ca","tag-requena-ca","tag-requena-utiel-ca"],"_links":{"self":[{"href":"https:\/\/tucomarca.whitekongsoftware.com\/ca\/wp-json\/wp\/v2\/posts\/164905","targetHints":{"allow":["GET"]}}],"collection":[{"href":"https:\/\/tucomarca.whitekongsoftware.com\/ca\/wp-json\/wp\/v2\/posts"}],"about":[{"href":"https:\/\/tucomarca.whitekongsoftware.com\/ca\/wp-json\/wp\/v2\/types\/post"}],"author":[{"embeddable":true,"href":"https:\/\/tucomarca.whitekongsoftware.com\/ca\/wp-json\/wp\/v2\/users\/1"}],"replies":[{"embeddable":true,"href":"https:\/\/tucomarca.whitekongsoftware.com\/ca\/wp-json\/wp\/v2\/comments?post=164905"}],"version-history":[{"count":0,"href":"https:\/\/tucomarca.whitekongsoftware.com\/ca\/wp-json\/wp\/v2\/posts\/164905\/revisions"}],"wp:featuredmedia":[{"embeddable":true,"href":"https:\/\/tucomarca.whitekongsoftware.com\/ca\/wp-json\/wp\/v2\/media\/164900"}],"wp:attachment":[{"href":"https:\/\/tucomarca.whitekongsoftware.com\/ca\/wp-json\/wp\/v2\/media?parent=164905"}],"wp:term":[{"taxonomy":"category","embeddable":true,"href":"https:\/\/tucomarca.whitekongsoftware.com\/ca\/wp-json\/wp\/v2\/categories?post=164905"},{"taxonomy":"post_tag","embeddable":true,"href":"https:\/\/tucomarca.whitekongsoftware.com\/ca\/wp-json\/wp\/v2\/tags?post=164905"}],"curies":[{"name":"wp","href":"https:\/\/api.w.org\/{rel}","templated":true}]}}