{"id":164886,"date":"2022-08-25T13:00:00","date_gmt":"2022-08-25T11:00:00","guid":{"rendered":"http:\/\/www.tucomarca.com\/wordpress\/segunda\/?p=164886"},"modified":"2022-09-14T20:08:06","modified_gmt":"2022-09-14T18:08:06","slug":"el-ministeri-dagricultura-pesca-i-alimentacio-assigna-138-milions-deuros-de-la-reserva-nacional-de-pagament-basic-per-a-la-installacio-de-nous-agricultors-i-ramaders","status":"publish","type":"post","link":"https:\/\/tucomarca.whitekongsoftware.com\/ca\/el-ministeri-dagricultura-pesca-i-alimentacio-assigna-138-milions-deuros-de-la-reserva-nacional-de-pagament-basic-per-a-la-installacio-de-nous-agricultors-i-ramaders\/","title":{"rendered":"El Ministeri d&#8217;Agricultura, Pesca i Alimentaci\u00f3 assigna 13,8 milions d&#8217;euros de la reserva nacional de pagament b\u00e0sic per a la instal\u00b7laci\u00f3 de nous agricultors i ramaders"},"content":{"rendered":"\n<p class=\"wp-block-paragraph\"><strong>A la Comunitat Valenciana hi ha 128 beneficiaris de les ajudes, que entre tots sumen la quantitat de 355.282,52 euros i una superf\u00edcie de 3.224,05 hect\u00e0rees.<\/strong><\/p>\n\n\n\n<p class=\"wp-block-paragraph\">El Fons Espanyol de Garantia Agr\u00e0ria (FEGA) ha assignat 13.841.722 euros de la reserva nacional de pagament b\u00e0sic de la Pol\u00edtica Agr\u00e0ria Comuna (PAC) a 2.506 agricultors i ramaders que inicien la seua activitat, corresponents a la campanya de 2021. L&#8217;assignaci\u00f3 mitjana per beneficiari aconsegueix els 5.523,43 euros. Aquesta assignaci\u00f3 \u00e9s una de les mesures contemplades en el primer pilar de la PAC per a fer costat als joves agricultors que complisquen determinades condicions d&#8217;instal\u00b7laci\u00f3 i formaci\u00f3 establides en la normativa.<\/p>\n\n\n\n<p class=\"wp-block-paragraph\">El 85% dels beneficiaris d&#8217;aquest pagament, 2.129 agricultors i ramaders, s\u00f3n joves que han percebut una assignaci\u00f3 total d&#8217;11.825.058,48 euros (5.554,28 euros de mitjana per beneficiari). Aix\u00ed mateix, la reserva nacional de pagament b\u00e0sic ha concedit a altres agricultors i ramaders que comencen l&#8217;activitat agr\u00e0ria un total de 2.016.663,02 d&#8217;euros, a repartir entre 377 beneficiaris, la qual cosa suposa una assignaci\u00f3 mitjana de 5.349,24 EUR per beneficiari.<\/p>\n\n\n\n<p class=\"wp-block-paragraph\">A la Comunitat Valenciana hi ha 128 beneficiaris de les ajudes, que entre tots sumen la quantitat de 355.282,52 euros i una superf\u00edcie de 3.224,05 hect\u00e0rees. Informa, <strong>Luis Ib\u00e1\u00f1ez<\/strong>.<\/p>\n","protected":false},"excerpt":{"rendered":"<div class=\"mh-excerpt\">A la Comunitat Valenciana hi ha 128 beneficiaris de les ajudes, que entre tots sumen la quantitat de 355.282,52 euros i una superf\u00edcie de 3.224,05 hect\u00e0rees. El Fons Espanyol de Garantia Agr\u00e0ria (FEGA) ha assignat <a class=\"mh-excerpt-more\" href=\"https:\/\/tucomarca.whitekongsoftware.com\/ca\/el-ministeri-dagricultura-pesca-i-alimentacio-assigna-138-milions-deuros-de-la-reserva-nacional-de-pagament-basic-per-a-la-installacio-de-nous-agricultors-i-ramaders\/\" title=\"El Ministeri d&#8217;Agricultura, Pesca i Alimentaci\u00f3 assigna 13,8 milions d&#8217;euros de la reserva nacional de pagament b\u00e0sic per a la instal\u00b7laci\u00f3 de nous agricultors i ramaders\">[+] <\/a><\/div>\n","protected":false},"author":13,"featured_media":164884,"comment_status":"open","ping_status":"open","sticky":false,"template":"","format":"standard","meta":{"footnotes":""},"categories":[10905,10948,10894,10904,10947,10909,10896],"tags":[11309,11199],"class_list":["post-164886","post","type-post","status-publish","format-standard","has-post-thumbnail","category-agricultura-la-comarca-ca","category-infraestructuras-ca","category-la-comarca-ca","category-sin-categorizar-ca","category-politica","category-requena-utiel-ca","category-seccion-ca","tag-agricultura-ca","tag-la-comunitat-ca"],"_links":{"self":[{"href":"https:\/\/tucomarca.whitekongsoftware.com\/ca\/wp-json\/wp\/v2\/posts\/164886","targetHints":{"allow":["GET"]}}],"collection":[{"href":"https:\/\/tucomarca.whitekongsoftware.com\/ca\/wp-json\/wp\/v2\/posts"}],"about":[{"href":"https:\/\/tucomarca.whitekongsoftware.com\/ca\/wp-json\/wp\/v2\/types\/post"}],"author":[{"embeddable":true,"href":"https:\/\/tucomarca.whitekongsoftware.com\/ca\/wp-json\/wp\/v2\/users\/13"}],"replies":[{"embeddable":true,"href":"https:\/\/tucomarca.whitekongsoftware.com\/ca\/wp-json\/wp\/v2\/comments?post=164886"}],"version-history":[{"count":0,"href":"https:\/\/tucomarca.whitekongsoftware.com\/ca\/wp-json\/wp\/v2\/posts\/164886\/revisions"}],"wp:featuredmedia":[{"embeddable":true,"href":"https:\/\/tucomarca.whitekongsoftware.com\/ca\/wp-json\/wp\/v2\/media\/164884"}],"wp:attachment":[{"href":"https:\/\/tucomarca.whitekongsoftware.com\/ca\/wp-json\/wp\/v2\/media?parent=164886"}],"wp:term":[{"taxonomy":"category","embeddable":true,"href":"https:\/\/tucomarca.whitekongsoftware.com\/ca\/wp-json\/wp\/v2\/categories?post=164886"},{"taxonomy":"post_tag","embeddable":true,"href":"https:\/\/tucomarca.whitekongsoftware.com\/ca\/wp-json\/wp\/v2\/tags?post=164886"}],"curies":[{"name":"wp","href":"https:\/\/api.w.org\/{rel}","templated":true}]}}