{"id":164726,"date":"2022-08-17T14:30:00","date_gmt":"2022-08-17T12:30:00","guid":{"rendered":"http:\/\/www.tucomarca.com\/wordpress\/segunda\/?p=164726"},"modified":"2022-08-17T16:14:34","modified_gmt":"2022-08-17T14:14:34","slug":"tot-llest-a-bunyol-per-a-gaudir-del-ma-a-ma-el-concert-de-musica-de-bandes-mes-afamat-i-esperat-de-lany","status":"publish","type":"post","link":"https:\/\/tucomarca.whitekongsoftware.com\/ca\/tot-llest-a-bunyol-per-a-gaudir-del-ma-a-ma-el-concert-de-musica-de-bandes-mes-afamat-i-esperat-de-lany\/","title":{"rendered":"Tot llest a Bunyol per a gaudir del \u201cM\u00e0 a m\u00e0\u201d, el concert de m\u00fasica de bandes m\u00e9s afamat i esperat de l&#8217;any"},"content":{"rendered":"\n<p class=\"wp-block-paragraph\"><strong>L&#8217;Ajuntament de Bunyol i les dues bandes de m\u00fasica locals, la SM \u201cL&#8217;Art\u00edstica\u201d i el CIM \u201cL&#8217;Arm\u00f2nica\u201d, ja tenen tot llest per a l&#8217;extraordinari i esperat concerte \u201cM\u00e0 a m\u00e0\u201d que totes dues formacions oferiran a l&#8217;auditori a l&#8217;aire lliure del Passeig de Sant Llu\u00eds aquest dissabte, 20 d&#8217;agost, a partir de les 22,30 hores.<\/strong><\/p>\n\n\n\n<figure class=\"wp-block-image size-large\"><img loading=\"lazy\" decoding=\"async\" width=\"1024\" height=\"686\" src=\"http:\/\/www.tucomarca.com\/wordpress\/segunda\/wp-content\/uploads\/2022\/08\/MaM_LaArtistica-1024x686.jpg\" alt=\"\" class=\"wp-image-164705\" srcset=\"https:\/\/tucomarca.whitekongsoftware.com\/wp-content\/uploads\/2022\/08\/MaM_LaArtistica-1024x686.jpg 1024w, https:\/\/tucomarca.whitekongsoftware.com\/wp-content\/uploads\/2022\/08\/MaM_LaArtistica-300x201.jpg 300w, https:\/\/tucomarca.whitekongsoftware.com\/wp-content\/uploads\/2022\/08\/MaM_LaArtistica-768x514.jpg 768w, https:\/\/tucomarca.whitekongsoftware.com\/wp-content\/uploads\/2022\/08\/MaM_LaArtistica.jpg 1181w\" sizes=\"auto, (max-width: 1024px) 100vw, 1024px\" \/><figcaption>Banda simf\u00f2nica de la SM &#8220;L&#8217;Art\u00edstica&#8221; durant un dels \u00faltims concerts &#8220;M\u00e0 a m\u00e0&#8221;.<\/figcaption><\/figure>\n\n\n\n<p class=\"wp-block-paragraph\">Tot est\u00e0 llest ja a Bunyol per a gaudir del concert de m\u00fasica de bandes amb major renom al nostre pa\u00eds. La regidoria de Cultura de l&#8217;Ajuntament de Bunyol i les dues entitats musicals bunyolenses, la Societat Musical \u201cL&#8217;Art\u00edstica\u201d i el Centre Instructiu Musical \u201cL&#8217;Arm\u00f2nica\u201d, ultimen els detalls i realitzen els \u00faltims assajos de les obres que interpretaran en el grandi\u00f3s concerte \u201cM\u00e0 a m\u00e0\u201d que totes dues formacions musicals protagonitzaran a l&#8217;Auditori municipal a l&#8217;aire lliure del Passeig de Sant Llu\u00eds aquest dissabte, 20 d&#8217;agost, a partir de les 22,30 hores.<\/p>\n\n\n\n<figure class=\"wp-block-image size-large\"><img loading=\"lazy\" decoding=\"async\" width=\"1024\" height=\"686\" src=\"http:\/\/www.tucomarca.com\/wordpress\/segunda\/wp-content\/uploads\/2022\/08\/MaM_LaArmonica-1024x686.jpg\" alt=\"\" class=\"wp-image-164703\" srcset=\"https:\/\/tucomarca.whitekongsoftware.com\/wp-content\/uploads\/2022\/08\/MaM_LaArmonica-1024x686.jpg 1024w, https:\/\/tucomarca.whitekongsoftware.com\/wp-content\/uploads\/2022\/08\/MaM_LaArmonica-300x201.jpg 300w, https:\/\/tucomarca.whitekongsoftware.com\/wp-content\/uploads\/2022\/08\/MaM_LaArmonica-768x514.jpg 768w, https:\/\/tucomarca.whitekongsoftware.com\/wp-content\/uploads\/2022\/08\/MaM_LaArmonica.jpg 1181w\" sizes=\"auto, (max-width: 1024px) 100vw, 1024px\" \/><figcaption>Banda simf\u00f2nica del CIM &#8220;L&#8217;Arm\u00f2nica&#8221; durant un dels \u00faltims concerts &#8220;M\u00e0 a m\u00e0&#8221;.<\/figcaption><\/figure>\n\n\n\n<p class=\"wp-block-paragraph\">Dos anys despr\u00e9s que haguera de suspendre&#8217;s a conseq\u00fc\u00e8ncia de la pand\u00e8mia de covid-19, el fam\u00f3s i molt esperat concerte \u201cM\u00e0 a m\u00e0\u201d de Bunyol torna a m\u00e9s en la seua 47 edici\u00f3 amb nous protagonistes, com s\u00f3n els directors de totes dues bandes simf\u00f2niques: Mario Ortu\u00f1o al capdavant de \u201cEls Lletjos\u201d i Sa\u00fcl G\u00f3mez de \u201cEl Litre\u201d; directors que per primera vegada s&#8217;enfrontaran al repte de dirigir un dels concerts de bandes de m\u00fasica amb major renom no sols a nivell nacional sin\u00f3 tamb\u00e9 internacional.&nbsp;<\/p>\n\n\n\n<figure class=\"wp-block-image size-large\"><img loading=\"lazy\" decoding=\"async\" width=\"1024\" height=\"512\" src=\"http:\/\/www.tucomarca.com\/wordpress\/segunda\/wp-content\/uploads\/2022\/08\/MamDirectores-1024x512.jpg\" alt=\"\" class=\"wp-image-164715\" srcset=\"https:\/\/tucomarca.whitekongsoftware.com\/wp-content\/uploads\/2022\/08\/MamDirectores-1024x512.jpg 1024w, https:\/\/tucomarca.whitekongsoftware.com\/wp-content\/uploads\/2022\/08\/MamDirectores-300x150.jpg 300w, https:\/\/tucomarca.whitekongsoftware.com\/wp-content\/uploads\/2022\/08\/MamDirectores-768x384.jpg 768w, https:\/\/tucomarca.whitekongsoftware.com\/wp-content\/uploads\/2022\/08\/MamDirectores-1536x768.jpg 1536w, https:\/\/tucomarca.whitekongsoftware.com\/wp-content\/uploads\/2022\/08\/MamDirectores-2048x1024.jpg 2048w\" sizes=\"auto, (max-width: 1024px) 100vw, 1024px\" \/><figcaption>Los directores de &#8220;Los Feos&#8221;, Mario Ortu\u00f1o; y de &#8220;El Litro&#8221;, Sa\u00fcl G\u00f3mez. <\/figcaption><\/figure>\n\n\n\n<p class=\"wp-block-paragraph\">\u201cUna cita musical espectacular que a m\u00e9s es desenvolupa en un dels marcs m\u00e9s extraordinaris com \u00e9s l&#8217;auditori a l&#8217;aire lliure del Passeig de Sant Llu\u00eds de Bunyol, un bell\u00edssim i tamb\u00e9 espectacular espai excavat en la pedra toba bunyolense que ofereix una ac\u00fastica sensacional\u201d, com ha posat de manifest la regidora de Cultura de l&#8217;Ajuntament de Bunyol, Mireia Parla.<\/p>\n\n\n\n<p class=\"wp-block-paragraph\">Els periodistes Rosa Romero i Chimo Masmano seran els encarregats de presentar una vetlada que obrir\u00e0 la banda simf\u00f2nica de la SM \u201cL&#8217;Art\u00edstica\u201d sota el suggeridor ep\u00edgraf \u201cArriba l&#8217;estiu\u201d, amb un repertori compost per <em>Divertimento<\/em>, d&#8217;Oliver Waespi; l&#8217;espectacular suite <em>Els trois notes du Japan<\/em>, de Toshio Mashima; i pel monumental primer moviment de la <em>Symphony n\u00fam. 3<\/em>, de Gustav Mahler, amb transcripci\u00f3 de Cristian Garc\u00eda Gonz\u00e1lez.&nbsp;<\/p>\n\n\n\n<p class=\"wp-block-paragraph\">Mentre que el CIM \u201cLa Arm\u00f3nica\u201d la seua participaci\u00f3 en la segona part del \u201cM\u00e0 a m\u00e0\u201d 2022 amb el preci\u00f3s pasdoble en honor al 75 aniversari de la festa de l&#8217;entitat, <em>Paso al Litro<\/em>, de Roque Ba\u00f1os; continuar\u00e0 amb la transcripci\u00f3 per a banda de Roberto For\u00e9s del poema simf\u00f2nic <em>Fiestas romanas<\/em>, de Ottorino Respighi; i finalitzar\u00e0 la seua actuaci\u00f3 amb l&#8217;estrena de <em>Lightfall<\/em>, <em>Sinfon\u00eda n\u00famero IIII,<\/em> de Stephen Melillo, compositor que a m\u00e9s ha confirmat la seua pres\u00e8ncia a l&#8217;auditori.<\/p>\n\n\n\n<p class=\"wp-block-paragraph\">El concert es donar\u00e0 per concl\u00f2s amb la interpretaci\u00f3 de l&#8217;Himne a Bunyol, de Manuel Chillida i Guzm\u00e1n C\u00e1rcel, que ser\u00e0 dirigit pel President d&#8217;Honor d&#8217;enguany, el m\u00fasic, director i compositor alacant\u00ed Rafael Pascual Vilaplana.<\/p>\n\n\n\n<p class=\"wp-block-paragraph\"><strong>Un aforament al complet<\/strong><\/p>\n\n\n\n<p class=\"wp-block-paragraph\">La regidora de Cultura de l&#8217;Ajuntament de Bunyol, Mireia Parla, ha avan\u00e7at que l&#8217;auditori a l&#8217;aire lliure de Sant Llu\u00eds, que compta amb un aforament de 2.400 butaques, \u201cmolt probablement oferir\u00e0 un aspecte impressionant, at\u00e9s que la venda d&#8217;entrades marxa a molt bon ritme i molt probablement estar\u00e0 al complet. Encara que per a qui encara no haja aconseguit la seua entrada encara pot fer-ho a m\u00e9s d&#8217;en taquilla aqueixa mateixa nit, anticipadament fins a les 14,00 hores d&#8217;aquest dijous, 18 d&#8217;agost, escrivint als correus electr\u00f2nics Sociedad@laartistica.org o Sociedad@cimarmonica.es. I fins i tot encara es poden comprar f\u00edsicament les entrades el dia 18 d&#8217;agost a la Sala El Mercat de Bunyol en horari de 19,00 a 21,00 hores\u201d.<\/p>\n\n\n\n<figure class=\"wp-block-image size-large\"><img loading=\"lazy\" decoding=\"async\" width=\"1024\" height=\"1024\" src=\"http:\/\/www.tucomarca.com\/wordpress\/segunda\/wp-content\/uploads\/2022\/08\/MaM_MireiaParla-1024x1024.jpg\" alt=\"\" class=\"wp-image-164709\" srcset=\"https:\/\/tucomarca.whitekongsoftware.com\/wp-content\/uploads\/2022\/08\/MaM_MireiaParla-1024x1024.jpg 1024w, https:\/\/tucomarca.whitekongsoftware.com\/wp-content\/uploads\/2022\/08\/MaM_MireiaParla-300x300.jpg 300w, https:\/\/tucomarca.whitekongsoftware.com\/wp-content\/uploads\/2022\/08\/MaM_MireiaParla-290x290.jpg 290w, https:\/\/tucomarca.whitekongsoftware.com\/wp-content\/uploads\/2022\/08\/MaM_MireiaParla-768x768.jpg 768w, https:\/\/tucomarca.whitekongsoftware.com\/wp-content\/uploads\/2022\/08\/MaM_MireiaParla.jpg 1181w\" sizes=\"auto, (max-width: 1024px) 100vw, 1024px\" \/><figcaption>La concejala de Cultura del Ayuntamiento de Bu\u00f1ol, Mireia Parla.<\/figcaption><\/figure>\n\n\n\n<p class=\"wp-block-paragraph\">\u201cEstem davant una cita que els bons amants de la m\u00fasica de banda no es poden perdre i al qual s&#8217;ha d&#8217;assistir per a gaudir de l&#8217;ess\u00e8ncia del concert \u2018M\u00e0 a m\u00e0\u2019 amb els m\u00e9s de 150 m\u00fasics damunt de l&#8217;escenari\u201d, com ha subratllat Mireia Parla; qui ha avan\u00e7at que una altra de les novetats d&#8217;enguany \u00e9s \u201cla cessi\u00f3 d&#8217;entrades gratu\u00eftes per als conservatoris de m\u00fasica de diferents poblacions, entre ells el de Bunyol, perqu\u00e8 els joves estudiants i futurs professionals de la m\u00fasica puguen tamb\u00e9 viure l&#8217;emoci\u00f3 d&#8217;aquest concert en directe i els anime i ajude a progressar en els seus estudis\u201d.&nbsp;<\/p>\n\n\n\n<p class=\"wp-block-paragraph\">Per a finalitzar, la regidora de Cultura de l&#8217;Ajuntament de Bunyol ha volgut \u201cconvidar a tots els amants de la bona m\u00fasica a una cita ineludible com \u00e9s el concert \u2018M\u00e0 a m\u00e0\u2019 de Bunyol que en aquesta la seua 47 edici\u00f3 les dues societats musicals bunyolenses tenen m\u00e9s ganes i il\u00b7lusi\u00f3 que mai de pujar-se a un escenari en una nit que segur que ser\u00e0 inoblidable\u201d.&nbsp;<\/p>\n\n\n\n<p class=\"wp-block-paragraph\">La programaci\u00f3 del 47 concerte \u201cM\u00e0 a m\u00e0\u201d de Bunyol aix\u00ed com m\u00e9s detalls sobre totes dues formacions musicals protagonistes o els seus directors pot consultar-se en la p\u00e0gina web <em><a href=\"http:\/\/conciertomanoamano.es\">conciertomanoamano.es<\/a>.<\/em><\/p>\n","protected":false},"excerpt":{"rendered":"<div class=\"mh-excerpt\">L&#8217;Ajuntament de Bunyol i les dues bandes de m\u00fasica locals, la SM \u201cL&#8217;Art\u00edstica\u201d i el CIM \u201cL&#8217;Arm\u00f2nica\u201d, ja tenen tot llest per a l&#8217;extraordinari i esperat concerte \u201cM\u00e0 a m\u00e0\u201d que totes dues formacions oferiran <a class=\"mh-excerpt-more\" href=\"https:\/\/tucomarca.whitekongsoftware.com\/ca\/tot-llest-a-bunyol-per-a-gaudir-del-ma-a-ma-el-concert-de-musica-de-bandes-mes-afamat-i-esperat-de-lany\/\" title=\"Tot llest a Bunyol per a gaudir del \u201cM\u00e0 a m\u00e0\u201d, el concert de m\u00fasica de bandes m\u00e9s afamat i esperat de l&#8217;any\">[+] <\/a><\/div>\n","protected":false},"author":1,"featured_media":164716,"comment_status":"open","ping_status":"open","sticky":false,"template":"","format":"standard","meta":{"footnotes":""},"categories":[10911,11005,10898,10894,10904,10912,11007,10896],"tags":[10913,11209,11764,12193,11772,10914,17664,11765,11154],"class_list":["post-164726","post","type-post","status-publish","format-standard","has-post-thumbnail","category-bunol-ca","category-canal-musica","category-ventana-ca","category-la-comarca-ca","category-sin-categorizar-ca","category-la-hoya-ca","category-ocio-y-cultura-ca","category-seccion-ca","tag-bunol-ca","tag-cim-la-armonica-de-bunol-ca","tag-concierto-ca","tag-concierto-mano-a-mano-ca","tag-feos-ca","tag-la-hoya-de-bunol-chiva-ca","tag-litros-ca","tag-mano-a-mano-ca","tag-sm-la-artistica-de-bunol-ca"],"_links":{"self":[{"href":"https:\/\/tucomarca.whitekongsoftware.com\/ca\/wp-json\/wp\/v2\/posts\/164726","targetHints":{"allow":["GET"]}}],"collection":[{"href":"https:\/\/tucomarca.whitekongsoftware.com\/ca\/wp-json\/wp\/v2\/posts"}],"about":[{"href":"https:\/\/tucomarca.whitekongsoftware.com\/ca\/wp-json\/wp\/v2\/types\/post"}],"author":[{"embeddable":true,"href":"https:\/\/tucomarca.whitekongsoftware.com\/ca\/wp-json\/wp\/v2\/users\/1"}],"replies":[{"embeddable":true,"href":"https:\/\/tucomarca.whitekongsoftware.com\/ca\/wp-json\/wp\/v2\/comments?post=164726"}],"version-history":[{"count":0,"href":"https:\/\/tucomarca.whitekongsoftware.com\/ca\/wp-json\/wp\/v2\/posts\/164726\/revisions"}],"wp:featuredmedia":[{"embeddable":true,"href":"https:\/\/tucomarca.whitekongsoftware.com\/ca\/wp-json\/wp\/v2\/media\/164716"}],"wp:attachment":[{"href":"https:\/\/tucomarca.whitekongsoftware.com\/ca\/wp-json\/wp\/v2\/media?parent=164726"}],"wp:term":[{"taxonomy":"category","embeddable":true,"href":"https:\/\/tucomarca.whitekongsoftware.com\/ca\/wp-json\/wp\/v2\/categories?post=164726"},{"taxonomy":"post_tag","embeddable":true,"href":"https:\/\/tucomarca.whitekongsoftware.com\/ca\/wp-json\/wp\/v2\/tags?post=164726"}],"curies":[{"name":"wp","href":"https:\/\/api.w.org\/{rel}","templated":true}]}}