{"id":164698,"date":"2022-08-16T16:00:00","date_gmt":"2022-08-16T14:00:00","guid":{"rendered":"http:\/\/www.tucomarca.com\/wordpress\/segunda\/?p=164698"},"modified":"2022-08-17T14:04:56","modified_gmt":"2022-08-17T12:04:56","slug":"sanitat-notifica-13-defuncions-i-1-761-nous-casos-de-coronavirus-en-la-comunitat-valenciana-932-dells-en-majors-de-60-anys","status":"publish","type":"post","link":"https:\/\/tucomarca.whitekongsoftware.com\/ca\/sanitat-notifica-13-defuncions-i-1-761-nous-casos-de-coronavirus-en-la-comunitat-valenciana-932-dells-en-majors-de-60-anys\/","title":{"rendered":"Sanitat notifica 13 defuncions i 1.761 nous casos de coronavirus en la Comunitat Valenciana, 932 d&#8217;ells en majors de 60 anys"},"content":{"rendered":"\n<h4 class=\"wp-block-heading\">Els hospitals valencians tenen a 768 persones ingressades per COVID-19, 45 d&#8217;elles en l&#8217;UCI<\/h4>\n\n\n\n<p class=\"wp-block-paragraph\">La Conselleria de Sanitat Universal i Salut P\u00fablica ha notificat un total de 1.761 nous casos de coronavirus confirmats per prova PCR o a trav\u00e9s de test d&#8217;ant\u00edgens des de l&#8217;\u00faltima actualitzaci\u00f3. Els nous casos per prov\u00edncies s\u00f3n 311 a Castell\u00f3 (189.102 en total), 522 a Alacant (523.647 en total) i 928 a Val\u00e8ncia (825.717 en total).<\/p>\n\n\n\n<p class=\"wp-block-paragraph\">D&#8217;ells, 932 s\u00f3n de persones majors de 60 anys. Per prov\u00edncies: 170 de Castell\u00f3, 296 d&#8217;Alacant i 466 de Val\u00e8ncia.<\/p>\n\n\n\n<p class=\"wp-block-paragraph\">Els hospitals valencians tenen actualment a 768 persones ingressades per COVID-19, 45 d&#8217;elles en l&#8217;UCI: 125 a la prov\u00edncia de Castell\u00f3, 4 en UCI; 243 a la prov\u00edncia d&#8217;Alacant, 11 d&#8217;elles en l&#8217;UCI, i 400 a la prov\u00edncia de Val\u00e8ncia, 30 en UCI.<\/p>\n\n\n\n<p class=\"wp-block-paragraph\">S&#8217;han notificat 13 defuncions per coronavirus des de l&#8217;\u00faltima actualitzaci\u00f3, tots amb data de defunci\u00f3 en els \u00faltims 7 dies. Es tracta de 6 dones, d&#8217;entre 59 i 96 anys, i 7 homes, d&#8217;entre 78 i 94 anys. El total de decessos des de l&#8217;inici de la pand\u00e8mia ascendeix a 9.901: 1.171 a la prov\u00edncia de Castell\u00f3, 3.775 en la d&#8217;Alacant i 4.955 en la de Val\u00e8ncia.<\/p>\n\n\n\n<p class=\"wp-block-paragraph\"><\/p>\n","protected":false},"excerpt":{"rendered":"<div class=\"mh-excerpt\">Els hospitals valencians tenen a 768 persones ingressades per COVID-19, 45 d&#8217;elles en l&#8217;UCI La Conselleria de Sanitat Universal i Salut P\u00fablica ha notificat un total de 1.761 nous casos de coronavirus confirmats per prova <a class=\"mh-excerpt-more\" href=\"https:\/\/tucomarca.whitekongsoftware.com\/ca\/sanitat-notifica-13-defuncions-i-1-761-nous-casos-de-coronavirus-en-la-comunitat-valenciana-932-dells-en-majors-de-60-anys\/\" title=\"Sanitat notifica 13 defuncions i 1.761 nous casos de coronavirus en la Comunitat Valenciana, 932 d&#8217;ells en majors de 60 anys\">[+] <\/a><\/div>\n","protected":false},"author":12,"featured_media":164697,"comment_status":"open","ping_status":"open","sticky":false,"template":"","format":"standard","meta":{"footnotes":""},"categories":[11010,12202,10898,10948,10894,10903,10947,10896,10897],"tags":[11939,16107,11940,13477,10914,16061,17474],"class_list":["post-164698","post","type-post","status-publish","format-standard","has-post-thumbnail","category-canal-salud","category-covid-19-ca","category-ventana-ca","category-infraestructuras-ca","category-la-comarca-ca","category-medio-ambiente-la-comarca-ca","category-politica","category-seccion-ca","category-sucesos-la-comarca-ca","tag-coronavirus-ca","tag-covid-ca","tag-covid-19-ca","tag-datos-de-contagios-ca","tag-la-hoya-de-bunol-chiva-ca","tag-omicron-ca","tag-septima-ola-ca"],"_links":{"self":[{"href":"https:\/\/tucomarca.whitekongsoftware.com\/ca\/wp-json\/wp\/v2\/posts\/164698","targetHints":{"allow":["GET"]}}],"collection":[{"href":"https:\/\/tucomarca.whitekongsoftware.com\/ca\/wp-json\/wp\/v2\/posts"}],"about":[{"href":"https:\/\/tucomarca.whitekongsoftware.com\/ca\/wp-json\/wp\/v2\/types\/post"}],"author":[{"embeddable":true,"href":"https:\/\/tucomarca.whitekongsoftware.com\/ca\/wp-json\/wp\/v2\/users\/12"}],"replies":[{"embeddable":true,"href":"https:\/\/tucomarca.whitekongsoftware.com\/ca\/wp-json\/wp\/v2\/comments?post=164698"}],"version-history":[{"count":0,"href":"https:\/\/tucomarca.whitekongsoftware.com\/ca\/wp-json\/wp\/v2\/posts\/164698\/revisions"}],"wp:featuredmedia":[{"embeddable":true,"href":"https:\/\/tucomarca.whitekongsoftware.com\/ca\/wp-json\/wp\/v2\/media\/164697"}],"wp:attachment":[{"href":"https:\/\/tucomarca.whitekongsoftware.com\/ca\/wp-json\/wp\/v2\/media?parent=164698"}],"wp:term":[{"taxonomy":"category","embeddable":true,"href":"https:\/\/tucomarca.whitekongsoftware.com\/ca\/wp-json\/wp\/v2\/categories?post=164698"},{"taxonomy":"post_tag","embeddable":true,"href":"https:\/\/tucomarca.whitekongsoftware.com\/ca\/wp-json\/wp\/v2\/tags?post=164698"}],"curies":[{"name":"wp","href":"https:\/\/api.w.org\/{rel}","templated":true}]}}